{"id":2118,"date":"2026-05-23T09:53:52","date_gmt":"2026-05-23T09:53:52","guid":{"rendered":"https:\/\/turkiyemhaber.com\/?p=2118"},"modified":"2026-05-23T09:53:56","modified_gmt":"2026-05-23T09:53:56","slug":"pedro-sanchezin-baskanligini-yaptigi-sosyalist-enternasyonalden-mutlak-butlan-kararina-tepki","status":"publish","type":"post","link":"https:\/\/turkiyemhaber.com\/?p=2118","title":{"rendered":"Pedro Sanchez&#8217;in ba\u015fkanl\u0131\u011f\u0131n\u0131 yapt\u0131\u011f\u0131 Sosyalist Enternasyonal&#8217;den mutlak butlan karar\u0131na tepki"},"content":{"rendered":"\n<p class=\"wp-block-paragraph\">CHP&#8217;nin 38. Ola\u011fan Kurultay\u0131&#8217;n\u0131n mahkeme karar\u0131yla iptal edilmesinin ard\u0131ndan bir tepki de \u0130spanya Ba\u015fbakan\u0131 Pedro Sanchez&#8217;den geldi. S\u00e1nchez&#8217;in ba\u015fkanl\u0131\u011f\u0131n\u0131 yapt\u0131\u011f\u0131 Sosyalist Enternasyonal&#8217;den yap\u0131lan a\u00e7\u0131klamada butlan karar\u0131 i\u00e7in &#8220;Bu, demokratik bir sistemin alay konusu yap\u0131lmas\u0131d\u0131r&#8221; ifadeleri kullan\u0131ld\u0131.<\/p>\n\n\n\n<p class=\"wp-block-paragraph\">Ankara 36. B\u00f6lge Adliye Mahkemesi\u2019nin 4-5 Kas\u0131m 2023\u2019te ger\u00e7ekle\u015fen CHP 38. Ola\u011fan Kurultay\u0131\u2019n\u0131, &#8220;\u015faibe&#8221; ve &#8220;delegelerin iradesinin sakatlanmas\u0131&#8221; nedeniyle ge\u00e7ersiz saymas\u0131, sadece T\u00fcrkiye\u2019de de\u011fil, uluslararas\u0131 kamuoyunda da geni\u015f yank\u0131 buldu. Kararla birlikte CHP&#8217;nin se\u00e7ilmi\u015f y\u00f6netimi ve Genel Ba\u015fkan\u0131 \u00d6zg\u00fcr \u00d6zel\u2019in yetkileri tedbiren kald\u0131r\u0131ld\u0131.<\/p>\n\n\n\n<h3 class=\"wp-block-heading\">\u0130SPANYA BA\u015eKANI PEDRO&#8217;NUN BA\u015eKANLI\u011eINI YAPTI\u011eI SOSYAL\u0130ST ENTERNASYONAL KARAR TEPK\u0130 G\u00d6STERD\u0130<\/h3>\n\n\n\n<p class=\"wp-block-paragraph\">\u0130spanya Ba\u015fbakan\u0131 Pedro S\u00e1nchez\u2019in liderli\u011fini yapt\u0131\u011f\u0131, merkezi \u0130spanya&#8217;da bulunan Sosyalist Enternasyonal, geli\u015fmeye ili\u015fkin yapt\u0131\u011f\u0131 resmi a\u00e7\u0131klamada, karara tepki g\u00f6stererek&nbsp; CHP ve \u00d6zg\u00fcr \u00d6zel\u2019e destek verildi\u011fi duyuruldu.<\/p>\n\n\n\n<p class=\"wp-block-paragraph\">Sosyalist Enternasyonal ise T\u00fcrkiye&#8217;deki \u2018mutlak butlan\u2019 karar\u0131n\u0131 \u201ctamamen hukuka ayk\u0131r\u0131\u201d \u015feklinde nitelendirirken, \u015fu ifadelere yer verdi:<\/p>\n\n\n\n<p class=\"wp-block-paragraph\">\u201cBu karar, T\u00fcrkiye\u2019nin demokratik sistemine indirilmi\u015f bir darbedir. Ayn\u0131 zamanda Ekrem \u0130mamo\u011flu\u2019na y\u00f6nelik benzeri g\u00f6r\u00fclmemi\u015f yasa\u011f\u0131n da devam\u0131d\u0131r. T\u00fcrkiye karanl\u0131k bir d\u00f6neme giriyor. Ana muhalefet partisini ortadan kald\u0131rmak i\u00e7in iyi haz\u0131rlanm\u0131\u015f bir plan. Otoriter bir sistemin yol haritas\u0131. AB, art\u0131k k\u00f6r ve sessiz kalamaz. T\u00fcrk yetkililer, adaleti bu \u015fekilde silahland\u0131rarak, muhalefetin \u2018yeni\u2019 liderini, y\u00fczy\u0131ll\u0131k CHP\u2019nin kayyumu olarak atam\u0131\u015f gibi davran\u0131yorlar. Bu, demokratik bir sistemin alay konusu yap\u0131lmas\u0131d\u0131r.\u201d<\/p>\n\n\n\n<p class=\"wp-block-paragraph\">A\u00e7\u0131klamada ayr\u0131ca, Sosyalist Enternasyonal\u2019in CHP ve mevcut y\u00f6netimiyle dayan\u0131\u015fma i\u00e7inde oldu\u011fu ve demokrasiye sahip \u00e7\u0131kacaklar\u0131n\u0131 belirten mesajlar yer ald\u0131.<\/p>\n\n\n\n<h3 class=\"wp-block-heading\">BAH\u00c7EL\u0130 VE ERDO\u011eAN \u00d6VM\u00dc\u015eT\u00dc<\/h3>\n\n\n\n<p class=\"wp-block-paragraph\">Ge\u00e7ti\u011fimiz aylarda Cumhurba\u015fkan\u0131 Recep Tayyip Erdo\u011fan, Pedro S\u00e1nchez\u2019e \u201cde\u011ferli dostum\u201d ve \u201ckarde\u015fim\u201d \u015feklinde hitap ederek, \u00f6zellikle S\u00e1nchez\u2019in Filistin meselesinde \u0130srail&#8217;e kar\u015f\u0131 sergiledi\u011fi net tutumu \u00f6vm\u00fc\u015ft\u00fc. MHP Genel Ba\u015fkan\u0131 Devlet Bah\u00e7eli de 24 Mart 2026\u2019daki a\u00e7\u0131klamas\u0131nda, S\u00e1nchez\u2019in tutumunun t\u00fcm M\u00fcsl\u00fcman \u00fclkeler i\u00e7in \u00f6rnek te\u015fkil etti\u011fini savunmu\u015ftu.<\/p>\n","protected":false},"excerpt":{"rendered":"<p>CHP&#8217;nin 38. Ola\u011fan Kurultay\u0131&#8217;n\u0131n mahkeme karar\u0131yla iptal edilmesinin ard\u0131ndan bir tepki de \u0130spanya Ba\u015fbakan\u0131 Pedro<\/p>\n","protected":false},"author":1,"featured_media":2119,"comment_status":"open","ping_status":"open","sticky":false,"template":"","format":"standard","meta":{"_rtcl_gb_attr":"","footnotes":""},"categories":[44],"tags":[],"class_list":["post-2118","post","type-post","status-publish","format-standard","has-post-thumbnail","hentry","category-politika"],"_links":{"self":[{"href":"https:\/\/turkiyemhaber.com\/index.php?rest_route=\/wp\/v2\/posts\/2118","targetHints":{"allow":["GET"]}}],"collection":[{"href":"https:\/\/turkiyemhaber.com\/index.php?rest_route=\/wp\/v2\/posts"}],"about":[{"href":"https:\/\/turkiyemhaber.com\/index.php?rest_route=\/wp\/v2\/types\/post"}],"author":[{"embeddable":true,"href":"https:\/\/turkiyemhaber.com\/index.php?rest_route=\/wp\/v2\/users\/1"}],"replies":[{"embeddable":true,"href":"https:\/\/turkiyemhaber.com\/index.php?rest_route=%2Fwp%2Fv2%2Fcomments&post=2118"}],"version-history":[{"count":1,"href":"https:\/\/turkiyemhaber.com\/index.php?rest_route=\/wp\/v2\/posts\/2118\/revisions"}],"predecessor-version":[{"id":2120,"href":"https:\/\/turkiyemhaber.com\/index.php?rest_route=\/wp\/v2\/posts\/2118\/revisions\/2120"}],"wp:featuredmedia":[{"embeddable":true,"href":"https:\/\/turkiyemhaber.com\/index.php?rest_route=\/wp\/v2\/media\/2119"}],"wp:attachment":[{"href":"https:\/\/turkiyemhaber.com\/index.php?rest_route=%2Fwp%2Fv2%2Fmedia&parent=2118"}],"wp:term":[{"taxonomy":"category","embeddable":true,"href":"https:\/\/turkiyemhaber.com\/index.php?rest_route=%2Fwp%2Fv2%2Fcategories&post=2118"},{"taxonomy":"post_tag","embeddable":true,"href":"https:\/\/turkiyemhaber.com\/index.php?rest_route=%2Fwp%2Fv2%2Ftags&post=2118"}],"curies":[{"name":"wp","href":"https:\/\/api.w.org\/{rel}","templated":true}]}}