{"id":2115,"date":"2026-05-23T09:48:43","date_gmt":"2026-05-23T09:48:43","guid":{"rendered":"https:\/\/turkiyemhaber.com\/?p=2115"},"modified":"2026-05-23T09:48:46","modified_gmt":"2026-05-23T09:48:46","slug":"firari-umut-altasin-gozaltina-alindigi-anlar-ortaya-cikti","status":"publish","type":"post","link":"https:\/\/turkiyemhaber.com\/?p=2115","title":{"rendered":"Firari Umut Alta\u015f&#8217;\u0131n g\u00f6zalt\u0131na al\u0131nd\u0131\u011f\u0131 anlar ortaya \u00e7\u0131kt\u0131"},"content":{"rendered":"\n<p class=\"wp-block-paragraph\">Tunceli\u2019de 2020 y\u0131l\u0131ndan bu yana kay\u0131p olan G\u00fclistan Doku soru\u015fturmas\u0131nda k\u0131rm\u0131z\u0131 b\u00fcltenle aranan \u015f\u00fcpheli Umut Alta\u015f\u2019\u0131n, ABD\u2019nin New York kentinde g\u00f6zalt\u0131na al\u0131nd\u0131\u011f\u0131 anlara ait g\u00f6r\u00fcnt\u00fcler ortaya \u00e7\u0131kt\u0131. G\u00f6r\u00fcnt\u00fclerde Alta\u015f\u2019\u0131n bir kafede oturdu\u011fu s\u0131rada sivil polisler taraf\u0131ndan kelep\u00e7elenerek g\u00f6t\u00fcr\u00fcld\u00fc\u011f\u00fc g\u00f6r\u00fcld\u00fc. Adalet Bakan\u0131 Ak\u0131n G\u00fcrlek Alta\u015f i\u00e7in &#8220;Cinayeti \u00e7\u00f6zecek ki\u015fi&#8221; demi\u015fti.<\/p>\n\n\n\n<p class=\"wp-block-paragraph\">Tunceli\u2019de 2020 y\u0131l\u0131ndan bu yana kay\u0131p olan&nbsp;<a href=\"https:\/\/www.sondakika.com\/gulistan-doku\/\">G\u00fclistan Doku<\/a>&nbsp;soru\u015fturmas\u0131nda k\u0131rm\u0131z\u0131 b\u00fcltenle aranan \u015f\u00fcpheli Umut Alta\u015f\u2019\u0131n, ABD\u2019nin New York kentinde g\u00f6zalt\u0131na al\u0131nd\u0131\u011f\u0131 anlara ait g\u00f6r\u00fcnt\u00fcler ortaya \u00e7\u0131kt\u0131. G\u00f6r\u00fcnt\u00fclerde Alta\u015f\u2019\u0131n bir kafede oturdu\u011fu s\u0131rada sivil polisler taraf\u0131ndan kelep\u00e7elenerek g\u00f6t\u00fcr\u00fcld\u00fc\u011f\u00fc g\u00f6r\u00fcld\u00fc. Firari \u015f\u00fcphelinin k\u0131sa s\u00fcre \u00f6nce yapt\u0131\u011f\u0131 a\u00e7\u0131klamalarda cinayetle ilgili dikkat \u00e7eken iddialar ortaya atmas\u0131 ise dosyay\u0131 yeniden g\u00fcndeme ta\u015f\u0131d\u0131.<\/p>\n\n\n\n<h3 class=\"wp-block-heading\">NEW YORK\u2019TA G\u00d6ZALTINA ALINDI<\/h3>\n\n\n\n<p class=\"wp-block-paragraph\">Munzur \u00dcniversitesi \u00c7ocuk Geli\u015fimi B\u00f6l\u00fcm\u00fc \u00f6\u011frencisi G\u00fclistan Doku\u2019nun kaybolmas\u0131na ili\u015fkin y\u00fcr\u00fct\u00fclen soru\u015fturmada hakk\u0131nda k\u0131rm\u0131z\u0131 b\u00fclten \u00e7\u0131kar\u0131lan Umut Alta\u015f\u2019\u0131n ABD\u2019de g\u00fcvenlik g\u00fc\u00e7leri taraf\u0131ndan yakalanarak g\u00f6zalt\u0131na al\u0131nd\u0131\u011f\u0131 \u00f6\u011frenildi.<\/p>\n\n\n\n<p class=\"wp-block-paragraph\">Gazeteci Emrullah Erdin\u00e7&#8217;in servis etti\u011fi g\u00f6r\u00fcnt\u00fclerde, Alta\u015f\u2019\u0131n New York\u2019taki bir kafede oturdu\u011fu s\u0131rada sivil polislerin yan\u0131na gelerek kelep\u00e7e takt\u0131\u011f\u0131 ve g\u00f6zalt\u0131na ald\u0131\u011f\u0131 anlar yer ald\u0131.<\/p>\n\n\n\n<h3 class=\"wp-block-heading\">15 \u015e\u00dcPHEL\u0130DEN 12\u2019S\u0130 TUTUKLANMI\u015eTI<\/h3>\n\n\n\n<p class=\"wp-block-paragraph\">G\u00fclistan Doku soru\u015fturmas\u0131 kapsam\u0131nda daha \u00f6nce g\u00f6zalt\u0131na al\u0131nan 15 \u015f\u00fcpheliden 12\u2019si tutuklan\u0131rken, 3 ki\u015fi hakk\u0131nda adli kontrol karar\u0131 verilmi\u015fti. Firari durumda bulunan Umut Alta\u015f hakk\u0131nda ise Interpol nezdinde k\u0131rm\u0131z\u0131 b\u00fclten \u00e7\u0131kar\u0131lm\u0131\u015ft\u0131.<\/p>\n\n\n\n<h3 class=\"wp-block-heading\">\u201cBU OLAY ARTIK \u00c7\u00d6Z\u00dcLS\u00dcN\u201d&nbsp;<\/h3>\n\n\n\n<p class=\"wp-block-paragraph\">Umut Alta\u015f g\u00f6zalt\u0131na al\u0131nmadan verdi\u011fi r\u00f6portajda dikkat \u00e7eken a\u00e7\u0131klamalarda bulunmu\u015ftu. Mustafa T\u00fcrkay Sonel\u2019in cinayeti kendisine itiraf etti\u011fini \u00f6ne s\u00fcren Alta\u015f, \u201cO zamanlar saft\u0131m. T\u00fcrkay bana bu cinayeti kendisinin i\u015fledi\u011fi y\u00f6n\u00fcnde bir not da b\u0131rakt\u0131. Konutta bana, \u2018\u00c7ok ba\u011f\u0131r\u0131yordu ben de s\u0131kt\u0131m\u2019 dedi. Hatta ara\u00e7tayken cinayet silah\u0131na dokundum. Ben bu olay\u0131n art\u0131k \u00e7\u00f6z\u00fclmesini istiyorum\u201d ifadelerini kullanm\u0131\u015ft\u0131.<\/p>\n\n\n\n<h3 class=\"wp-block-heading\">&#8220;CESED\u0130N G\u00d6M\u00dcLD\u00dc\u011e\u00dc YERLE \u0130LG\u0130L\u0130 2 TAHM\u0130N\u0130M VAR&#8221;<\/h3>\n\n\n\n<p class=\"wp-block-paragraph\">Alta\u015f ayr\u0131ca G\u00fclistan Doku\u2019nun viyad\u00fckte \u00f6ld\u00fcr\u00fcld\u00fc\u011f\u00fcn\u00fc d\u00fc\u015f\u00fcnd\u00fc\u011f\u00fcn\u00fc \u00f6ne s\u00fcrerek cesedin ta\u015f\u0131nm\u0131\u015f olabilece\u011fini iddia etmi\u015fti. Cesedin tam yerini bilmedi\u011fini s\u00f6yleyen Alta\u015f, Bayraktepe ve Aktuluk Mahallesi \u00e7evresini i\u015faret ederek oralara g\u00f6m\u00fclm\u00fc\u015f olabilece\u011fini tahmin etti\u011fini s\u00f6ylemi\u015fti.&nbsp;<\/p>\n","protected":false},"excerpt":{"rendered":"<p>Tunceli\u2019de 2020 y\u0131l\u0131ndan bu yana kay\u0131p olan G\u00fclistan Doku soru\u015fturmas\u0131nda k\u0131rm\u0131z\u0131 b\u00fcltenle aranan \u015f\u00fcpheli Umut<\/p>\n","protected":false},"author":1,"featured_media":2116,"comment_status":"open","ping_status":"open","sticky":false,"template":"","format":"standard","meta":{"_rtcl_gb_attr":"","footnotes":""},"categories":[43],"tags":[],"class_list":["post-2115","post","type-post","status-publish","format-standard","has-post-thumbnail","hentry","category-son-dakika"],"_links":{"self":[{"href":"https:\/\/turkiyemhaber.com\/index.php?rest_route=\/wp\/v2\/posts\/2115","targetHints":{"allow":["GET"]}}],"collection":[{"href":"https:\/\/turkiyemhaber.com\/index.php?rest_route=\/wp\/v2\/posts"}],"about":[{"href":"https:\/\/turkiyemhaber.com\/index.php?rest_route=\/wp\/v2\/types\/post"}],"author":[{"embeddable":true,"href":"https:\/\/turkiyemhaber.com\/index.php?rest_route=\/wp\/v2\/users\/1"}],"replies":[{"embeddable":true,"href":"https:\/\/turkiyemhaber.com\/index.php?rest_route=%2Fwp%2Fv2%2Fcomments&post=2115"}],"version-history":[{"count":1,"href":"https:\/\/turkiyemhaber.com\/index.php?rest_route=\/wp\/v2\/posts\/2115\/revisions"}],"predecessor-version":[{"id":2117,"href":"https:\/\/turkiyemhaber.com\/index.php?rest_route=\/wp\/v2\/posts\/2115\/revisions\/2117"}],"wp:featuredmedia":[{"embeddable":true,"href":"https:\/\/turkiyemhaber.com\/index.php?rest_route=\/wp\/v2\/media\/2116"}],"wp:attachment":[{"href":"https:\/\/turkiyemhaber.com\/index.php?rest_route=%2Fwp%2Fv2%2Fmedia&parent=2115"}],"wp:term":[{"taxonomy":"category","embeddable":true,"href":"https:\/\/turkiyemhaber.com\/index.php?rest_route=%2Fwp%2Fv2%2Fcategories&post=2115"},{"taxonomy":"post_tag","embeddable":true,"href":"https:\/\/turkiyemhaber.com\/index.php?rest_route=%2Fwp%2Fv2%2Ftags&post=2115"}],"curies":[{"name":"wp","href":"https:\/\/api.w.org\/{rel}","templated":true}]}}