{"id":2113,"date":"2026-05-23T09:46:34","date_gmt":"2026-05-23T09:46:34","guid":{"rendered":"https:\/\/turkiyemhaber.com\/?p=2113"},"modified":"2026-05-23T09:46:38","modified_gmt":"2026-05-23T09:46:38","slug":"chp-genel-merkezinde-secim-ozgur-ozel-chp-grup-baskani-oldu","status":"publish","type":"post","link":"https:\/\/turkiyemhaber.com\/?p=2113","title":{"rendered":"CHP Genel Merkezi&#8217;nde se\u00e7im! \u00d6zg\u00fcr \u00d6zel, CHP Grup Ba\u015fkan\u0131 oldu"},"content":{"rendered":"\n<p class=\"wp-block-paragraph\">Mutlak butlan karar\u0131 sonras\u0131 \u00d6zg\u00fcr \u00d6zel ba\u015fkanl\u0131\u011f\u0131nda toplanan CHP&#8217;nin kapal\u0131 grup toplant\u0131s\u0131nda grup ba\u015fkanl\u0131\u011f\u0131 se\u00e7imi yap\u0131ld\u0131. Se\u00e7imde tek aday olan \u00d6zel, CHP grup ba\u015fkan\u0131 se\u00e7ildi.<\/p>\n\n\n\n<p class=\"wp-block-paragraph\">CHP kurultay davas\u0131nda &#8220;mutlak butlan&#8221; karar\u0131 verilmesinin ard\u0131ndan siyasette pe\u015f pe\u015fe s\u0131cak geli\u015fmeler ya\u015fan\u0131yor.&nbsp;<\/p>\n\n\n\n<h3 class=\"wp-block-heading\">GENEL MERKEZDE KAPALI GRUP TOPLANTISI<\/h3>\n\n\n\n<p class=\"wp-block-paragraph\">\u00d6zg\u00fcr \u00d6zel, bug\u00fcn saat 11.00\u2019de Genel Merkez\u2019de milletvekilleriyle kapal\u0131 grup toplant\u0131s\u0131 i\u00e7in bir araya geldi. Toplant\u0131da CHP&#8217;nin grup ba\u015fkanl\u0131\u011f\u0131na aday olan \u00d6zel, yap\u0131lan se\u00e7im sonucunda grup ba\u015fkan\u0131 se\u00e7ildi.<\/p>\n\n\n\n<p class=\"wp-block-paragraph\">\u00d6zg\u00fcr \u00d6zel, saat 14.00\u2019te Parti Meclisi toplant\u0131s\u0131na ba\u015fkanl\u0131k edecek.<\/p>\n\n\n\n<h3 class=\"wp-block-heading\">BEKLENEN TELEFON G\u00d6R\u00dc\u015eMES\u0130 GER\u00c7EKLE\u015eT\u0130<\/h3>\n\n\n\n<p class=\"wp-block-paragraph\">\u00d6te yandan; istinaf\u0131n tedbir karar\u0131yla CHP y\u00f6netimine getirilen Kemal K\u0131l\u0131\u00e7daro\u011flu&#8217;nun Bas\u0131n Dan\u0131\u015fmanl\u0131\u011f\u0131 i\u00e7in g\u00f6revlendirdi\u011fi Atakan S\u00f6nmez, K\u0131l\u0131\u00e7dao\u011flu&#8217;nun evinin \u00f6n\u00fcnde, gazetecilere a\u00e7\u0131klama yapt\u0131. S\u00f6nmez, K\u0131l\u0131\u00e7daro\u011flu ve \u00d6zel aras\u0131nda telefon g\u00f6r\u00fc\u015fmesi ger\u00e7ekle\u015fti\u011fini belirterek, &#8220;\u00d6zg\u00fcr \u00d6zel geri d\u00f6n\u00fc\u015f yapt\u0131 ve Say\u0131n Kemal K\u0131l\u0131\u00e7daro\u011flu ile bir g\u00f6r\u00fc\u015fme ger\u00e7ekle\u015fti. G\u00f6r\u00fc\u015fmede de Say\u0131n Kemal K\u0131l\u0131\u00e7daro\u011flu, en uygun zamanda partiyi kurultaya g\u00f6t\u00fcrmekle ilgili niyetini Say\u0131n \u00d6zg\u00fcr \u00d6zel\u2019e iletti. \u00d6zg\u00fcr \u00d6zel de kendi taleplerinin de bu y\u00f6nde oldu\u011funu ve bundan memnuniyet duydu\u011funu ifade etti&#8221; dedi.<\/p>\n\n\n\n<h3 class=\"wp-block-heading\">&#8220;MUTLAK BUTLAN&#8221; KARARI<\/h3>\n\n\n\n<p class=\"wp-block-paragraph\">Ankara B\u00f6lge Adliye Mahkemesi (BAM) 36. Hukuk Dairesi, CHP&#8217;nin 4-5 Kas\u0131m 2023&#8217;te yap\u0131lan 38. Ola\u011fan Kurultay\u0131&#8217;n\u0131n iptaline ili\u015fkin a\u00e7\u0131lan davada, \u00d6zg\u00fcr \u00d6zel ile parti y\u00f6netiminin tedbiren g\u00f6revden uzakla\u015ft\u0131r\u0131lmas\u0131na, Kemal K\u0131l\u0131\u00e7daro\u011flu ile y\u00f6netiminin g\u00f6revi devralmas\u0131na karar verdi.<\/p>\n\n\n\n<p class=\"wp-block-paragraph\">Ayr\u0131ca, 8 Ekim 2023&#8217;te ger\u00e7ekle\u015ftirilen CHP \u0130stanbul \u0130l Kongresinin ve bu kongrede al\u0131nan t\u00fcm kararlar\u0131n da ayn\u0131 gerek\u00e7eyle iptaline h\u00fckmedildi.<\/p>\n\n\n\n<h3 class=\"wp-block-heading\">YSK, CHP&#8217;N\u0130N \u0130T\u0130RAZINI REDDETT\u0130<\/h3>\n\n\n\n<p class=\"wp-block-paragraph\">Y\u00fcksek Se\u00e7im Kurulu (YSK), \u00d6zg\u00fcr \u00d6zel ve y\u00f6netiminin mahkeme karar\u0131yla ihtiyati tedbirle g\u00f6revden uzakla\u015ft\u0131r\u0131lmas\u0131 kapsam\u0131nda yap\u0131lan &#8220;mazbatalar\u0131n ge\u00e7erli oldu\u011funun ve se\u00e7ilenlerin g\u00f6revine devam etti\u011finin tespitine karar verilmesi&#8221; y\u00f6n\u00fcndeki ba\u015fvuruyu reddetti.<\/p>\n\n\n\n<p class=\"wp-block-paragraph\">Ayr\u0131nt\u0131lar geliyor&#8230;<\/p>\n","protected":false},"excerpt":{"rendered":"<p>Mutlak butlan karar\u0131 sonras\u0131 \u00d6zg\u00fcr \u00d6zel ba\u015fkanl\u0131\u011f\u0131nda toplanan CHP&#8217;nin kapal\u0131 grup toplant\u0131s\u0131nda grup ba\u015fkanl\u0131\u011f\u0131 se\u00e7imi<\/p>\n","protected":false},"author":1,"featured_media":1991,"comment_status":"open","ping_status":"open","sticky":false,"template":"","format":"standard","meta":{"_rtcl_gb_attr":"","footnotes":""},"categories":[43],"tags":[],"class_list":["post-2113","post","type-post","status-publish","format-standard","has-post-thumbnail","hentry","category-son-dakika"],"_links":{"self":[{"href":"https:\/\/turkiyemhaber.com\/index.php?rest_route=\/wp\/v2\/posts\/2113","targetHints":{"allow":["GET"]}}],"collection":[{"href":"https:\/\/turkiyemhaber.com\/index.php?rest_route=\/wp\/v2\/posts"}],"about":[{"href":"https:\/\/turkiyemhaber.com\/index.php?rest_route=\/wp\/v2\/types\/post"}],"author":[{"embeddable":true,"href":"https:\/\/turkiyemhaber.com\/index.php?rest_route=\/wp\/v2\/users\/1"}],"replies":[{"embeddable":true,"href":"https:\/\/turkiyemhaber.com\/index.php?rest_route=%2Fwp%2Fv2%2Fcomments&post=2113"}],"version-history":[{"count":1,"href":"https:\/\/turkiyemhaber.com\/index.php?rest_route=\/wp\/v2\/posts\/2113\/revisions"}],"predecessor-version":[{"id":2114,"href":"https:\/\/turkiyemhaber.com\/index.php?rest_route=\/wp\/v2\/posts\/2113\/revisions\/2114"}],"wp:featuredmedia":[{"embeddable":true,"href":"https:\/\/turkiyemhaber.com\/index.php?rest_route=\/wp\/v2\/media\/1991"}],"wp:attachment":[{"href":"https:\/\/turkiyemhaber.com\/index.php?rest_route=%2Fwp%2Fv2%2Fmedia&parent=2113"}],"wp:term":[{"taxonomy":"category","embeddable":true,"href":"https:\/\/turkiyemhaber.com\/index.php?rest_route=%2Fwp%2Fv2%2Fcategories&post=2113"},{"taxonomy":"post_tag","embeddable":true,"href":"https:\/\/turkiyemhaber.com\/index.php?rest_route=%2Fwp%2Fv2%2Ftags&post=2113"}],"curies":[{"name":"wp","href":"https:\/\/api.w.org\/{rel}","templated":true}]}}