{"id":2107,"date":"2026-05-23T09:40:01","date_gmt":"2026-05-23T09:40:01","guid":{"rendered":"https:\/\/turkiyemhaber.com\/?p=2107"},"modified":"2026-05-23T09:40:06","modified_gmt":"2026-05-23T09:40:06","slug":"elazigda-salgin-alarmi-valilik-acikladi-doktor-uyardi","status":"publish","type":"post","link":"https:\/\/turkiyemhaber.com\/?p=2107","title":{"rendered":"Elaz\u0131\u011f&#8217;da salg\u0131n alarm\u0131: Valilik a\u00e7\u0131klad\u0131, doktor uyard\u0131"},"content":{"rendered":"\n<p class=\"wp-block-paragraph\">Elaz\u0131\u011f Valili\u011fi, kent genelinde bulant\u0131, kusma ve ishal \u015fikayetlerindeki art\u0131\u015f \u00fczerine su ve hijyen uyar\u0131s\u0131 yaparken; i\u00e7 hastal\u0131klar\u0131 uzman\u0131 Dr. Serpil Arslan da vaka art\u0131\u015flar\u0131n\u0131n mikrobik kaynakl\u0131 oldu\u011funu belirten uyar\u0131larda bulundu.<\/p>\n\n\n\n<p class=\"wp-block-paragraph\"><a href=\"https:\/\/www.sondakika.com\/elazig\/\">Elaz\u0131\u011f<\/a>&#8216;da son g\u00fcnlerde sa\u011fl\u0131k kurulu\u015flar\u0131na bulant\u0131, kusma, kar\u0131n a\u011fr\u0131s\u0131 ve ishal \u015fikayetiyle ba\u015fvuran vatanda\u015flar\u0131n say\u0131s\u0131nda dikkat \u00e7eken bir art\u0131\u015f ya\u015fan\u0131yor. Ya\u015fanan hareketlilik \u00fczerine Elaz\u0131\u011f Valili\u011fi resmi bir a\u00e7\u0131klama yay\u0131mlayarak vatanda\u015flar\u0131 uyar\u0131rken, uzmanlar da hastal\u0131\u011f\u0131n ta\u015f\u0131d\u0131\u011f\u0131 risklere kar\u015f\u0131 hayati uyar\u0131larda bulundu.&nbsp;<\/p>\n\n\n\n<h3 class=\"wp-block-heading\">VAL\u0130L\u0130K UYARDI<\/h3>\n\n\n\n<p class=\"wp-block-paragraph\">Elaz\u0131\u011f Valili\u011fi taraf\u0131ndan yap\u0131lan a\u00e7\u0131klamada, vaka art\u0131\u015flar\u0131n\u0131n yak\u0131ndan takip edildi\u011fi ve su numunesi analizlerinin titizlikle s\u00fcrd\u00fcr\u00fcld\u00fc\u011f\u00fc ifade edildi. Akut ba\u011f\u0131rsak enfeksiyonlar\u0131n\u0131n \u00e7o\u011funlukla kirli su, hijyenik olmayan g\u0131dalar ve el temas\u0131 yoluyla bula\u015ft\u0131\u011f\u0131na dikkat \u00e7eken Valilik; denetimi olmayan su kaynaklar\u0131ndan uzak durulmas\u0131, \u015f\u00fcpheli durumlarda sular\u0131n kaynat\u0131larak t\u00fcketilmesi ve ki\u015fisel hijyene azami \u00f6zen g\u00f6sterilmesi \u00e7a\u011fr\u0131s\u0131nda bulundu.<\/p>\n\n\n\n<figure class=\"wp-block-image\"><img decoding=\"async\" src=\"https:\/\/foto.sondakika.com\/haber\/2026\/05\/23\/elazigda-salgin-alarmi-valilik-19874686-6143_1_m.jpg\" alt=\"Elaz\u0131\u011f'da salg\u0131n alarm\u0131: Valilik a\u00e7\u0131klad\u0131, doktor uyard\u0131\"\/><\/figure>\n\n\n\n<h3 class=\"wp-block-heading\">&#8220;HEM MEVS\u0130M GE\u00c7\u0130\u015e\u0130 HEM YA\u011eI\u015eLAR ETK\u0130L\u0130 OLDU&#8221;<\/h3>\n\n\n\n<p class=\"wp-block-paragraph\">Her ya\u015f grubundan hastayla kar\u015f\u0131la\u015ft\u0131klar\u0131n\u0131 belirten ve poliklinik ve acil servislerdeki yo\u011funlu\u011fu de\u011ferlendiren Uzm. Dr. Serpil Arslan, &#8221; Bug\u00fcnlerde \u00e7ok artm\u0131\u015f olan ishal, kusma, ate\u015f vakalar\u0131ndan bahsetmek istiyorum. Hem mevsim ge\u00e7i\u015fi olmas\u0131 hasebiyle hem ya\u011f\u0131\u015flar\u0131n \u00e7ok artm\u0131\u015f olmas\u0131 nedeniyle bu ara poliklinik ve acillere \u00e7ocuk, yeti\u015fkin, gebe, ya\u015fl\u0131 olsun ishal, kusma, kar\u0131n a\u011fr\u0131s\u0131 ve ate\u015fle \u00e7ok s\u0131k kar\u015f\u0131la\u015fmaya ba\u015flad\u0131k. Bu da mikrobik kaynakl\u0131. Mikrobik olaylarda en \u00e7ok dikkat etmemiz gereken \u015fey hijyen. \u00d6nceli\u011fimiz hijyen \u00e7\u00fcnk\u00fc bu mikrop el ve a\u011f\u0131z yoluyla bulu\u015fuyor. El hijyenine, kulland\u0131\u011f\u0131m\u0131z suyun hijyenine \u00e7ok dikkat etmemiz gerekiyor. G\u00fcvenmedi\u011fimiz, denetimi ve kontrol\u00fc yap\u0131lmayan suyu kullanmamam\u0131z gerekiyor. Ayn\u0131 \u015fekilde d\u0131\u015far\u0131dan ald\u0131\u011f\u0131m\u0131z besin ve g\u0131da maddelerinin usul\u00fcne uygun haz\u0131rlanmas\u0131 gerekiyor&#8221; dedi.<\/p>\n\n\n\n<h3 class=\"wp-block-heading\">&#8220;B\u00d6BREK YETMEZL\u0130\u011e\u0130 R\u0130SK\u0130 VAR&#8221;<\/h3>\n\n\n\n<p class=\"wp-block-paragraph\">S\u0131v\u0131 kayb\u0131n\u0131n \u00f6zellikle risk gruplar\u0131nda kritik sonu\u00e7lar do\u011furabilece\u011fine dikkat \u00e7eken Uzm. Dr. Arslan, &#8221; E\u011fer rahats\u0131zland\u0131ysak da ishal, kusma, y\u00fcksek ate\u015fimiz, kar\u0131n a\u011fr\u0131m\u0131z varsa en yak\u0131n sa\u011fl\u0131k birimine m\u00fcracaat edip vakitlice tedavimizi olmam\u0131z gerekiyor. Burada bizi en \u00e7ok ilgilendiren k\u0131sm\u0131 \u00f6zellikle direnci d\u00fc\u015f\u00fck hastalarda, \u00e7ocuklarda, gebelerde ve ya\u015fl\u0131larda v\u00fccudun susuz kalmas\u0131. \u0130shal ve kusmayla beraber v\u00fccut su kaybedece\u011fi i\u00e7in olay b\u00f6brek yetmezli\u011fine kadar gidebilmekte. O y\u00fczden \u015fikayetleri olan vatanda\u015flar\u0131m\u0131z\u0131n mutlaka uzman hekimimize dan\u0131\u015faraktan uygun tedavileri g\u00f6rmesi gerekiyor&#8221; diye konu\u015ftu. &#8211; ELAZI\u011e<\/p>\n","protected":false},"excerpt":{"rendered":"<p>Elaz\u0131\u011f Valili\u011fi, kent genelinde bulant\u0131, kusma ve ishal \u015fikayetlerindeki art\u0131\u015f \u00fczerine su ve hijyen uyar\u0131s\u0131<\/p>\n","protected":false},"author":1,"featured_media":2108,"comment_status":"open","ping_status":"open","sticky":false,"template":"","format":"standard","meta":{"_rtcl_gb_attr":"","footnotes":""},"categories":[43],"tags":[],"class_list":["post-2107","post","type-post","status-publish","format-standard","has-post-thumbnail","hentry","category-son-dakika"],"_links":{"self":[{"href":"https:\/\/turkiyemhaber.com\/index.php?rest_route=\/wp\/v2\/posts\/2107","targetHints":{"allow":["GET"]}}],"collection":[{"href":"https:\/\/turkiyemhaber.com\/index.php?rest_route=\/wp\/v2\/posts"}],"about":[{"href":"https:\/\/turkiyemhaber.com\/index.php?rest_route=\/wp\/v2\/types\/post"}],"author":[{"embeddable":true,"href":"https:\/\/turkiyemhaber.com\/index.php?rest_route=\/wp\/v2\/users\/1"}],"replies":[{"embeddable":true,"href":"https:\/\/turkiyemhaber.com\/index.php?rest_route=%2Fwp%2Fv2%2Fcomments&post=2107"}],"version-history":[{"count":1,"href":"https:\/\/turkiyemhaber.com\/index.php?rest_route=\/wp\/v2\/posts\/2107\/revisions"}],"predecessor-version":[{"id":2109,"href":"https:\/\/turkiyemhaber.com\/index.php?rest_route=\/wp\/v2\/posts\/2107\/revisions\/2109"}],"wp:featuredmedia":[{"embeddable":true,"href":"https:\/\/turkiyemhaber.com\/index.php?rest_route=\/wp\/v2\/media\/2108"}],"wp:attachment":[{"href":"https:\/\/turkiyemhaber.com\/index.php?rest_route=%2Fwp%2Fv2%2Fmedia&parent=2107"}],"wp:term":[{"taxonomy":"category","embeddable":true,"href":"https:\/\/turkiyemhaber.com\/index.php?rest_route=%2Fwp%2Fv2%2Fcategories&post=2107"},{"taxonomy":"post_tag","embeddable":true,"href":"https:\/\/turkiyemhaber.com\/index.php?rest_route=%2Fwp%2Fv2%2Ftags&post=2107"}],"curies":[{"name":"wp","href":"https:\/\/api.w.org\/{rel}","templated":true}]}}