{"id":2104,"date":"2026-05-23T09:34:13","date_gmt":"2026-05-23T09:34:13","guid":{"rendered":"https:\/\/turkiyemhaber.com\/?p=2104"},"modified":"2026-05-23T09:34:18","modified_gmt":"2026-05-23T09:34:18","slug":"hakan-safi-ve-rambo-okan-arasinda-bomba-diyalog-aziz-yildirim-20-sene-anami-aglatti","status":"publish","type":"post","link":"https:\/\/turkiyemhaber.com\/?p=2104","title":{"rendered":"Hakan Safi ve Rambo Okan aras\u0131nda bomba diyalog: Aziz Y\u0131ld\u0131r\u0131m 20 sene anam\u0131 a\u011flatt\u0131"},"content":{"rendered":"\n<p class=\"wp-block-paragraph\">Fenerbah\u00e7e Ba\u015fkan Aday\u0131 Hakan Safi\u2019nin Faruk Ilgaz Tesisleri\u2019ne geli\u015fi s\u0131ras\u0131nda Rambo Okan\u2019\u0131n, \u201cAziz Y\u0131ld\u0131r\u0131m 20 sene anam\u0131 a\u011flatt\u0131, kurban\u0131n olay\u0131m sen gel\u201d s\u00f6zleri dikkat \u00e7ekti. Rambo Okan\u2019\u0131n Safi\u2019nin yana\u011f\u0131n\u0131 ok\u015fad\u0131\u011f\u0131 anlar da kameralara yans\u0131d\u0131.<\/p>\n\n\n\n<p class=\"wp-block-paragraph\"><a href=\"https:\/\/www.sondakika.com\/fenerbahce\/\">Fenerbah\u00e7e<\/a>&nbsp;Ba\u015fkan Aday\u0131&nbsp;<a href=\"https:\/\/www.sondakika.com\/hakan-safi\/\">Hakan Safi<\/a>, Faruk Ilgaz Tesisleri\u2019nde d\u00fczenledi\u011fi bas\u0131n toplant\u0131s\u0131na me\u015faleler e\u015fli\u011finde geldi. Toplant\u0131 \u00f6ncesinde ya\u015fanan diyalog dikkat \u00e7ekti.<\/p>\n\n\n\n<h3 class=\"wp-block-heading\">ME\u015eALELERLE KAR\u015eILANDI<\/h3>\n\n\n\n<p class=\"wp-block-paragraph\">Ba\u015fkanl\u0131k se\u00e7imleri \u00f6ncesi \u00e7al\u0131\u015fmalar\u0131n\u0131 s\u00fcrd\u00fcren Hakan Safi, Faruk Ilgaz Tesisleri\u2019nde bas\u0131n mensuplar\u0131yla bulu\u015ftu.&nbsp;Safi\u2019nin tesise geli\u015fi s\u0131ras\u0131nda me\u015faleler yak\u0131ld\u0131.<\/p>\n\n\n\n<h3 class=\"wp-block-heading\">RAMBO OKAN\u2019DAN D\u0130KKAT \u00c7EKEN S\u00d6ZLER<\/h3>\n\n\n\n<p class=\"wp-block-paragraph\">Fenerbah\u00e7e taraftarlar\u0131n\u0131n yak\u0131ndan tan\u0131d\u0131\u011f\u0131 Rambo Okan da Hakan Safi\u2019ye destek verdi.&nbsp;Rambo Okan\u2019\u0131n, Hakan Safi\u2019nin yana\u011f\u0131n\u0131 ok\u015fad\u0131\u011f\u0131 anlar dikkat \u00e7ekti.<\/p>\n\n\n\n<h3 class=\"wp-block-heading\">\u201c20 SENE ANAMI A\u011eLATTI\u201d<\/h3>\n\n\n\n<p class=\"wp-block-paragraph\">Rambo Okan, \u201cAziz Y\u0131ld\u0131r\u0131m 20 sene anam\u0131 a\u011flatt\u0131, ben seni istiyorum ba\u015fkan\u0131m. Kurban\u0131n olay\u0131m sen gel\u201d ifadelerini kulland\u0131.&nbsp;Bu s\u00f6zlerin ard\u0131ndan Hakan Safi ise, \u201cBen de seni istiyorum\u201d cevab\u0131n\u0131 verdi.<\/p>\n\n\n\n<h3 class=\"wp-block-heading\">\u201cBA\u015eKANIM NE OLUR SEN GEL\u201d<\/h3>\n\n\n\n<p class=\"wp-block-paragraph\">Rambo Okan daha sonra, \u201cBa\u015fkan\u0131m ne olur sen gel ya!\u201d diyerek deste\u011fini s\u00fcrd\u00fcrd\u00fc.&nbsp;Toplant\u0131 \u00f6ncesinde ya\u015fanan diyalog dikkat \u00e7eken anlardan biri oldu.<\/p>\n","protected":false},"excerpt":{"rendered":"<p>Fenerbah\u00e7e Ba\u015fkan Aday\u0131 Hakan Safi\u2019nin Faruk Ilgaz Tesisleri\u2019ne geli\u015fi s\u0131ras\u0131nda Rambo Okan\u2019\u0131n, \u201cAziz Y\u0131ld\u0131r\u0131m 20<\/p>\n","protected":false},"author":1,"featured_media":2105,"comment_status":"open","ping_status":"open","sticky":false,"template":"","format":"standard","meta":{"_rtcl_gb_attr":"","footnotes":""},"categories":[3],"tags":[],"class_list":["post-2104","post","type-post","status-publish","format-standard","has-post-thumbnail","hentry","category-spor"],"_links":{"self":[{"href":"https:\/\/turkiyemhaber.com\/index.php?rest_route=\/wp\/v2\/posts\/2104","targetHints":{"allow":["GET"]}}],"collection":[{"href":"https:\/\/turkiyemhaber.com\/index.php?rest_route=\/wp\/v2\/posts"}],"about":[{"href":"https:\/\/turkiyemhaber.com\/index.php?rest_route=\/wp\/v2\/types\/post"}],"author":[{"embeddable":true,"href":"https:\/\/turkiyemhaber.com\/index.php?rest_route=\/wp\/v2\/users\/1"}],"replies":[{"embeddable":true,"href":"https:\/\/turkiyemhaber.com\/index.php?rest_route=%2Fwp%2Fv2%2Fcomments&post=2104"}],"version-history":[{"count":1,"href":"https:\/\/turkiyemhaber.com\/index.php?rest_route=\/wp\/v2\/posts\/2104\/revisions"}],"predecessor-version":[{"id":2106,"href":"https:\/\/turkiyemhaber.com\/index.php?rest_route=\/wp\/v2\/posts\/2104\/revisions\/2106"}],"wp:featuredmedia":[{"embeddable":true,"href":"https:\/\/turkiyemhaber.com\/index.php?rest_route=\/wp\/v2\/media\/2105"}],"wp:attachment":[{"href":"https:\/\/turkiyemhaber.com\/index.php?rest_route=%2Fwp%2Fv2%2Fmedia&parent=2104"}],"wp:term":[{"taxonomy":"category","embeddable":true,"href":"https:\/\/turkiyemhaber.com\/index.php?rest_route=%2Fwp%2Fv2%2Fcategories&post=2104"},{"taxonomy":"post_tag","embeddable":true,"href":"https:\/\/turkiyemhaber.com\/index.php?rest_route=%2Fwp%2Fv2%2Ftags&post=2104"}],"curies":[{"name":"wp","href":"https:\/\/api.w.org\/{rel}","templated":true}]}}