{"id":2101,"date":"2026-05-23T09:30:48","date_gmt":"2026-05-23T09:30:48","guid":{"rendered":"https:\/\/turkiyemhaber.com\/?p=2101"},"modified":"2026-05-23T09:30:52","modified_gmt":"2026-05-23T09:30:52","slug":"kilicdaroglu-ve-ekibinden-yeni-hamle-ozgur-ozel-yonetiminin-banka-hesaplarina-erisi-kisitlandi","status":"publish","type":"post","link":"https:\/\/turkiyemhaber.com\/?p=2101","title":{"rendered":"K\u0131l\u0131\u00e7daro\u011flu ve ekibinden yeni hamle! \u00d6zg\u00fcr \u00d6zel y\u00f6netiminin banka hesaplar\u0131na eri\u015fi k\u0131s\u0131tland\u0131"},"content":{"rendered":"\n<p class=\"wp-block-paragraph\">CHP\u2019de \u201cmutlak butlan\u201d karar\u0131 sonras\u0131 \u00d6zg\u00fcr \u00d6zel y\u00f6netiminin parti banka hesaplar\u0131na eri\u015fimi donduruldu. Hesaplar\u0131n y\u00f6netiminin K\u0131l\u0131\u00e7daro\u011flu ekibine devredilece\u011fi a\u00e7\u0131kland\u0131.<\/p>\n\n\n\n<p class=\"wp-block-paragraph\">CHP\u2019de \u201cmutlak butlan\u201d karar\u0131 sonras\u0131 parti y\u00f6netimine ili\u015fkin s\u00fcre\u00e7te yeni geli\u015fmeler ya\u015fan\u0131yor. Ankara 36. B\u00f6lge Adliye Mahkemesinin karar\u0131yla CHP\u2019nin 4-5 Kas\u0131m 2023 tarihlerinde yap\u0131lan 38. Ola\u011fan Kurultay\u0131 iptal edilirken, eski Genel Ba\u015fkan Kemal K\u0131l\u0131\u00e7daro\u011flu\u2019nun yeniden g\u00f6reve gelmesine karar verildi.<\/p>\n\n\n\n<h3 class=\"wp-block-heading\">KILI\u00c7DARO\u011eLU\u2019NA TEBL\u0130GAT YAPILDI<\/h3>\n\n\n\n<p class=\"wp-block-paragraph\">Karar\u0131n UYAP sistemine y\u00fcklenmesinin ard\u0131ndan Ankara 3. Genel \u0130cra Dairesi yetkilileri taraf\u0131ndan Kemal K\u0131l\u0131\u00e7daro\u011flu\u2019na tebligat yap\u0131ld\u0131. S\u00fcrecin ard\u0131ndan parti y\u00f6netimine ili\u015fkin yeni uygulamalar devreye al\u0131nd\u0131.<\/p>\n\n\n\n<h3 class=\"wp-block-heading\">HESAPLARI KILI\u00c7DARO\u011eLU VE EK\u0130B\u0130NE DEVRED\u0130LECEK<\/h3>\n\n\n\n<p class=\"wp-block-paragraph\">S\u00f6zc\u00fc&#8217;de yer alan habere g\u00f6re; \u201cMutlak butlan\u201d davas\u0131n\u0131 a\u00e7an taraflar aras\u0131nda bulunan eski Hatay B\u00fcy\u00fck\u015fehir Belediye Ba\u015fkan\u0131 L\u00fctfi Sava\u015f\u2019\u0131n avukatlar\u0131n\u0131n talebi \u00fczerine, CHP\u2019nin kulland\u0131\u011f\u0131 banka hesaplar\u0131na \u00d6zg\u00fcr \u00d6zel y\u00f6netiminin eri\u015fimi donduruldu.<\/p>\n\n\n\n<p class=\"wp-block-paragraph\">Partinin 2026 b\u00fct\u00e7esi kapsam\u0131nda yakla\u015f\u0131k 1,5 milyar TL\u2019lik Hazine yard\u0131m\u0131n\u0131n y\u00f6netildi\u011fi hesaplar\u0131n kontrol\u00fcn\u00fcn Kemal K\u0131l\u0131\u00e7daro\u011flu ve ekibine devredilece\u011fi belirtildi.<\/p>\n","protected":false},"excerpt":{"rendered":"<p>CHP\u2019de \u201cmutlak butlan\u201d karar\u0131 sonras\u0131 \u00d6zg\u00fcr \u00d6zel y\u00f6netiminin parti banka hesaplar\u0131na eri\u015fimi donduruldu. Hesaplar\u0131n y\u00f6netiminin<\/p>\n","protected":false},"author":1,"featured_media":2102,"comment_status":"open","ping_status":"open","sticky":false,"template":"","format":"standard","meta":{"_rtcl_gb_attr":"","footnotes":""},"categories":[43],"tags":[],"class_list":["post-2101","post","type-post","status-publish","format-standard","has-post-thumbnail","hentry","category-son-dakika"],"_links":{"self":[{"href":"https:\/\/turkiyemhaber.com\/index.php?rest_route=\/wp\/v2\/posts\/2101","targetHints":{"allow":["GET"]}}],"collection":[{"href":"https:\/\/turkiyemhaber.com\/index.php?rest_route=\/wp\/v2\/posts"}],"about":[{"href":"https:\/\/turkiyemhaber.com\/index.php?rest_route=\/wp\/v2\/types\/post"}],"author":[{"embeddable":true,"href":"https:\/\/turkiyemhaber.com\/index.php?rest_route=\/wp\/v2\/users\/1"}],"replies":[{"embeddable":true,"href":"https:\/\/turkiyemhaber.com\/index.php?rest_route=%2Fwp%2Fv2%2Fcomments&post=2101"}],"version-history":[{"count":1,"href":"https:\/\/turkiyemhaber.com\/index.php?rest_route=\/wp\/v2\/posts\/2101\/revisions"}],"predecessor-version":[{"id":2103,"href":"https:\/\/turkiyemhaber.com\/index.php?rest_route=\/wp\/v2\/posts\/2101\/revisions\/2103"}],"wp:featuredmedia":[{"embeddable":true,"href":"https:\/\/turkiyemhaber.com\/index.php?rest_route=\/wp\/v2\/media\/2102"}],"wp:attachment":[{"href":"https:\/\/turkiyemhaber.com\/index.php?rest_route=%2Fwp%2Fv2%2Fmedia&parent=2101"}],"wp:term":[{"taxonomy":"category","embeddable":true,"href":"https:\/\/turkiyemhaber.com\/index.php?rest_route=%2Fwp%2Fv2%2Fcategories&post=2101"},{"taxonomy":"post_tag","embeddable":true,"href":"https:\/\/turkiyemhaber.com\/index.php?rest_route=%2Fwp%2Fv2%2Ftags&post=2101"}],"curies":[{"name":"wp","href":"https:\/\/api.w.org\/{rel}","templated":true}]}}