{"id":2098,"date":"2026-05-23T09:27:27","date_gmt":"2026-05-23T09:27:27","guid":{"rendered":"https:\/\/turkiyemhaber.com\/?p=2098"},"modified":"2026-05-23T09:27:31","modified_gmt":"2026-05-23T09:27:31","slug":"chp-kurultayi-sorusturmasinda-gozaltina-alinan-13-suphelinin-isimleri-belli-oldu","status":"publish","type":"post","link":"https:\/\/turkiyemhaber.com\/?p=2098","title":{"rendered":"CHP kurultay\u0131 soru\u015fturmas\u0131nda g\u00f6zalt\u0131na al\u0131nan 13 \u015f\u00fcphelinin isimleri belli oldu"},"content":{"rendered":"\n<p class=\"wp-block-paragraph\">CHP 38\u2019inci Ola\u011fan Kurultay\u0131\u2019nda delegelerin oy kullanma iradesine m\u00fcdahale edildi\u011fi iddialar\u0131na ili\u015fkin y\u00fcr\u00fct\u00fclen soru\u015fturma kapsam\u0131nda g\u00f6zalt\u0131na al\u0131nan 13 \u015f\u00fcphelinin isimleri belli oldu. G\u00f6zalt\u0131na al\u0131nanlar aras\u0131nda CHP \u0130stanbul \u0130l Ba\u015fkan Yard\u0131mc\u0131s\u0131 Melda Tan\u0131\u015fman Tutan&#8217;\u0131n ve Veli A\u011fbaba&#8217;n\u0131n \u015fof\u00f6r\u00fc Gaffar \u00c7i\u00e7ek&#8217;in de bulundu\u011fu \u00f6\u011frenildi.<\/p>\n\n\n\n<p class=\"wp-block-paragraph\">\u0130stanbul Cumhuriyet Ba\u015fsavc\u0131l\u0131\u011f\u0131 taraf\u0131ndan y\u00fcr\u00fct\u00fclen soru\u015fturmada, \u0130stanbul \u0130l Emniyet M\u00fcd\u00fcrl\u00fc\u011f\u00fc Mali Su\u00e7larla M\u00fccadele \u015eube M\u00fcd\u00fcrl\u00fc\u011f\u00fc ekiplerince \u00e7al\u0131\u015fma ger\u00e7ekle\u015ftirildi.&nbsp;<\/p>\n\n\n\n<h3 class=\"wp-block-heading\">7 \u0130LDE OPERASYON YAPILDI<\/h3>\n\n\n\n<p class=\"wp-block-paragraph\">Soru\u015fturma kapsam\u0131nda \u015f\u00fcphelilerin; &#8220;Siyasi Partiler Kanunu\u2019na muhalefet&#8221;, &#8220;r\u00fc\u015fvet&#8221; ve &#8220;su\u00e7tan kaynaklanan mal varl\u0131\u011f\u0131 de\u011ferlerini aklama&#8221; su\u00e7lar\u0131n\u0131 i\u015flediklerinin de\u011ferlendirildi\u011fi belirtildi. Operasyon kapsam\u0131nda \u0130stanbul, Ankara, \u0130zmir, \u015eanl\u0131urfa, Kahramanmara\u015f, Kilis ve Malatya\u2019da belirlenen adreslere e\u015f zamanl\u0131 bask\u0131n d\u00fczenlendi. Adreslerde arama ve el koyma i\u015flemleri ger\u00e7ekle\u015ftirildi.<\/p>\n\n\n\n<h3 class=\"wp-block-heading\">CHP \u0130STANBUL \u0130L BA\u015eKAN YARDIMSI G\u00d6ZALTINDA<\/h3>\n\n\n\n<p class=\"wp-block-paragraph\">G\u00f6zalt\u0131na al\u0131nan 13 ki\u015finin isimleri belli oldu. CHP \u0130stanbul \u0130l Ba\u015fkan Yard\u0131mc\u0131s\u0131 Melda Tan\u0131\u015fman Tutan&#8217;\u0131n da g\u00f6zalt\u0131na al\u0131nd\u0131\u011f\u0131 \u00f6\u011frenildi.<\/p>\n\n\n\n<p class=\"wp-block-paragraph\"><img decoding=\"async\" alt=\"Melda Tan\u0131\u015fman Tutan\" src=\"https:\/\/foto.sondakika.com\/haber\/2026\/05\/23\/chp-kurultayi-sorusturmasinda-31146621-7698_1_m.jpg\">Melda Tan\u0131\u015fman Tutan<\/p>\n\n\n\n<h3 class=\"wp-block-heading\">VEL\u0130 A\u011eBABA&#8217;NIN \u015eOF\u00d6R\u00dc DE G\u00d6ZALTINDA<\/h3>\n\n\n\n<p class=\"wp-block-paragraph\">Sabaha kar\u015f\u0131 ger\u00e7ekle\u015ftirilen operasyonda CHP Malatya Milletvekili Veli A\u011fbaba&#8217;n\u0131n \u015fof\u00f6r\u00fc Gaffar \u00c7i\u00e7ek&#8217;in de g\u00f6zalt\u0131na al\u0131nd\u0131\u011f\u0131 ve emniyetteki i\u015flemlerinin s\u00fcrd\u00fc\u011f\u00fc \u00f6\u011frenildi.<\/p>\n\n\n\n<p class=\"wp-block-paragraph\"><img decoding=\"async\" alt=\"Gaffar \u00c7i\u00e7ek (solda)\" src=\"https:\/\/foto.sondakika.com\/haber\/2026\/05\/23\/chp-kurultayi-sorusturmasinda-67628964-6788_1_m.jpg\">Gaffar \u00c7i\u00e7ek (solda)<\/p>\n\n\n\n<h3 class=\"wp-block-heading\">\u0130\u015eTE G\u00d6ZALTINA ALINAN 13 \u0130S\u0130M<\/h3>\n\n\n\n<p class=\"wp-block-paragraph\">G\u00f6zalt\u0131na al\u0131nan \u015f\u00fcpheliler \u015f\u00f6yle:<\/p>\n\n\n\n<p class=\"wp-block-paragraph\">&#8220;G\u00fclhan Ayd\u0131n, Sadi Karayal\u00e7\u0131n, Melda Tan\u0131\u015fman Tutan, Hayati Kaya, Suat D\u00fclger, Kalender \u00d6zdemir, \u00d6zkan Deniz, \u0130brahim \u015eahin, Umut Sapan, Mehmet Ay\u0131p Demirb\u00fcken, Metin Kaya, Gaffar \u00c7i\u00e7ek, Ay\u00e7a Akpek \u015eenay&#8221;.<\/p>\n","protected":false},"excerpt":{"rendered":"<p>CHP 38\u2019inci Ola\u011fan Kurultay\u0131\u2019nda delegelerin oy kullanma iradesine m\u00fcdahale edildi\u011fi iddialar\u0131na ili\u015fkin y\u00fcr\u00fct\u00fclen soru\u015fturma kapsam\u0131nda<\/p>\n","protected":false},"author":1,"featured_media":2099,"comment_status":"open","ping_status":"open","sticky":false,"template":"","format":"standard","meta":{"_rtcl_gb_attr":"","footnotes":""},"categories":[43],"tags":[],"class_list":["post-2098","post","type-post","status-publish","format-standard","has-post-thumbnail","hentry","category-son-dakika"],"_links":{"self":[{"href":"https:\/\/turkiyemhaber.com\/index.php?rest_route=\/wp\/v2\/posts\/2098","targetHints":{"allow":["GET"]}}],"collection":[{"href":"https:\/\/turkiyemhaber.com\/index.php?rest_route=\/wp\/v2\/posts"}],"about":[{"href":"https:\/\/turkiyemhaber.com\/index.php?rest_route=\/wp\/v2\/types\/post"}],"author":[{"embeddable":true,"href":"https:\/\/turkiyemhaber.com\/index.php?rest_route=\/wp\/v2\/users\/1"}],"replies":[{"embeddable":true,"href":"https:\/\/turkiyemhaber.com\/index.php?rest_route=%2Fwp%2Fv2%2Fcomments&post=2098"}],"version-history":[{"count":1,"href":"https:\/\/turkiyemhaber.com\/index.php?rest_route=\/wp\/v2\/posts\/2098\/revisions"}],"predecessor-version":[{"id":2100,"href":"https:\/\/turkiyemhaber.com\/index.php?rest_route=\/wp\/v2\/posts\/2098\/revisions\/2100"}],"wp:featuredmedia":[{"embeddable":true,"href":"https:\/\/turkiyemhaber.com\/index.php?rest_route=\/wp\/v2\/media\/2099"}],"wp:attachment":[{"href":"https:\/\/turkiyemhaber.com\/index.php?rest_route=%2Fwp%2Fv2%2Fmedia&parent=2098"}],"wp:term":[{"taxonomy":"category","embeddable":true,"href":"https:\/\/turkiyemhaber.com\/index.php?rest_route=%2Fwp%2Fv2%2Fcategories&post=2098"},{"taxonomy":"post_tag","embeddable":true,"href":"https:\/\/turkiyemhaber.com\/index.php?rest_route=%2Fwp%2Fv2%2Ftags&post=2098"}],"curies":[{"name":"wp","href":"https:\/\/api.w.org\/{rel}","templated":true}]}}