{"id":2095,"date":"2026-05-23T09:22:31","date_gmt":"2026-05-23T09:22:31","guid":{"rendered":"https:\/\/turkiyemhaber.com\/?p=2095"},"modified":"2026-05-23T09:22:35","modified_gmt":"2026-05-23T09:22:35","slug":"yskdan-yerel-secimler-iptal-edilsin-basvurusuna-ret","status":"publish","type":"post","link":"https:\/\/turkiyemhaber.com\/?p=2095","title":{"rendered":"YSK&#8217;dan &#8220;Yerel se\u00e7imler iptal edilsin&#8221; ba\u015fvurusuna ret"},"content":{"rendered":"\n<p class=\"wp-block-paragraph\">CHP\u2019nin 38\u2019inci Ola\u011fan Kurultay\u0131 hakk\u0131nda verilen \u201cmutlak butlan\u201d karar\u0131n\u0131n ard\u0131ndan bir CHP \u00fcyesi, 31 Mart 2024 yerel se\u00e7imlerinin iptali i\u00e7in YSK\u2019ya ba\u015fvurdu. Y\u00fcksek Se\u00e7im Kurulu ise yap\u0131lan ba\u015fvuruyu reddetti.<\/p>\n\n\n\n<p class=\"wp-block-paragraph\">CHP\u2019nin 38\u2019inci Ola\u011fan Kurultay\u0131 hakk\u0131nda verilen \u201cmutlak butlan\u201d karar\u0131n\u0131n yank\u0131lar\u0131 s\u00fcrerken, dikkat \u00e7eken bir geli\u015fme daha ya\u015fand\u0131. CHP \u00fcyesi bir ki\u015fi, 31 Mart 2024 yerel se\u00e7imlerinin iptali i\u00e7in Y\u00fcksek Se\u00e7im Kurulu\u2019na ba\u015fvurdu.&nbsp;Ancak YSK, yap\u0131lan ba\u015fvuruyu reddetti.<\/p>\n\n\n\n<h3 class=\"wp-block-heading\">MAHKEME KURULTAYI \u0130PTAL ETM\u0130\u015eT\u0130<\/h3>\n\n\n\n<p class=\"wp-block-paragraph\">Ankara B\u00f6lge Adliye Mahkemesi 36. Hukuk Dairesi, CHP\u2019nin 4-5 Kas\u0131m 2023 tarihlerinde ger\u00e7ekle\u015ftirilen 38\u2019inci Ola\u011fan Kurultay\u0131 ile 8 Ekim 2023 tarihli \u0130stanbul \u0130l Kongresi\u2019ni t\u00fcm sonu\u00e7lar\u0131yla birlikte iptal etmi\u015fti.&nbsp;Mahkeme, kurultay s\u00fcrecinde \u201cirade fesad\u0131\u201d ve organize r\u00fc\u015fvet iddialar\u0131n\u0131 yerinde bularak, \u00d6zg\u00fcr \u00d6zel ve y\u00f6netiminin tedbiren g\u00f6revden uzakla\u015ft\u0131r\u0131lmas\u0131na karar vermi\u015fti.&nbsp;Kararla birlikte Kemal K\u0131l\u0131\u00e7daro\u011flu ve eski y\u00f6netimin g\u00f6revi devralaca\u011f\u0131 belirtilirken, mevcut y\u00f6netim d\u00f6neminde al\u0131nan kararlar ve yap\u0131lan atamalar\u0131n da ge\u00e7ersiz say\u0131ld\u0131\u011f\u0131 ifade edilmi\u015fti.<\/p>\n\n\n\n<h3 class=\"wp-block-heading\">YEREL SE\u00c7\u0130MLER \u0130\u00c7\u0130N BA\u015eVURU YAPILDI<\/h3>\n\n\n\n<p class=\"wp-block-paragraph\">Kurultay karar\u0131n\u0131n ard\u0131ndan bir CHP \u00fcyesi, 31 Mart 2024 tarihinde yap\u0131lan yerel se\u00e7imlerin de iptal edilmesi talebiyle Y\u00fcksek Se\u00e7im Kurulu\u2019na ba\u015fvurdu.&nbsp;YSK\u2019n\u0131n yap\u0131lan de\u011ferlendirme sonras\u0131 s\u00f6z konusu ba\u015fvuruyu reddetti\u011fi \u00f6\u011frenildi.<\/p>\n\n\n\n<h3 class=\"wp-block-heading\">CHP YEREL SE\u00c7\u0130MLERDE B\u0130R\u0130NC\u0130 PART\u0130 OLMU\u015eTU<\/h3>\n\n\n\n<p class=\"wp-block-paragraph\">CHP, 31 Mart 2024 yerel se\u00e7imlerinde y\u00fczde 37,6 oy oran\u0131yla birinci parti olmu\u015ftu.&nbsp;Parti; \u0130stanbul, Ankara ve \u0130zmir ba\u015fta olmak \u00fczere bir\u00e7ok b\u00fcy\u00fck\u015fehir belediyesini kazanm\u0131\u015ft\u0131.<\/p>\n","protected":false},"excerpt":{"rendered":"<p>CHP\u2019nin 38\u2019inci Ola\u011fan Kurultay\u0131 hakk\u0131nda verilen \u201cmutlak butlan\u201d karar\u0131n\u0131n ard\u0131ndan bir CHP \u00fcyesi, 31 Mart<\/p>\n","protected":false},"author":1,"featured_media":2096,"comment_status":"open","ping_status":"open","sticky":false,"template":"","format":"standard","meta":{"_rtcl_gb_attr":"","footnotes":""},"categories":[44],"tags":[],"class_list":["post-2095","post","type-post","status-publish","format-standard","has-post-thumbnail","hentry","category-politika"],"_links":{"self":[{"href":"https:\/\/turkiyemhaber.com\/index.php?rest_route=\/wp\/v2\/posts\/2095","targetHints":{"allow":["GET"]}}],"collection":[{"href":"https:\/\/turkiyemhaber.com\/index.php?rest_route=\/wp\/v2\/posts"}],"about":[{"href":"https:\/\/turkiyemhaber.com\/index.php?rest_route=\/wp\/v2\/types\/post"}],"author":[{"embeddable":true,"href":"https:\/\/turkiyemhaber.com\/index.php?rest_route=\/wp\/v2\/users\/1"}],"replies":[{"embeddable":true,"href":"https:\/\/turkiyemhaber.com\/index.php?rest_route=%2Fwp%2Fv2%2Fcomments&post=2095"}],"version-history":[{"count":1,"href":"https:\/\/turkiyemhaber.com\/index.php?rest_route=\/wp\/v2\/posts\/2095\/revisions"}],"predecessor-version":[{"id":2097,"href":"https:\/\/turkiyemhaber.com\/index.php?rest_route=\/wp\/v2\/posts\/2095\/revisions\/2097"}],"wp:featuredmedia":[{"embeddable":true,"href":"https:\/\/turkiyemhaber.com\/index.php?rest_route=\/wp\/v2\/media\/2096"}],"wp:attachment":[{"href":"https:\/\/turkiyemhaber.com\/index.php?rest_route=%2Fwp%2Fv2%2Fmedia&parent=2095"}],"wp:term":[{"taxonomy":"category","embeddable":true,"href":"https:\/\/turkiyemhaber.com\/index.php?rest_route=%2Fwp%2Fv2%2Fcategories&post=2095"},{"taxonomy":"post_tag","embeddable":true,"href":"https:\/\/turkiyemhaber.com\/index.php?rest_route=%2Fwp%2Fv2%2Ftags&post=2095"}],"curies":[{"name":"wp","href":"https:\/\/api.w.org\/{rel}","templated":true}]}}