{"id":2092,"date":"2026-05-23T09:19:27","date_gmt":"2026-05-23T09:19:27","guid":{"rendered":"https:\/\/turkiyemhaber.com\/?p=2092"},"modified":"2026-05-23T09:19:33","modified_gmt":"2026-05-23T09:19:33","slug":"galatasarayda-secim-gunu-dursun-ozbek-tarihe-gececek","status":"publish","type":"post","link":"https:\/\/turkiyemhaber.com\/?p=2092","title":{"rendered":"Galatasaray&#8217;da se\u00e7im g\u00fcn\u00fc! Dursun \u00d6zbek tarihe ge\u00e7ecek"},"content":{"rendered":"\n<p class=\"wp-block-paragraph\">Galatasaray\u2019da ola\u011fan se\u00e7imli genel kurul ba\u015flad\u0131. Tek aday olarak se\u00e7ime giren Dursun \u00d6zbek, yeni g\u00f6rev s\u00fcresini tamamlamas\u0131 halinde kul\u00fcp tarihinde en uzun s\u00fcre ba\u015fkanl\u0131k yapan ikinci isim olacak.<\/p>\n\n\n\n<p class=\"wp-block-paragraph\">Galatasaray\u2019da ola\u011fan se\u00e7imli genel kurul ba\u015flad\u0131. Mevcut ba\u015fkan Dursun \u00d6zbek\u2019in tek aday olarak girdi\u011fi se\u00e7imde yakla\u015f\u0131k 10 bin \u00fcye sand\u0131k ba\u015f\u0131na gidiyor.<\/p>\n\n\n\n<h3 class=\"wp-block-heading\">GENEL KURUL GALATASARAY L\u0130SES\u0130\u2019NDE BA\u015eLADI<\/h3>\n\n\n\n<p class=\"wp-block-paragraph\">Galatasaray\u2019\u0131n 105. d\u00f6nem y\u00f6netiminin belirlenece\u011fi ola\u011fan se\u00e7imli genel kurul, Galatasaray Lisesi\u2019nde saat 10.00\u2019da ba\u015flad\u0131.&nbsp;Genel kurulda yeterli \u00e7o\u011funluk aranmayacak.<\/p>\n\n\n\n<figure class=\"wp-block-image\"><img decoding=\"async\" src=\"https:\/\/foto.sondakika.com\/haber\/2026\/05\/23\/galatasarayda-secim-gunu-dursu-19875055-4802_1_m.jpg\" alt=\"Galatasaray'da se\u00e7im g\u00fcn\u00fc! Dursun \u00d6zbek tarihe ge\u00e7ecek\"\/><\/figure>\n\n\n\n<h3 class=\"wp-block-heading\">20 SANDIK KURULDU<\/h3>\n\n\n\n<p class=\"wp-block-paragraph\">Oy kullanma hakk\u0131na sahip yakla\u015f\u0131k 10 bin \u00fcye i\u00e7in Galatasaray Lisesi\u2019nde 20 sand\u0131k kuruldu.&nbsp;Oy verme i\u015fleminin saat 15.00\u2019te sona erece\u011fi a\u00e7\u0131kland\u0131.<\/p>\n\n\n\n<h3 class=\"wp-block-heading\">DURSUN \u00d6ZBEK TEK ADAY<\/h3>\n\n\n\n<p class=\"wp-block-paragraph\">Se\u00e7ime mevcut ba\u015fkan Dursun \u00d6zbek tek aday olarak giriyor.&nbsp;\u00d6zbek\u2019in y\u00f6netim listesinde Metin \u00d6zt\u00fcrk, Abdullah Kavukcu, Eray Yazgan ve Can Natan gibi isimler yer ald\u0131.<\/p>\n\n\n\n<figure class=\"wp-block-image\"><img decoding=\"async\" src=\"https:\/\/foto.sondakika.com\/haber\/2026\/05\/23\/galatasarayda-secim-gunu-dursu-19875055-9696_1_m.jpg\" alt=\"Galatasaray'da se\u00e7im g\u00fcn\u00fc! Dursun \u00d6zbek tarihe ge\u00e7ecek\"\/><\/figure>\n\n\n\n<h3 class=\"wp-block-heading\">TAR\u0130HE GE\u00c7MEYE \u00c7OK YAKIN<\/h3>\n\n\n\n<p class=\"wp-block-paragraph\">Dursun \u00d6zbek\u2019in yeni d\u00f6nemde g\u00f6rev s\u00fcresini tamamlamas\u0131 halinde Galatasaray tarihine ge\u00e7ece\u011fi belirtildi.&nbsp;Yakla\u015f\u0131k 6 y\u0131l 7 ayd\u0131r ba\u015fkanl\u0131k g\u00f6revini s\u00fcrd\u00fcren \u00d6zbek, yeni d\u00f6nemi de tamamlamas\u0131 halinde kul\u00fcp tarihinde Ali Sami Yen\u2019den sonra en uzun s\u00fcre g\u00f6rev yapan ikinci ba\u015fkan olacak.<\/p>\n\n\n\n<figure class=\"wp-block-image\"><img decoding=\"async\" src=\"https:\/\/foto.sondakika.com\/haber\/2026\/05\/23\/galatasarayda-secim-gunu-dursu-19875055-5188_1_m.jpg\" alt=\"Galatasaray'da se\u00e7im g\u00fcn\u00fc! Dursun \u00d6zbek tarihe ge\u00e7ecek\"\/><\/figure>\n\n\n\n<h3 class=\"wp-block-heading\">AL\u0130 SAM\u0130 YEN Z\u0130RVEDE<\/h3>\n\n\n\n<p class=\"wp-block-paragraph\">Galatasaray\u2019\u0131n kurucusu Ali Sami Yen, yakla\u015f\u0131k 14 y\u0131ll\u0131k ba\u015fkanl\u0131k s\u00fcresiyle kul\u00fcp tarihinin zirvesinde yer al\u0131yor.&nbsp;\u00d6zbek\u2019in yeni d\u00f6nemi tamamlamas\u0131 halinde Suphi Batur, Selahattin Beyaz\u0131t ve Ali Uras\u2019\u0131 geride b\u0131rakaca\u011f\u0131 ifade edildi.<\/p>\n\n\n\n<h3 class=\"wp-block-heading\">\u00d6ZBEK&#8217;\u0130N YEN\u0130 D\u00d6NEM L\u0130STES\u0130<\/h3>\n\n\n\n<p class=\"wp-block-paragraph\"><strong>\u00d6zbek&#8217;in divan kuruluna sundu\u011fu y\u00f6netim, denetim, sicil ve disiplin kurulu as\u0131l ve yedek listeleri \u015f\u00f6yle:<\/strong><\/p>\n\n\n\n<p class=\"wp-block-paragraph\"><strong>Y\u00f6netim as\u0131l:<\/strong>&nbsp;Dursun \u00d6zbek, Metin \u00d6zt\u00fcrk, Sedat Artuko\u011flu, Eray Yazgan, Can Natan, Mecit Mert \u00c7etinkaya, Mehmet Saruhan Cibara, Abdullah Kavukcu, Mehmet Burak Kutlu\u011f, Fatih Demircan, \u00d6zen Kuzu.<\/p>\n\n\n\n<p class=\"wp-block-paragraph\"><strong>Y\u00f6netim yedek:<\/strong>&nbsp;Bora \u0130smail Bah\u00e7etepe, Ozan Bing\u00f6l Yurtsever, Emir Aral, Tanur Lara Y\u0131lmaz, \u00d6mer Sar\u0131g\u00fcl.<\/p>\n\n\n\n<p class=\"wp-block-paragraph\"><strong>Denetim as\u0131l:<\/strong>&nbsp;Sinan \u015eahin, G\u00fcl Rengin G\u00fcnay, Hasan Can K\u00fclah\u00e7\u0131o\u011flu.<\/p>\n\n\n\n<p class=\"wp-block-paragraph\"><strong>Denetim yedek:<\/strong>&nbsp;Halil Cem Burnaz, Naz\u0131mcan Ayg\u0131n, \u00c7a\u011fatay Aras U\u00e7kun.<\/p>\n\n\n\n<p class=\"wp-block-paragraph\"><strong>Sicil as\u0131l:<\/strong>&nbsp;Mehmet \u00c7a\u011fatay Alt\u0131nl\u0131, Nedime Canipek Konuksever, Okan G\u00fcng\u00f6r, Utku \u00c7a\u011fatay Aksoy, Berat Uygur, Mehmet Selim Yavuz, Bur\u00e7in Aslan.<\/p>\n\n\n\n<p class=\"wp-block-paragraph\"><strong>Sicil yedek:<\/strong>&nbsp;\u00d6zg\u00fcr K\u0131z\u0131lelma, Yakup Peker, Sadettin Can Bilginer.<\/p>\n\n\n\n<p class=\"wp-block-paragraph\"><strong>Disiplin as\u0131l:<\/strong>&nbsp;Hakk\u0131 Akil, Mithat Can Baydarol, Muharrem Remzi Tan, Mustafa \u0130brahim Ziyal, Ayd\u0131n \u00d6nder, Ahmet Murat Canayd\u0131n, Ali Baran \u00d6zt\u00fcrk.<\/p>\n\n\n\n<p class=\"wp-block-paragraph\"><strong>Disiplin yedek:<\/strong>&nbsp;Hasan Mehmet Tirali, Nuri Bora Ebussuuto\u011flu, Sencer Seren, Mustafa Kaya \u00d6zg\u00fcl, G\u00fcnran \u00c7al\u0131n.<\/p>\n","protected":false},"excerpt":{"rendered":"<p>Galatasaray\u2019da ola\u011fan se\u00e7imli genel kurul ba\u015flad\u0131. Tek aday olarak se\u00e7ime giren Dursun \u00d6zbek, yeni g\u00f6rev<\/p>\n","protected":false},"author":1,"featured_media":2093,"comment_status":"open","ping_status":"open","sticky":false,"template":"","format":"standard","meta":{"_rtcl_gb_attr":"","footnotes":""},"categories":[3],"tags":[],"class_list":["post-2092","post","type-post","status-publish","format-standard","has-post-thumbnail","hentry","category-spor"],"_links":{"self":[{"href":"https:\/\/turkiyemhaber.com\/index.php?rest_route=\/wp\/v2\/posts\/2092","targetHints":{"allow":["GET"]}}],"collection":[{"href":"https:\/\/turkiyemhaber.com\/index.php?rest_route=\/wp\/v2\/posts"}],"about":[{"href":"https:\/\/turkiyemhaber.com\/index.php?rest_route=\/wp\/v2\/types\/post"}],"author":[{"embeddable":true,"href":"https:\/\/turkiyemhaber.com\/index.php?rest_route=\/wp\/v2\/users\/1"}],"replies":[{"embeddable":true,"href":"https:\/\/turkiyemhaber.com\/index.php?rest_route=%2Fwp%2Fv2%2Fcomments&post=2092"}],"version-history":[{"count":1,"href":"https:\/\/turkiyemhaber.com\/index.php?rest_route=\/wp\/v2\/posts\/2092\/revisions"}],"predecessor-version":[{"id":2094,"href":"https:\/\/turkiyemhaber.com\/index.php?rest_route=\/wp\/v2\/posts\/2092\/revisions\/2094"}],"wp:featuredmedia":[{"embeddable":true,"href":"https:\/\/turkiyemhaber.com\/index.php?rest_route=\/wp\/v2\/media\/2093"}],"wp:attachment":[{"href":"https:\/\/turkiyemhaber.com\/index.php?rest_route=%2Fwp%2Fv2%2Fmedia&parent=2092"}],"wp:term":[{"taxonomy":"category","embeddable":true,"href":"https:\/\/turkiyemhaber.com\/index.php?rest_route=%2Fwp%2Fv2%2Fcategories&post=2092"},{"taxonomy":"post_tag","embeddable":true,"href":"https:\/\/turkiyemhaber.com\/index.php?rest_route=%2Fwp%2Fv2%2Ftags&post=2092"}],"curies":[{"name":"wp","href":"https:\/\/api.w.org\/{rel}","templated":true}]}}