{"id":2088,"date":"2026-05-22T12:20:17","date_gmt":"2026-05-22T12:20:17","guid":{"rendered":"https:\/\/turkiyemhaber.com\/?p=2088"},"modified":"2026-05-22T12:20:21","modified_gmt":"2026-05-22T12:20:21","slug":"kilicdaroglu-chpnin-3-avukatini-azletti-2","status":"publish","type":"post","link":"https:\/\/turkiyemhaber.com\/?p=2088","title":{"rendered":"K\u0131l\u0131\u00e7daro\u011flu, CHP&#8217;nin 3 avukat\u0131n\u0131 azletti"},"content":{"rendered":"\n<p class=\"wp-block-paragraph\">Ankara 36. B\u00f6lge Adliye Mahkemesi&#8217;nin &#8220;mutlak butlan&#8221; karar\u0131yla CHP&#8217;de Genel Ba\u015fkanl\u0131k koltu\u011funa geri d\u00f6nen Kemal K\u0131l\u0131\u00e7daro\u011flu&#8217;ndan ilk hamle geldi. K\u0131l\u0131\u00e7daro\u011flu, CHP\u2019nin 3 avukat\u0131 \u00c7a\u011flar \u00c7a\u011flayan, Mehmetcan Keysan ve Hazar Karda\u015f&#8217;\u0131 g\u00f6nderdi\u011fi &#8220;azilname&#8221; ile g\u00f6revden ald\u0131.<\/p>\n\n\n\n<p class=\"wp-block-paragraph\">CHP\u2019nin 38. Ola\u011fan Kurultay\u0131 hakk\u0131nda verilen \u201cmutlak butlan\u201d karar\u0131n\u0131n ard\u0131ndan parti i\u00e7indeki kriz derinle\u015firken, mahkeme karar\u0131yla yeniden genel ba\u015fkanl\u0131k koltu\u011funa d\u00f6nen Kemal K\u0131l\u0131\u00e7daro\u011flu\u2019ndan ilk dikkat \u00e7eken hamle geldi.<\/p>\n\n\n\n<p class=\"wp-block-paragraph\">K\u0131l\u0131\u00e7daro\u011flu\u2019nun, CHP\u2019nin avukatlar\u0131 \u00c7a\u011flar \u00c7a\u011flayan, Mehmetcan Keysan ve Hazar Karda\u015f&#8217;\u0131 g\u00f6nderdi\u011fi \u201cazilname\u201d ile g\u00f6revden ald\u0131\u011f\u0131 \u00f6\u011frenildi. S\u00f6z konusu avukatlar\u0131n, kurultay s\u00fcrecine ili\u015fkin davalarda CHP ad\u0131na hukuki s\u00fcre\u00e7leri y\u00fcr\u00fctt\u00fc\u011f\u00fc belirtildi.<\/p>\n\n\n\n<h3 class=\"wp-block-heading\">PART\u0130DE GER\u0130L\u0130M Y\u00dcKSEL\u0130YOR<\/h3>\n\n\n\n<p class=\"wp-block-paragraph\">Ankara B\u00f6lge Adliye Mahkemesi 36. Hukuk Dairesi\u2019nin verdi\u011fi kararla CHP Genel Ba\u015fkan\u0131 \u00d6zg\u00fcr \u00d6zel ve mevcut parti y\u00f6netimi tedbiren g\u00f6revden uzakla\u015ft\u0131r\u0131lm\u0131\u015f, Kemal K\u0131l\u0131\u00e7daro\u011flu ile eski y\u00f6netimin yeniden g\u00f6reve d\u00f6nmesinin \u00f6n\u00fc a\u00e7\u0131lm\u0131\u015ft\u0131.<\/p>\n\n\n\n<p class=\"wp-block-paragraph\">Karar\u0131n ard\u0131ndan CHP y\u00f6netimi \u201cKarar\u0131 tan\u0131m\u0131yoruz\u201d a\u00e7\u0131klamas\u0131 yaparken, \u00d6zg\u00fcr \u00d6zel pe\u015f pe\u015fe ola\u011fan\u00fcst\u00fc MYK toplant\u0131lar\u0131 ger\u00e7ekle\u015ftirmi\u015fti. CHP Genel Merkezi\u2019nde g\u00fcvenlik \u00f6nlemleri art\u0131r\u0131lm\u0131\u015f, olas\u0131 polis ve TOMA giri\u015flerine kar\u015f\u0131 ana giri\u015fe iki parti otob\u00fcs\u00fc \u00e7ekilmi\u015fti.<\/p>\n\n\n\n<h3 class=\"wp-block-heading\">\u00d6ZG\u00dcR \u00d6ZEL\u2019E DESTEK MESAJLARI GELM\u0130\u015eT\u0130<\/h3>\n\n\n\n<p class=\"wp-block-paragraph\">Karar sonras\u0131 CHP i\u00e7inde de safla\u015fma dikkat \u00e7ekmi\u015fti. Eski Gen\u00e7lik Kollar\u0131 Genel Ba\u015fkan\u0131 Gen\u00e7osman Killik ile Aylin Nazl\u0131aka, mahkeme karar\u0131yla eski g\u00f6revlerine d\u00f6nmeleri halinde bunu kabul etmeyeceklerini a\u00e7\u0131klayarak \u00d6zg\u00fcr \u00d6zel\u2019e destek vermi\u015fti.<\/p>\n\n\n\n<p class=\"wp-block-paragraph\">Muhalefet partilerinden de pe\u015f pe\u015fe a\u00e7\u0131klamalar gelirken, DEVA Partisi Genel Ba\u015fkan\u0131 Ali Babacan ve Zafer Partisi Genel Ba\u015fkan\u0131 \u00dcmit \u00d6zda\u011f, yarg\u0131n\u0131n siyaseti dizayn arac\u0131 haline getirilmemesi gerekti\u011fini savunmu\u015ftu.<\/p>\n\n\n\n<h3 class=\"wp-block-heading\">\u0130LK HAMLE \u201cAZ\u0130LNAME\u201d OLDU<\/h3>\n\n\n\n<p class=\"wp-block-paragraph\">K\u0131l\u0131\u00e7daro\u011flu\u2019nun avukatlara y\u00f6nelik hamlesi, parti i\u00e7inde yeni d\u00f6nemin ilk somut ad\u0131m\u0131 olarak yorumland\u0131. CHP kulislerinde karar\u0131n ard\u0131ndan yeni g\u00f6rev de\u011fi\u015fiklikleri ve hukuki ad\u0131mlar\u0131n da g\u00fcndeme gelebilece\u011fi konu\u015fuluyor.<\/p>\n\n\n\n<h3 class=\"wp-block-heading\">NE OLMU\u015eTU?<\/h3>\n\n\n\n<p class=\"wp-block-paragraph\">Ankara B\u00f6lge Adliye Mahkemesi, CHP i\u00e7in mutlak butlan karar\u0131 verdi. 4-5 Kas\u0131m 2023&#8217;te CHP&#8217;nin 38. Ola\u011fan Kurultay\u0131&#8217;n\u0131n iptaline karar verildi.<\/p>\n\n\n\n<p class=\"wp-block-paragraph\">CHP Genel Ba\u015fkan\u0131 \u00d6zg\u00fcr \u00d6zel, MYK ve YDK \u00fcyelerinin g\u00f6revden uzakla\u015ft\u0131r\u0131lmas\u0131na karar verildi. Mahkeme Kemal K\u0131l\u0131\u00e7daro\u011flu, PM ve YDK \u00fcyelerinin tedbiren g\u00f6rev \u00fcstlenmesini de kararla\u015ft\u0131rd\u0131. Kurultay\u0131n iptal edilmesiyle o tarihten sonra yap\u0131lan t\u00fcm ola\u011fan ve ola\u011fan\u00fcst\u00fc kurultaylar ve al\u0131nan kararlar da h\u00fck\u00fcms\u00fcz kald\u0131.<\/p>\n\n\n\n<h3 class=\"wp-block-heading\">MAHKEME KARARINDA NE DEN\u0130LD\u0130?<\/h3>\n\n\n\n<p class=\"wp-block-paragraph\">Ankara B\u00f6lge Adliye Mahkemesi 36. Hukuk Dairesi karar\u0131nda, &#8220;Mutlak butlanla sakatlanm\u0131\u015f 4-5 Kas\u0131m 2023 tarihli kurultay ile g\u00f6reve gelen genel ba\u015fkan \u00d6zg\u00fcr \u00d6zel\u2019in, Merkez Y\u00f6netim Kurulu \u00fcyelerinin, Parti Meclisi \u00dcyelerinin ve Y\u00fcksek Disiplin Kurulu \u00dcyelerinin tedbiren g\u00f6revden uzakla\u015ft\u0131r\u0131lmalar\u0131na ve 4-5 Kas\u0131m 2023 tarihli kurultay \u00f6ncesi g\u00f6revde bulunan genel ba\u015fkan Kemal K\u0131l\u0131\u00e7daro\u011flu ile Parti Meclisi ve Y\u00fcksek Disiplin Kurulu \u00fcyelerinin karar kesinle\u015finceye kadar tedbiren g\u00f6revi \u00fcstlenmelerine ve g\u00f6rev iadelerine&#8221; ifadesine yer verildi.<\/p>\n","protected":false},"excerpt":{"rendered":"<p>Ankara 36. B\u00f6lge Adliye Mahkemesi&#8217;nin &#8220;mutlak butlan&#8221; karar\u0131yla CHP&#8217;de Genel Ba\u015fkanl\u0131k koltu\u011funa geri d\u00f6nen Kemal<\/p>\n","protected":false},"author":1,"featured_media":1837,"comment_status":"open","ping_status":"open","sticky":false,"template":"","format":"standard","meta":{"_rtcl_gb_attr":"","footnotes":""},"categories":[44,43],"tags":[],"class_list":["post-2088","post","type-post","status-publish","format-standard","has-post-thumbnail","hentry","category-politika","category-son-dakika"],"_links":{"self":[{"href":"https:\/\/turkiyemhaber.com\/index.php?rest_route=\/wp\/v2\/posts\/2088","targetHints":{"allow":["GET"]}}],"collection":[{"href":"https:\/\/turkiyemhaber.com\/index.php?rest_route=\/wp\/v2\/posts"}],"about":[{"href":"https:\/\/turkiyemhaber.com\/index.php?rest_route=\/wp\/v2\/types\/post"}],"author":[{"embeddable":true,"href":"https:\/\/turkiyemhaber.com\/index.php?rest_route=\/wp\/v2\/users\/1"}],"replies":[{"embeddable":true,"href":"https:\/\/turkiyemhaber.com\/index.php?rest_route=%2Fwp%2Fv2%2Fcomments&post=2088"}],"version-history":[{"count":1,"href":"https:\/\/turkiyemhaber.com\/index.php?rest_route=\/wp\/v2\/posts\/2088\/revisions"}],"predecessor-version":[{"id":2089,"href":"https:\/\/turkiyemhaber.com\/index.php?rest_route=\/wp\/v2\/posts\/2088\/revisions\/2089"}],"wp:featuredmedia":[{"embeddable":true,"href":"https:\/\/turkiyemhaber.com\/index.php?rest_route=\/wp\/v2\/media\/1837"}],"wp:attachment":[{"href":"https:\/\/turkiyemhaber.com\/index.php?rest_route=%2Fwp%2Fv2%2Fmedia&parent=2088"}],"wp:term":[{"taxonomy":"category","embeddable":true,"href":"https:\/\/turkiyemhaber.com\/index.php?rest_route=%2Fwp%2Fv2%2Fcategories&post=2088"},{"taxonomy":"post_tag","embeddable":true,"href":"https:\/\/turkiyemhaber.com\/index.php?rest_route=%2Fwp%2Fv2%2Ftags&post=2088"}],"curies":[{"name":"wp","href":"https:\/\/api.w.org\/{rel}","templated":true}]}}