{"id":2086,"date":"2026-05-22T12:10:58","date_gmt":"2026-05-22T12:10:58","guid":{"rendered":"https:\/\/turkiyemhaber.com\/?p=2086"},"modified":"2026-05-22T12:11:02","modified_gmt":"2026-05-22T12:11:02","slug":"ozgur-ozel-saat-verip-cagri-yapti-ulkesini-seven-herkesi-direnmeye-davet-ediyorum","status":"publish","type":"post","link":"https:\/\/turkiyemhaber.com\/?p=2086","title":{"rendered":"\u00d6zg\u00fcr \u00d6zel saat verip \u00e7a\u011fr\u0131 yapt\u0131: \u00dclkesini seven herkesi direnmeye davet ediyorum"},"content":{"rendered":"\n<p class=\"wp-block-paragraph\">Ankara B\u00f6lge Adliye Mahkemesi 36. Hukuk Dairesi&#8217;nin karar\u0131yla CHP Genel Ba\u015fkanl\u0131\u011f\u0131 g\u00f6revinden uzakla\u015ft\u0131r\u0131lan \u00d6zg\u00fcr \u00d6zel&#8217;den yeni bir \u00e7a\u011fr\u0131 geldi. Vatanda\u015flar\u0131 bu ak\u015fam saat 20.30&#8217;da CHP Genel Merkezi&#8217;ne davet eden \u00d6zel &#8220;Bu darbe CHP\u2019nin meselesi de\u011fildir. Mesele milletin meselesidir! Bu ak\u015fam, \u00fclkesini seven herkesi direnmeye, tarihi yeniden yazmaya davet ediyorum&#8221; ifadelerini kulland\u0131.<\/p>\n\n\n\n<p class=\"wp-block-paragraph\">Ankara B\u00f6lge Adliye Mahkemesi 36. Hukuk Dairesi\u2019nin CHP\u2019nin 38. Ola\u011fan Kurultay\u0131\u2019yla ilgili verdi\u011fi karar siyaset g\u00fcndemine bomba gibi d\u00fc\u015ft\u00fc. Mahkemenin, kurultay s\u00fcrecini \u201cmutlak butlan\u201d kapsam\u0131nda de\u011ferlendirmesinin ard\u0131ndan CHP Genel Ba\u015fkanl\u0131\u011f\u0131 g\u00f6revinden uzakla\u015ft\u0131r\u0131lan&nbsp;<a href=\"https:\/\/www.sondakika.com\/ozgur-ozel\/\">\u00d6zg\u00fcr \u00d6zel<\/a>, pe\u015f pe\u015fe dikkat \u00e7eken a\u00e7\u0131klamalar yapt\u0131.<\/p>\n\n\n\n<h3 class=\"wp-block-heading\">\u00d6ZEL&#8217;DEN VATANDA\u015eLARA YEN\u0130 \u00c7A\u011eRI<\/h3>\n\n\n\n<p class=\"wp-block-paragraph\">Karar\u0131n ard\u0131ndan CHP Genel Merkezi\u2019nde ola\u011fan\u00fcst\u00fc toplant\u0131 ger\u00e7ekle\u015ftiren \u00d6zel, vatanda\u015flara \u00e7a\u011fr\u0131da bulunarak bu ak\u015fam saat 20.30\u2019da herkesi CHP Genel Merkezi \u00f6n\u00fcne davet etti.&nbsp;<\/p>\n\n\n\n<h3 class=\"wp-block-heading\">&#8220;MESELE M\u0130LLET\u0130N MESELES\u0130D\u0130R&#8221;<\/h3>\n\n\n\n<p class=\"wp-block-paragraph\">\u00d6zel a\u00e7\u0131klamas\u0131nda, \u201cBu darbe CHP\u2019nin meselesi de\u011fildir. Mesele milletin meselesidir! Bu ak\u015fam, \u00fclkesini seven herkesi direnmeye, tarihi yeniden yazmaya davet ediyorum\u201d ifadelerini kulland\u0131.<\/p>\n\n\n\n<figure class=\"wp-block-image\"><img decoding=\"async\" src=\"https:\/\/foto.sondakika.com\/haber\/2026\/05\/22\/20260522_fb165bd82ca147e1b12b11026545963f.jpg\" alt=\"\u00d6zg\u00fcr \u00d6zel saat verip \u00e7a\u011fr\u0131 yapt\u0131: \u00dclkesini seven herkesi direnmeye davet ediyorum\"\/><\/figure>\n\n\n\n<h3 class=\"wp-block-heading\">MAHKEME \u0130T\u0130RAZI REDDETT\u0130<\/h3>\n\n\n\n<p class=\"wp-block-paragraph\">Ankara B\u00f6lge Adliye Mahkemesi 36. Hukuk Dairesi, CHP\u2019nin 4-5 Kas\u0131m 2023 tarihlerinde ger\u00e7ekle\u015ftirilen 38. Ola\u011fan Kurultay\u0131\u2019n\u0131n \u201cmutlak butlan\u201d ile sakatland\u0131\u011f\u0131 gerek\u00e7esiyle iptaline karar vermi\u015fti.&nbsp;Mahkeme karar\u0131nda eski CHP Genel Ba\u015fkan\u0131 Kemal K\u0131l\u0131\u00e7daro\u011flu ile \u00f6nceki parti organlar\u0131n\u0131n g\u00f6revlerine devam etmesine h\u00fckmedildi.<\/p>\n\n\n\n<p class=\"wp-block-paragraph\">Karar\u0131n ard\u0131ndan CHP Genel Merkezi, tedbir karar\u0131na kar\u015f\u0131 hukuki itirazda bulundu. Ancak Ankara B\u00f6lge Adliye Mahkemesi 36. Hukuk Dairesi, yap\u0131lan ba\u015fvuruyu reddetti.<\/p>\n\n\n\n<h3 class=\"wp-block-heading\">KILI\u00c7DARO\u011eLU&#8217;NDEN \u0130LK \u0130CRAAT: 3 AVUKATI AZLETT\u0130<\/h3>\n\n\n\n<p class=\"wp-block-paragraph\">Mutlak butlan karar\u0131yla CHP&#8217;de Genel Ba\u015fkanl\u0131k koltu\u011funa geri d\u00f6nen Kemal K\u0131l\u0131\u00e7daro\u011flu&#8217;ndan ilk hamle geldi. K\u0131l\u0131\u00e7daro\u011flu, CHP\u2019nin 3 avukat\u0131 \u00c7a\u011flar \u00c7a\u011flayan, Mehmetcan Keysan ve Hazar Karda\u015f&#8217;\u0131 g\u00f6nderdi\u011fi &#8220;azilname&#8221; ile g\u00f6revden ald\u0131. S\u00f6z konusu avukatlar\u0131n, kurultay s\u00fcrecine ili\u015fkin davalarda CHP ad\u0131na hukuki s\u00fcre\u00e7leri y\u00fcr\u00fctt\u00fc\u011f\u00fc belirtildi.<\/p>\n\n\n\n<h3 class=\"wp-block-heading\">KILI\u00c7DARO\u011eLU \u00c7ALI\u015eMA OF\u0130S\u0130NE G\u0130TT\u0130<\/h3>\n\n\n\n<p class=\"wp-block-paragraph\">Mahkeme karar\u0131 ile g\u00f6reve geri d\u00f6nen Kemal K\u0131l\u0131\u00e7daro\u011flu, evinden ayr\u0131ld\u0131. Genel Merkez&#8217;e gidip gitmeyece\u011fi merak edilen ancak ofisine ge\u00e7en K\u0131l\u0131\u00e7daro\u011flu herhangi bir a\u00e7\u0131klama yapmad\u0131.&nbsp;<\/p>\n\n\n\n<h3 class=\"wp-block-heading\">CHP YSK\u2019YA BA\u015eVURDU<\/h3>\n\n\n\n<p class=\"wp-block-paragraph\">CHP Genel Ba\u015fkan\u0131 \u00d6zg\u00fcr \u00d6zel, d\u00fcn yapt\u0131\u011f\u0131 a\u00e7\u0131klamada \u201cmutlak butlan\u201d karar\u0131na kar\u015f\u0131 ilk hukuki itiraz\u0131 Yarg\u0131tay\u2019a yapt\u0131klar\u0131n\u0131 a\u00e7\u0131klam\u0131\u015f, Y\u00fcksek Se\u00e7im Kurulu\u2019na da ba\u015fvuracaklar\u0131n\u0131 duyurmu\u015ftu.&nbsp;CHP\u2019nin YSK Temsilcisi Mehmet Hamidi Yakupo\u011flu\u2019nun da bug\u00fcn sabah saatlerinde YSK\u2019ya resmi ba\u015fvuruda bulundu\u011fu \u00f6\u011frenildi.<\/p>\n\n\n\n<h3 class=\"wp-block-heading\">&#8220;KARARI KABUL ETM\u0130YORUZ&#8221;<\/h3>\n\n\n\n<p class=\"wp-block-paragraph\">\u00d6zel&#8217;in gece d\u00fczenledi\u011fi bas\u0131n toplant\u0131s\u0131 ve se\u00e7im otob\u00fcs\u00fc \u00fczerinden yapt\u0131\u011f\u0131 konu\u015fman\u0131n ard\u0131ndan partililerin bir k\u0131sm\u0131 genel merkezde kalmaya devam ederken, ayr\u0131lan partililer ise sabah tekrar genel merkeze geldi.<\/p>\n\n\n\n<p class=\"wp-block-paragraph\">CHP Grup Ba\u015fkanvekili Murat Emir, &#8220;Bu karar\u0131n as\u0131l tart\u0131laca\u011f\u0131 yer halk\u0131m\u0131z\u0131n vicdan\u0131d\u0131r.&nbsp;<a href=\"https:\/\/www.sondakika.com\/siyaset\/\">Siyaset<\/a>&nbsp;halk i\u00e7in ve halkla birlikte yap\u0131l\u0131r. Biz arkam\u0131zda milyonlar\u0131n, halk\u0131m\u0131z\u0131n oldu\u011funu biliyor, g\u00f6r\u00fcyor ve bunu her an hissediyoruz. Dolay\u0131s\u0131yla bu yanl\u0131\u015f karar, halk\u0131n vicdan\u0131ndan geri d\u00f6necektir. Saray\u0131n ald\u0131\u011f\u0131 bu yanl\u0131\u015f, haks\u0131z ve hukuksuz karar\u0131 do\u011fru bulmuyor ve kabul etmiyoruz.<\/p>\n\n\n\n<p class=\"wp-block-paragraph\">Baba oca\u011f\u0131nday\u0131z, buraday\u0131z. Milyonlarla birlikte direni\u015fe devam ediyoruz. YSK&#8217;ya ba\u015fvurumuzu yapt\u0131k; \u00e7\u00fcnk\u00fc bize bu mazbatalar\u0131 veren YSK&#8217;d\u0131r. Bu kongreler, YSK&#8217;n\u0131n g\u00f6zetim ve denetiminde yap\u0131lm\u0131\u015ft\u0131r. Dolay\u0131s\u0131yla YSK, e\u011fer bundan sonra varl\u0131\u011f\u0131n\u0131 sayg\u0131n bir \u015fekilde s\u00fcrd\u00fcrecekse, kendi kararlar\u0131n\u0131n arkas\u0131nda durmal\u0131 ve bu hukuksuzlu\u011fa anayasal d\u00fczeyde bir son vermelidir&#8221; dedi.<\/p>\n","protected":false},"excerpt":{"rendered":"<p>Ankara B\u00f6lge Adliye Mahkemesi 36. Hukuk Dairesi&#8217;nin karar\u0131yla CHP Genel Ba\u015fkanl\u0131\u011f\u0131 g\u00f6revinden uzakla\u015ft\u0131r\u0131lan \u00d6zg\u00fcr \u00d6zel&#8217;den<\/p>\n","protected":false},"author":1,"featured_media":1864,"comment_status":"open","ping_status":"open","sticky":false,"template":"","format":"standard","meta":{"_rtcl_gb_attr":"","footnotes":""},"categories":[44,43],"tags":[],"class_list":["post-2086","post","type-post","status-publish","format-standard","has-post-thumbnail","hentry","category-politika","category-son-dakika"],"_links":{"self":[{"href":"https:\/\/turkiyemhaber.com\/index.php?rest_route=\/wp\/v2\/posts\/2086","targetHints":{"allow":["GET"]}}],"collection":[{"href":"https:\/\/turkiyemhaber.com\/index.php?rest_route=\/wp\/v2\/posts"}],"about":[{"href":"https:\/\/turkiyemhaber.com\/index.php?rest_route=\/wp\/v2\/types\/post"}],"author":[{"embeddable":true,"href":"https:\/\/turkiyemhaber.com\/index.php?rest_route=\/wp\/v2\/users\/1"}],"replies":[{"embeddable":true,"href":"https:\/\/turkiyemhaber.com\/index.php?rest_route=%2Fwp%2Fv2%2Fcomments&post=2086"}],"version-history":[{"count":1,"href":"https:\/\/turkiyemhaber.com\/index.php?rest_route=\/wp\/v2\/posts\/2086\/revisions"}],"predecessor-version":[{"id":2087,"href":"https:\/\/turkiyemhaber.com\/index.php?rest_route=\/wp\/v2\/posts\/2086\/revisions\/2087"}],"wp:featuredmedia":[{"embeddable":true,"href":"https:\/\/turkiyemhaber.com\/index.php?rest_route=\/wp\/v2\/media\/1864"}],"wp:attachment":[{"href":"https:\/\/turkiyemhaber.com\/index.php?rest_route=%2Fwp%2Fv2%2Fmedia&parent=2086"}],"wp:term":[{"taxonomy":"category","embeddable":true,"href":"https:\/\/turkiyemhaber.com\/index.php?rest_route=%2Fwp%2Fv2%2Fcategories&post=2086"},{"taxonomy":"post_tag","embeddable":true,"href":"https:\/\/turkiyemhaber.com\/index.php?rest_route=%2Fwp%2Fv2%2Ftags&post=2086"}],"curies":[{"name":"wp","href":"https:\/\/api.w.org\/{rel}","templated":true}]}}