{"id":2082,"date":"2026-05-22T12:06:17","date_gmt":"2026-05-22T12:06:17","guid":{"rendered":"https:\/\/turkiyemhaber.com\/?p=2082"},"modified":"2026-05-22T12:06:21","modified_gmt":"2026-05-22T12:06:21","slug":"icra-memurlari-kemal-kilicdarogluna-mahkeme-kararini-elden-teblig-etti","status":"publish","type":"post","link":"https:\/\/turkiyemhaber.com\/?p=2082","title":{"rendered":"\u0130cra memurlar\u0131, Kemal K\u0131l\u0131\u00e7daro\u011flu&#8217;na mahkeme karar\u0131n\u0131 elden tebli\u011f etti"},"content":{"rendered":"\n<p class=\"wp-block-paragraph\">Kemal K\u0131l\u0131\u00e7daro\u011flu&#8217;nun ofisine gelen icra memurlar\u0131, &#8220;mutlak butlan&#8221; karar\u0131n\u0131 elden tebli\u011f etti. Karar\u0131n resmen tebli\u011f edilmesiyle birlikte \u00d6zg\u00fcr \u00d6zel\u2019in genel ba\u015fkanl\u0131\u011f\u0131 d\u00fc\u015ft\u00fc, K\u0131l\u0131\u00e7daro\u011flu ise yeniden CHP Genel Ba\u015fkan\u0131 oldu. Kemal K\u0131l\u0131\u00e7daro\u011flu\u2019nun, Parti Meclisi \u00fcyelerini tek tek aray\u0131p \u00e7a\u011f\u0131rmas\u0131 bekleniyor.<\/p>\n\n\n\n<figure class=\"wp-block-video\"><video height=\"1920\" style=\"aspect-ratio: 1080 \/ 1920;\" width=\"1080\" controls src=\"https:\/\/turkiyemhaber.com\/wp-content\/uploads\/2026\/05\/Cok-yakinda-Instagram-Hikayesi-5.mp4\"><\/video><\/figure>\n\n\n\n<p class=\"wp-block-paragraph\">Ankara B\u00f6lge Adliye Mahkemesi (BAM) 36. Hukuk Dairesi, CHP kurultay davas\u0131nda, \u00d6zg\u00fcr \u00d6zel ile parti y\u00f6netiminin tedbiren g\u00f6revden uzakla\u015ft\u0131r\u0131lmas\u0131na, Kemal K\u0131l\u0131\u00e7daro\u011flu ile y\u00f6netiminin g\u00f6revi devralmas\u0131na karar verdi. \u0130cra memurlar\u0131, s\u00f6z konusu mahkeme karar\u0131n\u0131 K\u0131l\u0131\u00e7daro\u011flu&#8217;na elden tebli\u011f etti.<\/p>\n\n\n\n<h3 class=\"wp-block-heading\">&#8220;CHP GENEL BA\u015eKANI KILI\u00c7DARO\u011eLU&#8217;DUR&#8221;<\/h3>\n\n\n\n<p class=\"wp-block-paragraph\">Karar\u0131n tebli\u011f edilmesinin ard\u0131ndan a\u00e7\u0131klamalarda bulunan Avukat Yusuf \u00dcregen, &#8220;Kurultay davas\u0131n\u0131n delegelerinin avukat\u0131y\u0131m. Verilen karar davada ne kadar hakl\u0131 oldu\u011fumuzu bir kez daha ortaya koydu. Art\u0131k bundan sonras\u0131 partimizin i\u00e7 siyasetine y\u00f6nelik. Yeni bir s\u00fcre\u00e7 ba\u015flad\u0131. Genel Ba\u015fkan\u0131m\u0131z Say\u0131n Kemal K\u0131l\u0131\u00e7daro\u011flu&#8217;na hay\u0131rl\u0131 olmas\u0131n\u0131 diliyorum. Kendisinin partiyi bir \u015fekilde birlik i\u00e7ine sokaca\u011f\u0131na inanc\u0131m tam. G\u00f6revi tebli\u011f edildi. Cumhuriyet Halk Partisi&#8217;nin Genel Ba\u015fkan\u0131 \u015fu an Kemal K\u0131l\u0131\u00e7daro\u011flu&#8217;dur&#8221; ifadelerini kulland\u0131.<\/p>\n\n\n\n<h3 class=\"wp-block-heading\">CHP&#8217;N\u0130N \u0130T\u0130RAZINA RET<\/h3>\n\n\n\n<p class=\"wp-block-paragraph\">\u00d6te yandan;&nbsp;CHP, mutlak butlan karar\u0131 veren Ankara B\u00f6lge Adliye Mahkemesi 36. Hukuk Dairesi&#8217;ne tedbir karar\u0131 y\u00f6n\u00fcnden itirazda bulundu.&nbsp;\u0130tiraz\u0131 inceleyen Daire, ihtiyati tedbire ili\u015fkin itiraz\u0131 reddetti.<\/p>\n\n\n\n<p class=\"wp-block-paragraph\">Dairenin karar\u0131nda yarg\u0131lamaya konu davayla ilgili esastan karar verilerek ihtiyati tedbir uygulanmas\u0131na h\u00fckmedildi\u011fi, ihtiyati tedbir karar\u0131na y\u00f6nelik itiraz m\u00fcessesesinin bulunmad\u0131\u011f\u0131 ve ihtiyati tedbire ili\u015fkin t\u00fcm talep ve kararlar\u0131n istinaf a\u015famas\u0131nda kesinle\u015fti\u011fi belirtildi.<\/p>\n\n\n\n<p class=\"wp-block-paragraph\">Kararda, &#8220;Dairemizce verilen ihtiyati tedbir karar\u0131n\u0131n kesin nitelikte bulundu\u011fu anla\u015f\u0131ld\u0131\u011f\u0131ndan daval\u0131 vekilinin ihtiyati tedbire itiraz talebinin reddine karar vermek gerekmi\u015ftir&#8221; ifadesi yer ald\u0131.<\/p>\n\n\n\n<p class=\"wp-block-paragraph\">Ayr\u0131nt\u0131lar geliyor&#8230;<\/p>\n\n\n\n<p class=\"wp-block-paragraph\"><\/p>\n","protected":false},"excerpt":{"rendered":"<p>Kemal K\u0131l\u0131\u00e7daro\u011flu&#8217;nun ofisine gelen icra memurlar\u0131, &#8220;mutlak butlan&#8221; karar\u0131n\u0131 elden tebli\u011f etti. Karar\u0131n resmen tebli\u011f<\/p>\n","protected":false},"author":1,"featured_media":2083,"comment_status":"open","ping_status":"open","sticky":false,"template":"","format":"standard","meta":{"_rtcl_gb_attr":"","footnotes":""},"categories":[44,43],"tags":[],"class_list":["post-2082","post","type-post","status-publish","format-standard","has-post-thumbnail","hentry","category-politika","category-son-dakika"],"_links":{"self":[{"href":"https:\/\/turkiyemhaber.com\/index.php?rest_route=\/wp\/v2\/posts\/2082","targetHints":{"allow":["GET"]}}],"collection":[{"href":"https:\/\/turkiyemhaber.com\/index.php?rest_route=\/wp\/v2\/posts"}],"about":[{"href":"https:\/\/turkiyemhaber.com\/index.php?rest_route=\/wp\/v2\/types\/post"}],"author":[{"embeddable":true,"href":"https:\/\/turkiyemhaber.com\/index.php?rest_route=\/wp\/v2\/users\/1"}],"replies":[{"embeddable":true,"href":"https:\/\/turkiyemhaber.com\/index.php?rest_route=%2Fwp%2Fv2%2Fcomments&post=2082"}],"version-history":[{"count":1,"href":"https:\/\/turkiyemhaber.com\/index.php?rest_route=\/wp\/v2\/posts\/2082\/revisions"}],"predecessor-version":[{"id":2085,"href":"https:\/\/turkiyemhaber.com\/index.php?rest_route=\/wp\/v2\/posts\/2082\/revisions\/2085"}],"wp:featuredmedia":[{"embeddable":true,"href":"https:\/\/turkiyemhaber.com\/index.php?rest_route=\/wp\/v2\/media\/2083"}],"wp:attachment":[{"href":"https:\/\/turkiyemhaber.com\/index.php?rest_route=%2Fwp%2Fv2%2Fmedia&parent=2082"}],"wp:term":[{"taxonomy":"category","embeddable":true,"href":"https:\/\/turkiyemhaber.com\/index.php?rest_route=%2Fwp%2Fv2%2Fcategories&post=2082"},{"taxonomy":"post_tag","embeddable":true,"href":"https:\/\/turkiyemhaber.com\/index.php?rest_route=%2Fwp%2Fv2%2Ftags&post=2082"}],"curies":[{"name":"wp","href":"https:\/\/api.w.org\/{rel}","templated":true}]}}