{"id":2073,"date":"2026-05-22T11:57:34","date_gmt":"2026-05-22T11:57:34","guid":{"rendered":"https:\/\/turkiyemhaber.com\/?p=2073"},"modified":"2026-05-22T11:57:39","modified_gmt":"2026-05-22T11:57:39","slug":"ziraatcilar-bu-yil-tarimsal-uretimde-sikinti-beklemiyor","status":"publish","type":"post","link":"https:\/\/turkiyemhaber.com\/?p=2073","title":{"rendered":"Ziraat\u00e7\u0131lar, bu y\u0131l tar\u0131msal \u00fcretimde s\u0131k\u0131nt\u0131 beklemiyor"},"content":{"rendered":"\n<p class=\"wp-block-paragraph\">T\u00fcrk Ziraat Y\u00fcksek M\u00fchendisleri Birli\u011fi Genel Ba\u015fkan\u0131 Fehmi Kiraz, &#8220;Meyve, i\u00e7ecek ve baharat bitkilerindeki y\u00fczde 57,8&#8217;lik b\u00fcy\u00fcme, i\u00e7 piyasa fiyatlar\u0131n\u0131n fahi\u015f artmas\u0131n\u0131 \u00f6nleyecek ve t\u00fcketicinin meyveye eri\u015fimini daha da kolayla\u015ft\u0131racakt\u0131r.&#8221; dedi.<\/p>\n\n\n\n<p class=\"wp-block-paragraph\">Ankara<\/p>\n\n\n\n<p class=\"wp-block-paragraph\">T\u00fcrk Ziraat Y\u00fcksek M\u00fchendisleri Birli\u011fi Genel Ba\u015fkan\u0131 Kiraz, AA muhabirine yapt\u0131\u011f\u0131 a\u00e7\u0131klamada, tar\u0131msal \u00fcretim verilerini de\u011ferlendirdi.<\/p>\n\n\n\n<p class=\"wp-block-paragraph\">Kiraz, 2025-2026 tar\u0131msal \u00fcretim sezonundaki ya\u011f\u0131\u015flardan memnun olduklar\u0131n\u0131 dile getirerek, s\u00f6z konusu d\u00f6nemde hava s\u0131cakl\u0131\u011f\u0131n\u0131n ve ya\u011f\u0131\u015flar\u0131n istenildi\u011fi gibi gitti\u011fini s\u00f6yledi.<\/p>\n\n\n\n<p class=\"wp-block-paragraph\">Tar\u0131msal \u00fcretim sezonunda, ciddi zirai don veya di\u011fer do\u011fal olaylar ya\u015fanmad\u0131\u011f\u0131n\u0131 an\u0131msatan Kiraz, &#8220;Tarla ve bah\u00e7e \u00fcr\u00fcnlerindeki art\u0131\u015f\u0131n sebebi tamamen iklimsel, her \u015feyin uygun ortam\u0131nda olmas\u0131 ve \u00e7ift\u00e7imizin eme\u011fidir. Farkl\u0131 b\u00f6lgelerde yapt\u0131\u011f\u0131m\u0131z incelemelerde, bu\u011fday ve arpadaki fenolojik g\u00f6zlemlere dayal\u0131 olarak bu y\u0131l bu\u011fdayda sulu-kuru kar\u0131\u015f\u0131k uzun y\u0131llar ortalamas\u0131n\u0131n \u00fcst\u00fcnde dekar ba\u015f\u0131na 300 kilogram\u0131n \u00fczerinde, arpada da 275 kilogram verimin olu\u015fmas\u0131 bekliyoruz. Bu da \u00fcretimin bu\u011fdayda 21-22 milyon ton, arpada 8-8,5 milyon ton aras\u0131nda olmas\u0131 anlam\u0131na geliyor.&#8221; diye konu\u015ftu.<\/p>\n\n\n\n<h2 class=\"wp-block-heading\">&#8220;Tar\u0131msal \u00fcretim art\u0131\u015f\u0131 g\u0131da enflasyonunu frenleyebilir&#8221;<\/h2>\n\n\n\n<p class=\"wp-block-paragraph\">Her y\u0131l d\u0131\u015far\u0131dan ithal edilen bu\u011fday ve arpa \u00fcr\u00fcnlerine (dahilde i\u015fleme hari\u00e7) verilen yakla\u015f\u0131k 3 milyar dolar\u0131n, T\u00fcrkiye&#8217;nin cebinde kalaca\u011f\u0131na dikkati \u00e7eken Kiraz, \u015f\u00f6yle devam etti:<\/p>\n\n\n\n<p class=\"wp-block-paragraph\">&#8220;Meyve, i\u00e7ecek ve baharat bitkilerindeki y\u00fczde 57,8&#8217;lik b\u00fcy\u00fcme, i\u00e7 piyasa fiyatlar\u0131n\u0131n fahi\u015f artmas\u0131n\u0131 \u00f6nleyecek ve t\u00fcketicinin meyveye eri\u015fimini daha da kolayla\u015ft\u0131racakt\u0131r. \u0130\u00e7 piyasada meyvedeki bolluk, t\u00fcketiciye fiyatlar\u0131n gerilemesi ya da sabit kalmas\u0131 \u015feklinde yans\u0131yacakt\u0131r. Bu da g\u0131da enflasyonu y\u00fckselmesinde, bir frenleme mekanizmas\u0131na d\u00f6n\u00fc\u015febilir. \u015eu anda erik, nektarin, \u015feftali gibi sert \u00e7ekirdekli meyvelerin fiyatlar\u0131nda bir gerileme g\u00f6r\u00fcnmektedir. Meyve ve sebzede, kendi kendimize yeten ve hatta d\u0131\u015far\u0131ya satan bir \u00fclkeyiz. Daha fazla meyve sebze satabilece\u011fimiz ihracat kanallar\u0131 olu\u015fturmam\u0131z, \u00fclkemizin d\u0131\u015f gelirinin artmas\u0131 y\u00f6n\u00fcnde f\u0131rsat olu\u015fturacakt\u0131r.&#8221;<\/p>\n\n\n\n<h2 class=\"wp-block-heading\">&#8220;Komisyonlar\u0131n normal tutulmas\u0131 \u00fcretici ve t\u00fcketiciyi memnun eder&#8221;<\/h2>\n\n\n\n<p class=\"wp-block-paragraph\">Kiraz, m\u0131s\u0131r ekiminin baz\u0131 b\u00f6lgelerde yeni yap\u0131ld\u0131\u011f\u0131n\u0131 ve \u00fcretimdeki d\u00fc\u015f\u00fc\u015f beklentisinin, tamamen ekim alan\u0131yla ilgili oldu\u011funu anlatt\u0131.<\/p>\n\n\n\n<p class=\"wp-block-paragraph\">\u00dcreticilere uyar\u0131larda bulunan Kiraz, \u015funlar\u0131 kaydetti:<\/p>\n\n\n\n<p class=\"wp-block-paragraph\">&#8220;\u0130\u00e7 Anadolu, \u00e7ok ya\u011f\u0131\u015f ald\u0131\u011f\u0131 i\u00e7in bundan sonraki s\u00fcre\u00e7te bu\u011fdayda ve baklagillerde k\u00f6k \u00e7\u00fcr\u00fcmesi ve bu\u011fdayda ba\u015fakta dane filizlenmesi s\u0131k\u0131nt\u0131lar\u0131na kar\u015f\u0131 dikkat edilmesi gerekiyor. Ayr\u0131ca, g\u00fcbrelemedeki azalmaya dikkat edilmeli, toprak ve bitki ne istiyorsa o \u015fekilde g\u00fcbrelenmeli. Bu y\u0131l, iklim ve uygun ko\u015fullar dolay\u0131s\u0131yla tar\u0131msal \u00fcretimde s\u0131k\u0131nt\u0131 g\u00f6r\u00fcnmeyece\u011fini d\u00fc\u015f\u00fcn\u00fcyoruz. Esas \u00f6nemli olan \u00fcr\u00fcn fiyatlar\u0131 olarak \u00e7ift\u00e7imizin al\u0131n terinin kar\u015f\u0131l\u0131\u011f\u0131n\u0131 verebilmek, bu i\u015fin s\u00fcrd\u00fcr\u00fclebilirli\u011fini sa\u011flamakt\u0131r. Meyvede sebzede arac\u0131 komisyonlar\u0131n\u0131n normal tutulmas\u0131, hem \u00fcretici hem t\u00fcketiciyi memnun edecektir.&#8221;<\/p>\n","protected":false},"excerpt":{"rendered":"<p>T\u00fcrk Ziraat Y\u00fcksek M\u00fchendisleri Birli\u011fi Genel Ba\u015fkan\u0131 Fehmi Kiraz, &#8220;Meyve, i\u00e7ecek ve baharat bitkilerindeki y\u00fczde<\/p>\n","protected":false},"author":1,"featured_media":2074,"comment_status":"open","ping_status":"open","sticky":false,"template":"","format":"standard","meta":{"_rtcl_gb_attr":"","footnotes":""},"categories":[14],"tags":[],"class_list":["post-2073","post","type-post","status-publish","format-standard","has-post-thumbnail","hentry","category-ekonomi"],"_links":{"self":[{"href":"https:\/\/turkiyemhaber.com\/index.php?rest_route=\/wp\/v2\/posts\/2073","targetHints":{"allow":["GET"]}}],"collection":[{"href":"https:\/\/turkiyemhaber.com\/index.php?rest_route=\/wp\/v2\/posts"}],"about":[{"href":"https:\/\/turkiyemhaber.com\/index.php?rest_route=\/wp\/v2\/types\/post"}],"author":[{"embeddable":true,"href":"https:\/\/turkiyemhaber.com\/index.php?rest_route=\/wp\/v2\/users\/1"}],"replies":[{"embeddable":true,"href":"https:\/\/turkiyemhaber.com\/index.php?rest_route=%2Fwp%2Fv2%2Fcomments&post=2073"}],"version-history":[{"count":1,"href":"https:\/\/turkiyemhaber.com\/index.php?rest_route=\/wp\/v2\/posts\/2073\/revisions"}],"predecessor-version":[{"id":2075,"href":"https:\/\/turkiyemhaber.com\/index.php?rest_route=\/wp\/v2\/posts\/2073\/revisions\/2075"}],"wp:featuredmedia":[{"embeddable":true,"href":"https:\/\/turkiyemhaber.com\/index.php?rest_route=\/wp\/v2\/media\/2074"}],"wp:attachment":[{"href":"https:\/\/turkiyemhaber.com\/index.php?rest_route=%2Fwp%2Fv2%2Fmedia&parent=2073"}],"wp:term":[{"taxonomy":"category","embeddable":true,"href":"https:\/\/turkiyemhaber.com\/index.php?rest_route=%2Fwp%2Fv2%2Fcategories&post=2073"},{"taxonomy":"post_tag","embeddable":true,"href":"https:\/\/turkiyemhaber.com\/index.php?rest_route=%2Fwp%2Fv2%2Ftags&post=2073"}],"curies":[{"name":"wp","href":"https:\/\/api.w.org\/{rel}","templated":true}]}}