{"id":2064,"date":"2026-05-22T11:53:09","date_gmt":"2026-05-22T11:53:09","guid":{"rendered":"https:\/\/turkiyemhaber.com\/?p=2064"},"modified":"2026-05-22T11:53:13","modified_gmt":"2026-05-22T11:53:13","slug":"sarj-soket-sayisi-nisanda-43-bini-asti-yesil-sarjin-payi-yuzde-60a-ulasti","status":"publish","type":"post","link":"https:\/\/turkiyemhaber.com\/?p=2064","title":{"rendered":"\u015earj soket say\u0131s\u0131 nisanda 43 bini a\u015ft\u0131, ye\u015fil \u015farj\u0131n pay\u0131 y\u00fczde 60\u2019a ula\u015ft\u0131"},"content":{"rendered":"\n<p class=\"wp-block-paragraph\">T\u00fcrkiye genelinde elektrikli ara\u00e7 \u015farj soket say\u0131s\u0131, nisanda bir \u00f6nceki aya g\u00f6re y\u00fczde 2,55 artarak 43 bin 9\u2019a y\u00fckseldi.<\/p>\n\n\n\n<p class=\"wp-block-paragraph\">Ankara<\/p>\n\n\n\n<p class=\"wp-block-paragraph\">Enerji Piyasas\u0131 D\u00fczenleme Kurumunun nisan ay\u0131na ili\u015fkin \u201c\u015earj Hizmeti Piyasas\u0131 Ayl\u0131k \u0130statistikleri\u201d raporuna g\u00f6re \u015farj istasyonlar\u0131n\u0131n toplam kurulu g\u00fcc\u00fc, ge\u00e7en ay bir \u00f6nceki aya k\u0131yasla y\u00fczde 3,29 art\u0131\u015fla 3 bin 295 megavata \u00e7\u0131kt\u0131.<\/p>\n\n\n\n<p class=\"wp-block-paragraph\">Nisanda \u015farj istasyonlar\u0131n\u0131n toplam elektrik t\u00fcketimi 61 milyon 652 bin 189 kilovatsaat olarak ger\u00e7ekle\u015fti. Bunun y\u00fczde 59,98\u2019ine denk gelen 36 milyon 977 bin 647 kilovatsaatlik k\u0131sm\u0131 ye\u015fil \u015farj istasyonlar\u0131ndan kar\u015f\u0131lan\u0131rken 24 milyon 674 bin 542 kilovatsaatlik t\u00fcketim di\u011fer istasyonlardan sa\u011fland\u0131.<\/p>\n\n\n\n<p class=\"wp-block-paragraph\">Yenilenebilir kaynaklardan \u00fcretildi\u011fini belgeleyen Yenilenebilir Enerji Kaynak Garanti Sertifikas\u0131\u2019na (YEK-G) sahip ye\u015fil \u015farj istasyonlar\u0131, elektrikli ara\u00e7lar\u0131n karbon ayak izinin azalt\u0131lmas\u0131 ve temiz enerji kullan\u0131m\u0131n\u0131n te\u015fvik edilmesinde \u00f6nemli rol oynuyor.<\/p>\n\n\n\n<h2 class=\"wp-block-heading\">\u0130stanbul, t\u00fcketimde ilk s\u0131rada<\/h2>\n\n\n\n<p class=\"wp-block-paragraph\">Nisanda elektrikli ara\u00e7 \u015farj t\u00fcketiminde ilk s\u0131ray\u0131 19 bin 651 megavatsaatle \u0130stanbul ald\u0131. \u0130stanbul\u2019u 9 bin 410 megavatsaatle Ankara ve 3 bin 604 megavatsaatle \u0130zmir takip etti.<\/p>\n\n\n\n<p class=\"wp-block-paragraph\">Toplam \u015farj soket say\u0131s\u0131 nisanda 43 bin 9\u2019a y\u00fckseldi, martta ise 41 bin 938 olarak kaydedilmi\u015fti.<\/p>\n\n\n\n<p class=\"wp-block-paragraph\">Bu d\u00f6nemde AC \u015farj soket say\u0131s\u0131 24 bin 468\u2019e, DC \u015farj soket say\u0131s\u0131 da 18 bin 541\u2019e ula\u015ft\u0131.<\/p>\n\n\n\n<p class=\"wp-block-paragraph\">\u00d6te yandan, martta 411 bin 796 olan elektrikli ara\u00e7 say\u0131s\u0131 nisanda 427 bin 486\u2019ya y\u00fckseldi.<\/p>\n","protected":false},"excerpt":{"rendered":"<p>T\u00fcrkiye genelinde elektrikli ara\u00e7 \u015farj soket say\u0131s\u0131, nisanda bir \u00f6nceki aya g\u00f6re y\u00fczde 2,55 artarak<\/p>\n","protected":false},"author":1,"featured_media":2065,"comment_status":"open","ping_status":"open","sticky":false,"template":"","format":"standard","meta":{"_rtcl_gb_attr":"","footnotes":""},"categories":[14],"tags":[],"class_list":["post-2064","post","type-post","status-publish","format-standard","has-post-thumbnail","hentry","category-ekonomi"],"_links":{"self":[{"href":"https:\/\/turkiyemhaber.com\/index.php?rest_route=\/wp\/v2\/posts\/2064","targetHints":{"allow":["GET"]}}],"collection":[{"href":"https:\/\/turkiyemhaber.com\/index.php?rest_route=\/wp\/v2\/posts"}],"about":[{"href":"https:\/\/turkiyemhaber.com\/index.php?rest_route=\/wp\/v2\/types\/post"}],"author":[{"embeddable":true,"href":"https:\/\/turkiyemhaber.com\/index.php?rest_route=\/wp\/v2\/users\/1"}],"replies":[{"embeddable":true,"href":"https:\/\/turkiyemhaber.com\/index.php?rest_route=%2Fwp%2Fv2%2Fcomments&post=2064"}],"version-history":[{"count":1,"href":"https:\/\/turkiyemhaber.com\/index.php?rest_route=\/wp\/v2\/posts\/2064\/revisions"}],"predecessor-version":[{"id":2066,"href":"https:\/\/turkiyemhaber.com\/index.php?rest_route=\/wp\/v2\/posts\/2064\/revisions\/2066"}],"wp:featuredmedia":[{"embeddable":true,"href":"https:\/\/turkiyemhaber.com\/index.php?rest_route=\/wp\/v2\/media\/2065"}],"wp:attachment":[{"href":"https:\/\/turkiyemhaber.com\/index.php?rest_route=%2Fwp%2Fv2%2Fmedia&parent=2064"}],"wp:term":[{"taxonomy":"category","embeddable":true,"href":"https:\/\/turkiyemhaber.com\/index.php?rest_route=%2Fwp%2Fv2%2Fcategories&post=2064"},{"taxonomy":"post_tag","embeddable":true,"href":"https:\/\/turkiyemhaber.com\/index.php?rest_route=%2Fwp%2Fv2%2Ftags&post=2064"}],"curies":[{"name":"wp","href":"https:\/\/api.w.org\/{rel}","templated":true}]}}