{"id":2061,"date":"2026-05-22T11:05:39","date_gmt":"2026-05-22T11:05:39","guid":{"rendered":"https:\/\/turkiyemhaber.com\/?p=2061"},"modified":"2026-05-22T11:05:44","modified_gmt":"2026-05-22T11:05:44","slug":"icisleri-bakani-ciftci-kurban-bayrami-tatili-suresince-334-bin-17-personel-sahada-olacak","status":"publish","type":"post","link":"https:\/\/turkiyemhaber.com\/?p=2061","title":{"rendered":"\u0130\u00e7i\u015fleri Bakan\u0131 \u00c7ift\u00e7i: Kurban Bayram\u0131 tatili s\u00fcresince 334 bin 17 personel sahada olacak"},"content":{"rendered":"\n<p class=\"wp-block-paragraph\">\u0130\u00e7i\u015fleri Bakan\u0131 Mustafa \u00c7ift\u00e7i, Kurban Bayram\u0131 tatili s\u00fcresince vatanda\u015flar\u0131n g\u00fcvenli\u011fi i\u00e7in 334 bin 17 personelin sahada olaca\u011f\u0131n\u0131 ve bunlardan 66 bin 481&#8217;inin de trafik tedbirleri kapsam\u0131nda g\u00f6rev alaca\u011f\u0131n\u0131 bildirdi.<\/p>\n\n\n\n<p class=\"wp-block-paragraph\">Ankara<\/p>\n\n\n\n<p class=\"wp-block-paragraph\">G\u00f6lba\u015f\u0131 Vilayetler Evi&#8217;nde gazetecilerle bir araya gelen \u00c7ift\u00e7i, bayram tatiline ili\u015fkin al\u0131nan tedbirler hakk\u0131nda a\u00e7\u0131klamalarda bulundu.<\/p>\n\n\n\n<p class=\"wp-block-paragraph\">\u00c7ift\u00e7i, trafik kazalar\u0131ndan kaynakl\u0131 can kay\u0131plar\u0131n\u0131n \u00f6nlenmesi amac\u0131yla tedbirlerin trafik hareketlili\u011finin ba\u015flad\u0131\u011f\u0131 22 May\u0131s Cuma ile bayram tatilinin ard\u0131ndan ilk i\u015f g\u00fcn\u00fc olan 1 Haziran Pazartesi aras\u0131ndaki 11 g\u00fcn boyunca uygulanaca\u011f\u0131n\u0131 belirtti.<\/p>\n\n\n\n<p class=\"wp-block-paragraph\">Bayram tedbirleri kapsam\u0131nda g\u00f6rev alacak kolluk kuvvetlerine ili\u015fkin rakamlar\u0131 payla\u015fan \u00c7ift\u00e7i, &#8220;334 bin 17 kolluk kuvveti g\u00f6revlendirildi. G\u00f6revli personelden 66 bin 481&#8217;i trafik tedbirleri kapsam\u0131nda g\u00f6rev alacak. \u015eehirler aras\u0131 otob\u00fcs terminallerinde emniyet kemeri uyar\u0131 anonslar\u0131 yap\u0131larak terminal \u00e7\u0131k\u0131\u015flar\u0131 ile g\u00fczergahta \u015fehirler aras\u0131 otob\u00fcsler ve di\u011fer ara\u00e7lar \u00fczerinde emniyet kemeri denetimlerine a\u011f\u0131rl\u0131k verilecek. 1238 personelimiz gizli yolcu olarak otob\u00fcs denetiminde bulunacak.&#8221; dedi.<\/p>\n\n\n\n<p class=\"wp-block-paragraph\">Bakan \u00c7ift\u00e7i, helikopterle 9 ilde 108 saat, dronla 81 ilde 5 bin 828 saat denetim ger\u00e7ekle\u015ftirilece\u011fi bilgisini vererek, &#8220;\u00dclke genelinde al\u0131nan trafik tedbirlerini yerinde denetlemek i\u00e7in polis, jandarma m\u00fcfetti\u015fleri ile trafik ba\u015fkanl\u0131klar\u0131ndan s\u0131ral\u0131 amirlerden olu\u015fan heyetler g\u00f6revlendirilmi\u015ftir. 73 polis heyeti ile 43 jandarma heyeti \u00fclke genelinde g\u00f6rev alacak.&#8221; ifadelerini kulland\u0131.<\/p>\n\n\n\n<h2 class=\"wp-block-heading\">&#8220;Devlet vatanda\u015f\u0131na tuzak kurmaz&#8221;<\/h2>\n\n\n\n<p class=\"wp-block-paragraph\">Bayram tatili s\u00fcresince 61 ildeki 520 Elektronik Denetleme Sistemi (EDS) ile 21 bin 682 kilometrelik g\u00fczergahta h\u0131z denetimi yap\u0131laca\u011f\u0131n\u0131 bildiren \u00c7ift\u00e7i, EDS nokta ve g\u00fczergahlar\u0131na ili\u015fkin bilgilerin &#8220;HAYAT 112&#8221; acil mobil uygulamas\u0131 \u00fczerinden \u00f6\u011frenilebilece\u011fini kaydetti.<\/p>\n\n\n\n<figure class=\"wp-block-image\"><img decoding=\"async\" src=\"https:\/\/web-cdnprod.aa.com.tr\/uploads\/Contents\/2026\/05\/22\/2b941901432bb61d11e9883aea1ad4f6.jpg\" alt=\"\"\/><figcaption class=\"wp-element-caption\">Foto\u011fraf : Metin Akta\u015f\/AA<\/figcaption><\/figure>\n\n\n\n<p class=\"wp-block-paragraph\">\u00c7ift\u00e7i, Emniyet Genel M\u00fcd\u00fcrl\u00fc\u011f\u00fcnden 619, Jandarma Genel Komutanl\u0131\u011f\u0131ndan 962 olmak \u00fczere 1581 mobil radarla denetim yap\u0131laca\u011f\u0131n\u0131 belirtti.<\/p>\n\n\n\n<p class=\"wp-block-paragraph\">Tuzak radar uygulamas\u0131n\u0131n yap\u0131lmayaca\u011f\u0131n\u0131 vurgulayan \u00c7ift\u00e7i, \u015f\u00f6yle devam etti:<\/p>\n\n\n\n<p class=\"wp-block-paragraph\">&#8220;Denetimlerimizin amac\u0131 ceza yazmak de\u011fil, kural ihlallerini, kazalar\u0131 ve i\u015flem say\u0131lar\u0131n\u0131 azaltmakt\u0131r. Devlet vatanda\u015f\u0131na tuzak kurmaz, vatanda\u015f\u0131n\u0131n can\u0131n\u0131, huzurunu ve g\u00fcvenli\u011fini korur. Sahadaki personelimiz de vatanda\u015f\u0131m\u0131za rehberlik etmek, yol g\u00f6stermek, ihtiya\u00e7 an\u0131nda yan\u0131nda olmak ve bayram yolculuklar\u0131n\u0131n g\u00fcven i\u00e7inde tamamlanmas\u0131na katk\u0131 sunmak i\u00e7in g\u00f6rev ba\u015f\u0131ndad\u0131r.&#8221;<\/p>\n\n\n\n<p class=\"wp-block-paragraph\">\u00c7ift\u00e7i, \u015fehir i\u00e7lerinde en fazla kaza ve can kayb\u0131na neden olan &#8220;makas atma&#8221;, hatal\u0131 \u015ferit de\u011fi\u015ftirme, kav\u015faklarda ge\u00e7i\u015f \u00f6nceli\u011fine uymama, takip mesafesine uymama, s\u00fcr\u00fc\u015f s\u0131ras\u0131nda cep telefonu kullanma, d\u00f6n\u00fc\u015f kurallar\u0131na uymama ve k\u0131rm\u0131z\u0131 \u0131\u015f\u0131k ihlallerine y\u00f6nelik Kent G\u00fcvenlik ve Y\u00f6netim Sistemi (KGYS) kameralar\u0131yla denetim yap\u0131laca\u011f\u0131n\u0131 s\u00f6yledi.<\/p>\n\n\n\n<p class=\"wp-block-paragraph\">\u015eehirler aras\u0131 otob\u00fcs terminalleri ve ara istasyonlarda da denetim yap\u0131laca\u011f\u0131n\u0131 belirten \u00c7ift\u00e7i, \u015fof\u00f6r ve yolcular\u0131n bilgilendirilerek emniyet kemeri takmalar\u0131n\u0131n sa\u011flanaca\u011f\u0131n\u0131, y\u00fck ve yolcu ta\u015f\u0131mac\u0131l\u0131\u011f\u0131 yapan ara\u00e7larda takograf denetimlerine a\u011f\u0131rl\u0131k verilece\u011fini bildirdi.<\/p>\n\n\n\n<p class=\"wp-block-paragraph\">Dinlenme tesisleri ve akaryak\u0131t istasyonlar\u0131 kenarlar\u0131 ile otoyollar ve devlet kara yollar\u0131nda zorunlu haller d\u0131\u015f\u0131nda duraklama ve park etmeye izin verilmeyece\u011fini ifade eden \u00c7ift\u00e7i, yol g\u00fczergahlar\u0131n\u0131n ekiplerce kontrol edilece\u011fini dile getirdi.<\/p>\n\n\n\n<p class=\"wp-block-paragraph\">Bakan \u00c7ift\u00e7i, a\u011f\u0131rl\u0131k ve boyutlar\u0131 yasal s\u0131n\u0131rlar\u0131n \u00fczerinde olan ara\u00e7lar i\u00e7in Ula\u015ft\u0131rma ve Altyap\u0131 Bakanl\u0131\u011f\u0131 taraf\u0131ndan 23-31 May\u0131s&#8217;ta \u00f6zel izin d\u00fczenlenmeyece\u011finden bu t\u00fcr ta\u015f\u0131tlar\u0131n trafi\u011fe \u00e7\u0131k\u0131\u015f\u0131na izin verilmeyece\u011fini s\u00f6yledi.<\/p>\n\n\n\n<figure class=\"wp-block-image\"><img decoding=\"async\" src=\"https:\/\/web-cdnprod.aa.com.tr\/uploads\/Contents\/2026\/05\/22\/baddc0c34ba4fe3b2683edb9a2122a43.jpg\" alt=\"\"\/><\/figure>\n\n\n\n<h2 class=\"wp-block-heading\">Kamyon, \u00e7ekici ve tanker cinsi ara\u00e7lar i\u00e7in tedbirler<\/h2>\n\n\n\n<p class=\"wp-block-paragraph\">\u00c7ift\u00e7i, 30 May\u0131s Cumartesi saat 13.00&#8217;ten 1 Haziran Pazartesi saat 01.00&#8217;e kadar kamyon, \u00e7ekici ve tanker cinsi ara\u00e7lar\u0131n baz\u0131 otoyol ve kara yollar\u0131nda trafi\u011fe \u00e7\u0131k\u0131\u015f\u0131na izin verilmeyece\u011fini bildirdi.<\/p>\n\n\n\n<p class=\"wp-block-paragraph\">\u0130stanbul istikametine do\u011fru K\u0131rklareli&#8217;nden D-100 kara yolu ve O-3 otoyolu, Tekirda\u011f&#8217;dan D-110 kara yolu ile O-7 otoyolu, Sakarya&#8217;dan O-7 otoyolu, Ankara&#8217;dan O-4 ve D-750 kara yollar\u0131, Amasya Merzifon&#8217;dan D-100 kara yolu, Bursa&#8217;dan O-5 otoyolu ile D-575 ve D-595 kara yollar\u0131, Bilecik Boz\u00fcy\u00fck&#8217;ten D-650 kara yolu ile O-5 otoyolunun Manisa, Bal\u0131kesir, Bursa, Yalova ve Kocaeli kat\u0131l\u0131mlar\u0131ndan ve D-650 kara yolunun Antalya, Burdur, Isparta, Afyonkarahisar, K\u00fctahya, Bilecik ve Sakarya kat\u0131l\u0131mlar\u0131ndan k\u0131s\u0131tlama uygulanaca\u011f\u0131n\u0131 aktaran \u00c7ift\u00e7i, \u015funlar\u0131 kaydetti:<\/p>\n\n\n\n<p class=\"wp-block-paragraph\">&#8220;Ankara istikametine do\u011fru ise D-200 kara yolunda Bilecik Boz\u00fcy\u00fck ve Sivas&#8217;tan Ankara&#8217;ya kadar, D-300 kara yolunda \u0130zmir&#8217;den Afyonkarahisar&#8217;a kadar, D-260 kara yolunda Afyonkarahisar&#8217;dan Eski\u015fehir Sivrihisar&#8217;a ve Kayseri&#8217;den K\u0131r\u015fehir&#8217;e kadar, D-260 ve D-765 kara yollar\u0131nda K\u0131r\u015fehir&#8217;den K\u0131r\u0131kkale&#8217;ye kadar, D-785 ve D-190 kara yollar\u0131nda ise \u00c7orum&#8217;dan K\u0131r\u0131kkale\u2019ye kadar olan g\u00fczergahlarda ge\u00e7i\u015flere izin verilmeyecektir.&#8221;<\/p>\n\n\n\n<figure class=\"wp-block-image\"><img decoding=\"async\" src=\"https:\/\/web-cdnprod.aa.com.tr\/uploads\/Contents\/2026\/05\/22\/c4b48a2f7be719c23c7ba2ad760395e6.jpg\" alt=\"\"\/><\/figure>\n\n\n\n<h2 class=\"wp-block-heading\">2021-2024 y\u0131llar\u0131ndaki Kurban Bayram\u0131 tatillerinde 860 can kayb\u0131 ya\u015fand\u0131<\/h2>\n\n\n\n<p class=\"wp-block-paragraph\">\u015eehitlik ve kabir ziyaretleri ile vatanda\u015flar\u0131n yo\u011fun olarak bulunabilece\u011fi alanlar ve \u00e7evrelerinde ilave trafik tedbirlerinin planland\u0131\u011f\u0131n\u0131 bildiren \u00c7ift\u00e7i ayr\u0131ca, daha \u00f6nceki bayramlarda can kay\u0131plar\u0131n\u0131n yo\u011funla\u015ft\u0131\u011f\u0131 17 ildeki 20 g\u00fczergahta ilave tedbirlerin uygulanaca\u011f\u0131n\u0131 ifade etti.<\/p>\n\n\n\n<p class=\"wp-block-paragraph\">\u0130\u00e7i\u015fleri Bakan\u0131 Mustafa \u00c7ift\u00e7i, 2021-2024 y\u0131llar\u0131ndaki Kurban Bayram\u0131 tatillerinde 425&#8217;i h\u0131z ihlali, 233&#8217;\u00fc \u015ferit izleme, de\u011fi\u015ftirme ve makas, 107&#8217;si ge\u00e7i\u015f \u00f6nceli\u011fi ve d\u00f6n\u00fc\u015f kurallar\u0131na uymama, 77&#8217;si arkadan \u00e7arpma, 18&#8217;i k\u0131rm\u0131z\u0131 \u0131\u015f\u0131k ihlali ve 143&#8217;\u00fc di\u011fer hatalar olmak \u00fczere toplamda 1003 kural hatas\u0131n\u0131n ya\u015fand\u0131\u011f\u0131n\u0131, bu nedenle 860 can kayb\u0131n\u0131n ya\u015fand\u0131\u011f\u0131n\u0131 hat\u0131rlatt\u0131.<\/p>\n\n\n\n<p class=\"wp-block-paragraph\">2021&#8217;de 6 bin 469, 2022&#8217;de 6 bin 132, 2023&#8217;te 7 bin 408, 2024&#8217;te 7 bin 319 \u00f6l\u00fcml\u00fc ve yaralanmal\u0131 kaza ya\u015fand\u0131\u011f\u0131n\u0131 belirten \u00c7ift\u00e7i, \u015fu bilgileri payla\u015ft\u0131:<\/p>\n\n\n\n<p class=\"wp-block-paragraph\">&#8220;2021 y\u0131l\u0131nda 212 can kayb\u0131, 11 bin 719 yaral\u0131, 2022 y\u0131l\u0131nda 177 can kayb\u0131, 10 bin 702 yaralanma, 2023 y\u0131l\u0131nda 257 can kayb\u0131, 13 bin 89 yaralanma, 2024 y\u0131l\u0131nda ise 214 can kayb\u0131, 12 bin 282 yaralanma olarak ger\u00e7ekle\u015fti. 2021 y\u0131l\u0131nda 23,6 ortalama can kayb\u0131, 2022 y\u0131l\u0131nda ortalama 17,7 can kayb\u0131, 2023 y\u0131l\u0131nda ortalama 28,6 can kayb\u0131, 2024 y\u0131l\u0131nda ise 23,8 can kayb\u0131 ya\u015fand\u0131.&#8221;<\/p>\n","protected":false},"excerpt":{"rendered":"<p>\u0130\u00e7i\u015fleri Bakan\u0131 Mustafa \u00c7ift\u00e7i, Kurban Bayram\u0131 tatili s\u00fcresince vatanda\u015flar\u0131n g\u00fcvenli\u011fi i\u00e7in 334 bin 17 personelin<\/p>\n","protected":false},"author":1,"featured_media":2062,"comment_status":"open","ping_status":"open","sticky":false,"template":"","format":"standard","meta":{"_rtcl_gb_attr":"","footnotes":""},"categories":[1],"tags":[],"class_list":["post-2061","post","type-post","status-publish","format-standard","has-post-thumbnail","hentry","category-http-turkiyemhaber-com-wp-content-uploads-2026-03-saray-59-haber-13-mart-pdf"],"_links":{"self":[{"href":"https:\/\/turkiyemhaber.com\/index.php?rest_route=\/wp\/v2\/posts\/2061","targetHints":{"allow":["GET"]}}],"collection":[{"href":"https:\/\/turkiyemhaber.com\/index.php?rest_route=\/wp\/v2\/posts"}],"about":[{"href":"https:\/\/turkiyemhaber.com\/index.php?rest_route=\/wp\/v2\/types\/post"}],"author":[{"embeddable":true,"href":"https:\/\/turkiyemhaber.com\/index.php?rest_route=\/wp\/v2\/users\/1"}],"replies":[{"embeddable":true,"href":"https:\/\/turkiyemhaber.com\/index.php?rest_route=%2Fwp%2Fv2%2Fcomments&post=2061"}],"version-history":[{"count":1,"href":"https:\/\/turkiyemhaber.com\/index.php?rest_route=\/wp\/v2\/posts\/2061\/revisions"}],"predecessor-version":[{"id":2063,"href":"https:\/\/turkiyemhaber.com\/index.php?rest_route=\/wp\/v2\/posts\/2061\/revisions\/2063"}],"wp:featuredmedia":[{"embeddable":true,"href":"https:\/\/turkiyemhaber.com\/index.php?rest_route=\/wp\/v2\/media\/2062"}],"wp:attachment":[{"href":"https:\/\/turkiyemhaber.com\/index.php?rest_route=%2Fwp%2Fv2%2Fmedia&parent=2061"}],"wp:term":[{"taxonomy":"category","embeddable":true,"href":"https:\/\/turkiyemhaber.com\/index.php?rest_route=%2Fwp%2Fv2%2Fcategories&post=2061"},{"taxonomy":"post_tag","embeddable":true,"href":"https:\/\/turkiyemhaber.com\/index.php?rest_route=%2Fwp%2Fv2%2Ftags&post=2061"}],"curies":[{"name":"wp","href":"https:\/\/api.w.org\/{rel}","templated":true}]}}