{"id":2058,"date":"2026-05-22T11:04:05","date_gmt":"2026-05-22T11:04:05","guid":{"rendered":"https:\/\/turkiyemhaber.com\/?p=2058"},"modified":"2026-05-22T11:04:09","modified_gmt":"2026-05-22T11:04:09","slug":"ankara-merkezli-dolandiricilik-sorusturmasinda-33-supheli-tutuklandi","status":"publish","type":"post","link":"https:\/\/turkiyemhaber.com\/?p=2058","title":{"rendered":"Ankara merkezli doland\u0131r\u0131c\u0131l\u0131k soru\u015fturmas\u0131nda 33 \u015f\u00fcpheli tutukland\u0131"},"content":{"rendered":"\n<p class=\"wp-block-paragraph\">Ankara merkezli soru\u015fturmada, kendilerini kamu g\u00f6revlisi olarak tan\u0131t\u0131p \u00c7evre, \u015eehircilik ve \u0130klim De\u011fi\u015fikli\u011fi Bakanl\u0131\u011f\u0131 Milli Emlak Genel M\u00fcd\u00fcrl\u00fc\u011f\u00fc i\u015f ve i\u015flemlerini kullanarak maddi menfaat temin eden 33 \u015f\u00fcpheli tutukland\u0131.<\/p>\n\n\n\n<p class=\"wp-block-paragraph\">Ankara<\/p>\n\n\n\n<p class=\"wp-block-paragraph\">Ankara Cumhuriyet Ba\u015fsavc\u0131l\u0131\u011f\u0131ndan yap\u0131lan a\u00e7\u0131klamaya g\u00f6re, Sahtecilik ve Doland\u0131r\u0131c\u0131l\u0131k Su\u00e7lar\u0131 Soru\u015fturma B\u00fcrosunca y\u00fcr\u00fct\u00fclen soru\u015fturma kapsam\u0131nda \u015f\u00fcphelilerin, Bakanl\u0131k ya da ba\u011fl\u0131 kurulu\u015flar\u0131yla hi\u00e7bir ili\u015fkileri olmamas\u0131na ra\u011fmen kendilerini kamu g\u00f6revlisi gibi tan\u0131t\u0131p, Bakanl\u0131k antetli sahte evrak d\u00fczenleyerek ger\u00e7e\u011fe ayk\u0131r\u0131 s\u00f6zle\u015fmeler imzalatt\u0131klar\u0131 belirlenmi\u015fti.<\/p>\n\n\n\n<p class=\"wp-block-paragraph\">Bu kapsamda \u015f\u00fcphelilerin \u015firketler kurarak organize \u015fekilde hareket ettikleri, 23 m\u00fc\u015ftekiden 642 milyon 853 bin lira maddi menfaat sa\u011flad\u0131klar\u0131 ve incelenen MASAK raporlar\u0131na g\u00f6re \u015firketler \u00fczerinden 2 milyar 764 milyon 841 bin 922 lira para trafi\u011fi olu\u015fturduklar\u0131 tespit edilmi\u015fti.<\/p>\n\n\n\n<p class=\"wp-block-paragraph\">&#8220;Su\u00e7 i\u015flemek amac\u0131yla \u00f6rg\u00fct kurmak&#8221;, &#8220;nitelikli doland\u0131r\u0131c\u0131l\u0131k&#8221; ve &#8220;resmi ve \u00f6zel belgede sahtecilik&#8221; su\u00e7lar\u0131ndan g\u00f6zalt\u0131na al\u0131nan \u015f\u00fcphelilerin 33&#8217;\u00fc \u00e7\u0131kar\u0131ld\u0131\u011f\u0131 sulh ceza hakimli\u011fince tutuklan\u0131rken, 68&#8217;i ise hakk\u0131nda adli kontrol h\u00fck\u00fcmleri uygulanarak serbest b\u0131rak\u0131ld\u0131.<\/p>\n\n\n\n<p class=\"wp-block-paragraph\">Ankara Cumhuriyet Ba\u015fsavc\u0131l\u0131\u011f\u0131, 68 \u015f\u00fcphelinin serbest b\u0131rak\u0131lmas\u0131na itiraz edecek.<\/p>\n","protected":false},"excerpt":{"rendered":"<p>Ankara merkezli soru\u015fturmada, kendilerini kamu g\u00f6revlisi olarak tan\u0131t\u0131p \u00c7evre, \u015eehircilik ve \u0130klim De\u011fi\u015fikli\u011fi Bakanl\u0131\u011f\u0131 Milli<\/p>\n","protected":false},"author":1,"featured_media":2059,"comment_status":"open","ping_status":"open","sticky":false,"template":"","format":"standard","meta":{"_rtcl_gb_attr":"","footnotes":""},"categories":[43],"tags":[],"class_list":["post-2058","post","type-post","status-publish","format-standard","has-post-thumbnail","hentry","category-son-dakika"],"_links":{"self":[{"href":"https:\/\/turkiyemhaber.com\/index.php?rest_route=\/wp\/v2\/posts\/2058","targetHints":{"allow":["GET"]}}],"collection":[{"href":"https:\/\/turkiyemhaber.com\/index.php?rest_route=\/wp\/v2\/posts"}],"about":[{"href":"https:\/\/turkiyemhaber.com\/index.php?rest_route=\/wp\/v2\/types\/post"}],"author":[{"embeddable":true,"href":"https:\/\/turkiyemhaber.com\/index.php?rest_route=\/wp\/v2\/users\/1"}],"replies":[{"embeddable":true,"href":"https:\/\/turkiyemhaber.com\/index.php?rest_route=%2Fwp%2Fv2%2Fcomments&post=2058"}],"version-history":[{"count":1,"href":"https:\/\/turkiyemhaber.com\/index.php?rest_route=\/wp\/v2\/posts\/2058\/revisions"}],"predecessor-version":[{"id":2060,"href":"https:\/\/turkiyemhaber.com\/index.php?rest_route=\/wp\/v2\/posts\/2058\/revisions\/2060"}],"wp:featuredmedia":[{"embeddable":true,"href":"https:\/\/turkiyemhaber.com\/index.php?rest_route=\/wp\/v2\/media\/2059"}],"wp:attachment":[{"href":"https:\/\/turkiyemhaber.com\/index.php?rest_route=%2Fwp%2Fv2%2Fmedia&parent=2058"}],"wp:term":[{"taxonomy":"category","embeddable":true,"href":"https:\/\/turkiyemhaber.com\/index.php?rest_route=%2Fwp%2Fv2%2Fcategories&post=2058"},{"taxonomy":"post_tag","embeddable":true,"href":"https:\/\/turkiyemhaber.com\/index.php?rest_route=%2Fwp%2Fv2%2Ftags&post=2058"}],"curies":[{"name":"wp","href":"https:\/\/api.w.org\/{rel}","templated":true}]}}