{"id":2055,"date":"2026-05-22T11:02:27","date_gmt":"2026-05-22T11:02:27","guid":{"rendered":"https:\/\/turkiyemhaber.com\/?p=2055"},"modified":"2026-05-22T11:02:31","modified_gmt":"2026-05-22T11:02:31","slug":"mhp-17-yilda-820-kisiye-siyaset-ve-liderlik-okulunda-egitim-verdi","status":"publish","type":"post","link":"https:\/\/turkiyemhaber.com\/?p=2055","title":{"rendered":"MHP 17 y\u0131lda 820 ki\u015fiye Siyaset ve Liderlik Okulunda e\u011fitim verdi"},"content":{"rendered":"\n<p class=\"wp-block-paragraph\">MHP&#8217;nin 28 Mart&#8217;ta ba\u015flayan 23. D\u00f6nem Siyaset ve Liderlik Okulunda e\u011fitimlerin tamamlanmas\u0131yla, 17 y\u0131lda 820 ki\u015fi partiden sertifika almaya hak kazanm\u0131\u015f olacak.<\/p>\n\n\n\n<p class=\"wp-block-paragraph\">Ankara<\/p>\n\n\n\n<p class=\"wp-block-paragraph\">Parti yetkililerinden ald\u0131\u011f\u0131 bilgiye g\u00f6re, MHP&#8217;nin Siyaset ve Liderlik Okulu, 10 Ekim 2009&#8217;da Genel Ba\u015fkan Devlet Bah\u00e7eli taraf\u0131ndan a\u00e7\u0131ld\u0131.<\/p>\n\n\n\n<p class=\"wp-block-paragraph\">23&#8217;\u00fcnc\u00fcs\u00fc bu d\u00f6nem d\u00fczenlenen Siyaset ve Liderlik Okulunun yar\u0131n tamamlanmas\u0131yla, 17 y\u0131lda sertifika almaya hak kazanan kat\u0131l\u0131mc\u0131 say\u0131s\u0131 820&#8217;ye ula\u015facak.<\/p>\n\n\n\n<p class=\"wp-block-paragraph\">Siyasete girmeye ve \u00fclkeyi y\u00f6netmeye talip 23-40 ya\u015f aral\u0131\u011f\u0131ndaki gen\u00e7lerin yer ald\u0131\u011f\u0131 40 ki\u015filik 23. d\u00f6nem \u00f6\u011frenci grubu, e\u011fitimine, 28 Mart&#8217;ta MHP Genel Ba\u015fkan\u0131 Bah\u00e7eli&#8217;nin verdi\u011fi a\u00e7\u0131l\u0131\u015f dersiyle ba\u015flam\u0131\u015ft\u0131.<\/p>\n\n\n\n<p class=\"wp-block-paragraph\">Siyaset ve Liderlik Okulunda, kat\u0131l\u0131mc\u0131lara &#8220;temel hukuk&#8221;, &#8220;ileti\u015fim ve medya&#8221;, &#8220;propaganda ve ikna&#8221;, &#8220;din ve toplum&#8221;, &#8220;uluslararas\u0131 ili\u015fkiler ve k\u00fcreselle\u015fme&#8221;, &#8220;finansal okuryazarl\u0131k&#8221;, &#8220;genel ekonomi&#8221;, &#8220;siyasi partiler&#8221;, &#8220;T\u00fcrk demokrasi tarihi&#8221;, &#8220;diplomasi&#8221;, &#8220;tarihi perspektiften sorunlar&#8221;, &#8220;siyaset sosyolojisi ve liderlik&#8221;, &#8220;hitabet&#8221;, &#8220;T\u00fcrk milliyet\u00e7ili\u011fi&#8221; ile &#8220;MHP&#8217;nin hukuk, adalet ve demokrasi alan\u0131ndaki katk\u0131lar\u0131&#8221; ba\u015fl\u0131klar\u0131nda dersler verildi.<\/p>\n\n\n\n<h2 class=\"wp-block-heading\">&#8220;Bilim-Bilgi-K\u00fclt\u00fcr&#8221;<\/h2>\n\n\n\n<p class=\"wp-block-paragraph\">Akademisyenler taraf\u0131ndan verilen e\u011fitimler, MHP Genel Merkezi&#8217;nde Prof. Dr. Erol G\u00fcng\u00f6r ve Prof. Dr. Mehmet Er\u00f6z&#8217;\u00fcn isimlerini ta\u015f\u0131yan dersliklerde ger\u00e7ekle\u015ftirildi.<\/p>\n\n\n\n<p class=\"wp-block-paragraph\">&#8220;Bilim-Bilgi-K\u00fclt\u00fcr&#8221; temas\u0131 do\u011frultusunda y\u00fcr\u00fct\u00fclen derslerde, Bah\u00e7eli&#8217;nin 1998&#8217;de T\u00fcrkiye G\u00fcnl\u00fc\u011f\u00fc dergisinde yay\u0131mlanan &#8220;K\u00fcreselle\u015fme&#8221; makalesinde ortaya koydu\u011fu vizyon, mukayeseli olarak ele al\u0131nd\u0131.<\/p>\n\n\n\n<p class=\"wp-block-paragraph\">Program kapsam\u0131nda, siyaset bilimi ve liderlik e\u011fitimlerinin yan\u0131 s\u0131ra &#8220;Kitap Tahlili&#8221; dersinde Ziya G\u00f6kalp&#8217;in &#8220;T\u00fcrkle\u015fme-\u0130slamla\u015fmak-Muas\u0131rla\u015fmak&#8221; ve Prof. Dr. Erol G\u00fcng\u00f6r&#8217;\u00fcn &#8220;K\u00fclt\u00fcr De\u011fi\u015fmesi ve Milliyet\u00e7ilik&#8221; isimli eseri de incelendi.<\/p>\n\n\n\n<p class=\"wp-block-paragraph\">MHP&#8217;nin 23. D\u00f6nem Siyaset ve Liderlik Okulu, yar\u0131n saat 14.00&#8217;te MHP Genel Merkezi G\u00fcn Sazak Konferans Salonu&#8217;nda d\u00fczenlenecek sertifika t\u00f6reniyle tamamlanacak.<\/p>\n","protected":false},"excerpt":{"rendered":"<p>MHP&#8217;nin 28 Mart&#8217;ta ba\u015flayan 23. D\u00f6nem Siyaset ve Liderlik Okulunda e\u011fitimlerin tamamlanmas\u0131yla, 17 y\u0131lda 820<\/p>\n","protected":false},"author":1,"featured_media":2056,"comment_status":"open","ping_status":"open","sticky":false,"template":"","format":"standard","meta":{"_rtcl_gb_attr":"","footnotes":""},"categories":[44],"tags":[],"class_list":["post-2055","post","type-post","status-publish","format-standard","has-post-thumbnail","hentry","category-politika"],"_links":{"self":[{"href":"https:\/\/turkiyemhaber.com\/index.php?rest_route=\/wp\/v2\/posts\/2055","targetHints":{"allow":["GET"]}}],"collection":[{"href":"https:\/\/turkiyemhaber.com\/index.php?rest_route=\/wp\/v2\/posts"}],"about":[{"href":"https:\/\/turkiyemhaber.com\/index.php?rest_route=\/wp\/v2\/types\/post"}],"author":[{"embeddable":true,"href":"https:\/\/turkiyemhaber.com\/index.php?rest_route=\/wp\/v2\/users\/1"}],"replies":[{"embeddable":true,"href":"https:\/\/turkiyemhaber.com\/index.php?rest_route=%2Fwp%2Fv2%2Fcomments&post=2055"}],"version-history":[{"count":1,"href":"https:\/\/turkiyemhaber.com\/index.php?rest_route=\/wp\/v2\/posts\/2055\/revisions"}],"predecessor-version":[{"id":2057,"href":"https:\/\/turkiyemhaber.com\/index.php?rest_route=\/wp\/v2\/posts\/2055\/revisions\/2057"}],"wp:featuredmedia":[{"embeddable":true,"href":"https:\/\/turkiyemhaber.com\/index.php?rest_route=\/wp\/v2\/media\/2056"}],"wp:attachment":[{"href":"https:\/\/turkiyemhaber.com\/index.php?rest_route=%2Fwp%2Fv2%2Fmedia&parent=2055"}],"wp:term":[{"taxonomy":"category","embeddable":true,"href":"https:\/\/turkiyemhaber.com\/index.php?rest_route=%2Fwp%2Fv2%2Fcategories&post=2055"},{"taxonomy":"post_tag","embeddable":true,"href":"https:\/\/turkiyemhaber.com\/index.php?rest_route=%2Fwp%2Fv2%2Ftags&post=2055"}],"curies":[{"name":"wp","href":"https:\/\/api.w.org\/{rel}","templated":true}]}}