{"id":2049,"date":"2026-05-22T10:59:16","date_gmt":"2026-05-22T10:59:16","guid":{"rendered":"https:\/\/turkiyemhaber.com\/?p=2049"},"modified":"2026-05-22T10:59:20","modified_gmt":"2026-05-22T10:59:20","slug":"osmaniyede-50-dekarlik-dogal-yasam-alani-sahipsiz-hayvanlara-yuva-oluyor","status":"publish","type":"post","link":"https:\/\/turkiyemhaber.com\/?p=2049","title":{"rendered":"Osmaniye&#8217;de 50 dekarl\u0131k do\u011fal ya\u015fam alan\u0131 sahipsiz hayvanlara yuva oluyor"},"content":{"rendered":"\n<p class=\"wp-block-paragraph\">Osmaniye&#8217;de 50 dekarl\u0131k alana kurulu Sokak Hayvanlar\u0131 Ge\u00e7ici Bar\u0131nma ve Do\u011fal Ya\u015fam Alan\u0131, sahipsiz hayvanlara yuva oluyor.<\/p>\n\n\n\n<p class=\"wp-block-paragraph\">Osmaniye<\/p>\n\n\n\n<p class=\"wp-block-paragraph\">Osmaniye Valili\u011fi b\u00fcnyesinde ge\u00e7en y\u0131l kurulan Sahipsiz Hayvanlar\u0131 Koruma Birli\u011fi, \u00e7al\u0131\u015fmalar\u0131n\u0131 aral\u0131ks\u0131z s\u00fcrd\u00fcr\u00fcyor.<\/p>\n\n\n\n<p class=\"wp-block-paragraph\">Kent merkezi ve il\u00e7elerde belediyelerin i\u015fbirli\u011finde hizmet veren birlik, sahipsiz hayvanlar\u0131n kontrol alt\u0131na al\u0131nmas\u0131ndan bar\u0131nd\u0131r\u0131lmas\u0131na ve bak\u0131mlar\u0131n\u0131n yap\u0131lmas\u0131na kadar her \u015feyiyle ilgileniyor.<\/p>\n\n\n\n<p class=\"wp-block-paragraph\">Birlik b\u00fcnyesinde merkeze ba\u011fl\u0131 Dervi\u015fli k\u00f6y\u00fcnde 50 dekar alanda hizmet veren Osmaniye Valili\u011fi Sokak Hayvanlar\u0131 Ge\u00e7ici Bar\u0131nma ve Do\u011fal Ya\u015fam Alan\u0131 da sahipsiz hayvanlara yuva oluyor.<\/p>\n\n\n\n<figure class=\"wp-block-image\"><img decoding=\"async\" src=\"https:\/\/web-cdnprod.aa.com.tr\/uploads\/Contents\/2026\/05\/22\/4e3e6654af7c75f5fccb8a2525e7e738.jpg\" alt=\"\"\/><\/figure>\n\n\n\n<p class=\"wp-block-paragraph\">Merkeze giri\u015fte sa\u011fl\u0131k kontrolleri, a\u015f\u0131lar\u0131 ve k\u0131s\u0131rla\u015ft\u0131rma i\u015flemleri yap\u0131lan hayvanlar, t\u00fcrlerine, boyutlar\u0131na ve sald\u0131rganl\u0131k durumlar\u0131na g\u00f6re ay\u0131rt edilerek, haz\u0131rlanan bar\u0131nma alanlar\u0131na al\u0131n\u0131yor.<\/p>\n\n\n\n<p class=\"wp-block-paragraph\">Merkezde, kent genelinden toplanan yemek art\u0131klar\u0131 da \u00f6zel cihazlarla mama haline getirilerek hayvanlara veriliyor.<\/p>\n\n\n\n<p class=\"wp-block-paragraph\">G\u00fcn\u00fcn 24 saati g\u00f6revli bulundurulan merkezde, a\u015f\u0131lar\u0131ndan tedavilerine ve beslenmelerine kadar her \u015feyiyle yak\u0131ndan ilgilenilen hayvanlar isteyenlere de sahiplendiriliyor.<\/p>\n\n\n\n<figure class=\"wp-block-image\"><img decoding=\"async\" src=\"https:\/\/web-cdnprod.aa.com.tr\/uploads\/Contents\/2026\/05\/22\/891967f7ab82e33a4cf95b54b7e0667d.jpg\" alt=\"\"\/><\/figure>\n\n\n\n<h2 class=\"wp-block-heading\">&#8220;Onlar\u0131n da bir can ta\u015f\u0131d\u0131\u011f\u0131 bilinciyle elimizden gelen gayreti g\u00f6steriyoruz&#8221;<\/h2>\n\n\n\n<p class=\"wp-block-paragraph\">\u0130l \u00d6zel \u0130daresi Genel Sekreteri Hamit Co\u015fkun, AA muhabirine, ge\u00e7en y\u0131l kurulan birli\u011fin, \u00f6zellikle belediyelerin bar\u0131naklar\u0131n\u0131 geli\u015ftirmek, onlar\u0131n devaml\u0131l\u0131\u011f\u0131n\u0131 sa\u011flamak ve kentteki b\u00fct\u00fcn sahipsiz hayvanlar\u0131 toplamak amac\u0131yla \u00e7al\u0131\u015fmalar\u0131n\u0131 s\u00fcrd\u00fcrd\u00fc\u011f\u00fcn\u00fc s\u00f6yledi.<\/p>\n\n\n\n<p class=\"wp-block-paragraph\">\u00c7al\u0131\u015fmalar kapsam\u0131nda 50 dekar alanda hayata ge\u00e7irdikleri do\u011fal ya\u015fam alan\u0131nda sahipsiz hayvanlar\u0131n her \u015feyiyle ilgilenildi\u011fini belirten Co\u015fkun, \u015f\u00f6yle konu\u015ftu:<\/p>\n\n\n\n<p class=\"wp-block-paragraph\">&#8220;Bu ge\u00e7ici bar\u0131nma merkezi 50 dekarl\u0131k bir alan i\u00e7erisinde, kendi mama \u00fcretim tesisimizle 6 b\u00fcy\u00fck parseli bar\u0131nd\u0131r\u0131yor. Bu parsellerimizde cinslerine, b\u00fcy\u00fckl\u00fcklerine g\u00f6re hayvanlar\u0131m\u0131z\u0131 koruma alt\u0131na al\u0131yoruz. Veterinerlerimiz, personelimiz var. K\u0131s\u0131rla\u015ft\u0131r\u0131lmas\u0131 gereken hayvanlar\u0131n k\u0131s\u0131rla\u015ft\u0131rma i\u015flemlerini, bak\u0131mlar\u0131n\u0131 en ideal \u015fekilde yapmaya gayret ediyoruz. Gayet medeni, insanc\u0131l bir \u015fekilde onlar\u0131n da bir can ta\u015f\u0131d\u0131\u011f\u0131 bilinciyle elimizden gelen gayreti g\u00f6steriyoruz. Osmaniye&#8217;mizde bir tane sahipsiz sokak hayvan\u0131 kalmay\u0131ncaya kadar gayretimizi s\u00fcrd\u00fcr\u00fcyoruz. Onlar\u0131n da en medeni, insani \u015fekilde bak\u0131mlar\u0131n\u0131 \u00fcstlenerek g\u00f6revimizi yerine getirmeye gayret ediyoruz.&#8221;<\/p>\n","protected":false},"excerpt":{"rendered":"<p>Osmaniye&#8217;de 50 dekarl\u0131k alana kurulu Sokak Hayvanlar\u0131 Ge\u00e7ici Bar\u0131nma ve Do\u011fal Ya\u015fam Alan\u0131, sahipsiz hayvanlara<\/p>\n","protected":false},"author":1,"featured_media":2050,"comment_status":"open","ping_status":"open","sticky":false,"template":"","format":"standard","meta":{"_rtcl_gb_attr":"","footnotes":""},"categories":[1],"tags":[],"class_list":["post-2049","post","type-post","status-publish","format-standard","has-post-thumbnail","hentry","category-http-turkiyemhaber-com-wp-content-uploads-2026-03-saray-59-haber-13-mart-pdf"],"_links":{"self":[{"href":"https:\/\/turkiyemhaber.com\/index.php?rest_route=\/wp\/v2\/posts\/2049","targetHints":{"allow":["GET"]}}],"collection":[{"href":"https:\/\/turkiyemhaber.com\/index.php?rest_route=\/wp\/v2\/posts"}],"about":[{"href":"https:\/\/turkiyemhaber.com\/index.php?rest_route=\/wp\/v2\/types\/post"}],"author":[{"embeddable":true,"href":"https:\/\/turkiyemhaber.com\/index.php?rest_route=\/wp\/v2\/users\/1"}],"replies":[{"embeddable":true,"href":"https:\/\/turkiyemhaber.com\/index.php?rest_route=%2Fwp%2Fv2%2Fcomments&post=2049"}],"version-history":[{"count":1,"href":"https:\/\/turkiyemhaber.com\/index.php?rest_route=\/wp\/v2\/posts\/2049\/revisions"}],"predecessor-version":[{"id":2051,"href":"https:\/\/turkiyemhaber.com\/index.php?rest_route=\/wp\/v2\/posts\/2049\/revisions\/2051"}],"wp:featuredmedia":[{"embeddable":true,"href":"https:\/\/turkiyemhaber.com\/index.php?rest_route=\/wp\/v2\/media\/2050"}],"wp:attachment":[{"href":"https:\/\/turkiyemhaber.com\/index.php?rest_route=%2Fwp%2Fv2%2Fmedia&parent=2049"}],"wp:term":[{"taxonomy":"category","embeddable":true,"href":"https:\/\/turkiyemhaber.com\/index.php?rest_route=%2Fwp%2Fv2%2Fcategories&post=2049"},{"taxonomy":"post_tag","embeddable":true,"href":"https:\/\/turkiyemhaber.com\/index.php?rest_route=%2Fwp%2Fv2%2Ftags&post=2049"}],"curies":[{"name":"wp","href":"https:\/\/api.w.org\/{rel}","templated":true}]}}