{"id":2046,"date":"2026-05-22T10:57:48","date_gmt":"2026-05-22T10:57:48","guid":{"rendered":"https:\/\/turkiyemhaber.com\/?p=2046"},"modified":"2026-05-22T10:57:52","modified_gmt":"2026-05-22T10:57:52","slug":"turk-silahli-kuvvetlerinin-de-katildigi-nato-sirbistan-2026-tatbikati-suruyor","status":"publish","type":"post","link":"https:\/\/turkiyemhaber.com\/?p=2046","title":{"rendered":"T\u00fcrk Silahl\u0131 Kuvvetlerinin de kat\u0131ld\u0131\u011f\u0131 &#8220;NATO-S\u0131rbistan 2026&#8221; tatbikat\u0131 s\u00fcr\u00fcyor"},"content":{"rendered":"\n<p class=\"wp-block-paragraph\">S\u0131rbistan\u2019\u0131n g\u00fcneyindeki Borovac E\u011fitim Alan\u0131\u2019nda 11 May\u0131s\u2019ta ba\u015flayan ve T\u00fcrk Silahl\u0131 Kuvvetlerinin de kat\u0131ld\u0131\u011f\u0131 &#8220;NATO-S\u0131rbistan 2026&#8221; askeri tatbikat\u0131 devam ediyor.<\/p>\n\n\n\n<p class=\"wp-block-paragraph\">Bujanovac<\/p>\n\n\n\n<p class=\"wp-block-paragraph\">Gazeteciler, NATO taraf\u0131ndan d\u00fczenlenen medya turu kapsam\u0131nda, S\u0131rbistan\u2019\u0131n g\u00fcneyindeki Bujanovac kenti yak\u0131n\u0131ndaki Borovac E\u011fitim Alan\u0131\u2019nda 23 May\u0131s\u2019ta tamamlanacak tatbikat\u0131 g\u00f6zlemledi.<\/p>\n\n\n\n<p class=\"wp-block-paragraph\">NATO yetkilisi taraf\u0131ndan AA muhabirine yap\u0131lan a\u00e7\u0131klamaya g\u00f6re, tatbikata yakla\u015f\u0131k 600 personel kat\u0131l\u0131yor.<\/p>\n\n\n\n<p class=\"wp-block-paragraph\">S\u0131rbistan\u2019\u0131n yan\u0131 s\u0131ra T\u00fcrkiye, \u0130talya ve Romanya\u2019dan askerlerin yer ald\u0131\u011f\u0131 tatbikata ayr\u0131ca S\u0131rbistan, Fransa, Almanya, \u0130talya, Karada\u011f, Romanya, \u0130ngiltere ve ABD\u2019den askeri planlamac\u0131lar ile g\u00f6zlemciler i\u015ftirak ediyor.<\/p>\n\n\n\n<figure class=\"wp-block-image\"><img decoding=\"async\" src=\"https:\/\/web-cdnprod.aa.com.tr\/uploads\/Contents\/2026\/05\/22\/95d9af11b6129069ec3efac28dc33f45.jpg\" alt=\"\"\/><\/figure>\n\n\n\n<p class=\"wp-block-paragraph\">S\u0131rp ve NATO kuvvetleri aras\u0131ndaki birlikte \u00e7al\u0131\u015fabilirlik seviyesinin geli\u015ftirilmesine katk\u0131 sa\u011flayan tatbikat, S\u0131rbistan Silahl\u0131 Kuvvetlerinin Birle\u015fmi\u015f Milletler ve Avrupa Birli\u011fi \u00f6nc\u00fcl\u00fc\u011f\u00fcndeki bar\u0131\u015f\u0131 koruma operasyonlar\u0131na haz\u0131rl\u0131\u011f\u0131n\u0131 g\u00fc\u00e7lendirmeyi, NATO-S\u0131rbistan pratik i\u015fbirli\u011fini ilerletmeyi ve Balkanlar\u2019daki istikrar\u0131 desteklemeyi ama\u00e7l\u0131yor.<\/p>\n\n\n\n<figure class=\"wp-block-video\"><\/figure>\n\n\n\n<p class=\"wp-block-paragraph\">T\u00fcrk Silahl\u0131 Kuvvetleri tatbikata 66\u2019nc\u0131 Mekanize Piyade Tugay Komutanl\u0131\u011f\u0131 personeliyle kat\u0131l\u0131yor. Tatbikat kapsam\u0131nda meskun mahalde muharebe e\u011fitimi, \u00e7evre emniyeti, yaral\u0131 tahliyesi, arama tarama gibi e\u011fitimler ger\u00e7ekle\u015ftirildi.<\/p>\n\n\n\n<figure class=\"wp-block-image\"><img decoding=\"async\" src=\"https:\/\/web-cdnprod.aa.com.tr\/uploads\/Contents\/2026\/05\/22\/777f7cae9f3e2e34d81a74587ed521d2.jpg\" alt=\"\"\/><\/figure>\n\n\n\n<p class=\"wp-block-paragraph\">Kol Komutan\u0131 Piyade \u00dcste\u011fmen Onur Bilgili, T\u00fcrkiye\u2019nin muharebe sahas\u0131ndaki y\u00fcksek haz\u0131rl\u0131k seviyesini g\u00f6stermek amac\u0131yla 36 personelden olu\u015fan birlik ile tatbikata kat\u0131l\u0131m sa\u011flad\u0131klar\u0131n\u0131 belirterek, \u015fu bilgileri verdi:<\/p>\n\n\n\n<p class=\"wp-block-paragraph\">&#8220;Birli\u011fimiz tamamen yerli silah, ara\u00e7 ve te\u00e7hizatla donat\u0131lm\u0131\u015ft\u0131r. Tatbikat kapsam\u0131nda personelimiz T\u00fcrkiye\u2019nin geli\u015fen yerli silah sanayisinin en g\u00fc\u00e7l\u00fc \u00f6rneklerinden olan Vuran taktik tekerlekli z\u0131rhl\u0131 ara\u00e7 ve Milli Piyade T\u00fcfe\u011fi MPT 76 ile donat\u0131lm\u0131\u015ft\u0131r. Tatbikattaki temel hedefimiz, m\u00fcttefik ve partner \u00fclkeler ile birlikte ortak e\u011fitimler yapabilmek, tecr\u00fcbe aktar\u0131m\u0131n\u0131 sa\u011flayabilmek ve \u00e7ok fonksiyonlu hareket alanlar\u0131nda birlikte \u00e7al\u0131\u015fabilirli\u011fi art\u0131rmak ve daha \u00fcst seviyeye ta\u015f\u0131yabilmektir.&#8221;<\/p>\n","protected":false},"excerpt":{"rendered":"<p>S\u0131rbistan\u2019\u0131n g\u00fcneyindeki Borovac E\u011fitim Alan\u0131\u2019nda 11 May\u0131s\u2019ta ba\u015flayan ve T\u00fcrk Silahl\u0131 Kuvvetlerinin de kat\u0131ld\u0131\u011f\u0131 &#8220;NATO-S\u0131rbistan<\/p>\n","protected":false},"author":1,"featured_media":2047,"comment_status":"open","ping_status":"open","sticky":false,"template":"","format":"standard","meta":{"_rtcl_gb_attr":"","footnotes":""},"categories":[1],"tags":[],"class_list":["post-2046","post","type-post","status-publish","format-standard","has-post-thumbnail","hentry","category-http-turkiyemhaber-com-wp-content-uploads-2026-03-saray-59-haber-13-mart-pdf"],"_links":{"self":[{"href":"https:\/\/turkiyemhaber.com\/index.php?rest_route=\/wp\/v2\/posts\/2046","targetHints":{"allow":["GET"]}}],"collection":[{"href":"https:\/\/turkiyemhaber.com\/index.php?rest_route=\/wp\/v2\/posts"}],"about":[{"href":"https:\/\/turkiyemhaber.com\/index.php?rest_route=\/wp\/v2\/types\/post"}],"author":[{"embeddable":true,"href":"https:\/\/turkiyemhaber.com\/index.php?rest_route=\/wp\/v2\/users\/1"}],"replies":[{"embeddable":true,"href":"https:\/\/turkiyemhaber.com\/index.php?rest_route=%2Fwp%2Fv2%2Fcomments&post=2046"}],"version-history":[{"count":1,"href":"https:\/\/turkiyemhaber.com\/index.php?rest_route=\/wp\/v2\/posts\/2046\/revisions"}],"predecessor-version":[{"id":2048,"href":"https:\/\/turkiyemhaber.com\/index.php?rest_route=\/wp\/v2\/posts\/2046\/revisions\/2048"}],"wp:featuredmedia":[{"embeddable":true,"href":"https:\/\/turkiyemhaber.com\/index.php?rest_route=\/wp\/v2\/media\/2047"}],"wp:attachment":[{"href":"https:\/\/turkiyemhaber.com\/index.php?rest_route=%2Fwp%2Fv2%2Fmedia&parent=2046"}],"wp:term":[{"taxonomy":"category","embeddable":true,"href":"https:\/\/turkiyemhaber.com\/index.php?rest_route=%2Fwp%2Fv2%2Fcategories&post=2046"},{"taxonomy":"post_tag","embeddable":true,"href":"https:\/\/turkiyemhaber.com\/index.php?rest_route=%2Fwp%2Fv2%2Ftags&post=2046"}],"curies":[{"name":"wp","href":"https:\/\/api.w.org\/{rel}","templated":true}]}}