{"id":2043,"date":"2026-05-22T10:56:26","date_gmt":"2026-05-22T10:56:26","guid":{"rendered":"https:\/\/turkiyemhaber.com\/?p=2043"},"modified":"2026-05-22T10:56:30","modified_gmt":"2026-05-22T10:56:30","slug":"antalya-mavi-bayrakli-plajda-dunyada-ilk-sirada","status":"publish","type":"post","link":"https:\/\/turkiyemhaber.com\/?p=2043","title":{"rendered":"Antalya mavi bayrakl\u0131 plajda d\u00fcnyada ilk s\u0131rada"},"content":{"rendered":"\n<p class=\"wp-block-paragraph\">D\u00fcnyan\u0131n en fazla mavi bayrakl\u0131 plaj\u0131na sahip Antalya&#8217;da, 2026&#8217;n\u0131n bayraklar\u0131 teslim edilmeye ba\u015fland\u0131.<\/p>\n\n\n\n<p class=\"wp-block-paragraph\">Antalya<\/p>\n\n\n\n<p class=\"wp-block-paragraph\">Uluslararas\u0131 \u00c7evre E\u011fitim Vakf\u0131-FEE taraf\u0131ndan a\u00e7\u0131klanan 2026 Mavi Bayrak \u00d6d\u00fclleri&#8217;ne g\u00f6re, T\u00fcrkiye genelinde bu y\u0131l 580 plaj, turizm kenti Antalya&#8217;da ise 232 plaj mavi bayrak almaya hak kazand\u0131.<\/p>\n\n\n\n<p class=\"wp-block-paragraph\">Bu y\u0131l da hak kazanan i\u015fletmelere, yeni bayrak teslimleri yap\u0131lmaya ba\u015fland\u0131.<\/p>\n\n\n\n<p class=\"wp-block-paragraph\">T\u00fcrkiye \u00c7evre E\u011fitim Vakf\u0131 (T\u00dcR\u00c7EV) Antalya \u0130l Koordinat\u00f6r\u00fc Mustafa Ergiydiren ve ekibi, Muratpa\u015fa il\u00e7esindeki Mermerli Plaj\u0131&#8217;n\u0131 ziyaret ederek, hem denetim yapt\u0131 hem de bayra\u011f\u0131 verdi.<\/p>\n\n\n\n<p class=\"wp-block-paragraph\">Ergiydiren, burada yapt\u0131\u011f\u0131 a\u00e7\u0131klamada, T\u00fcrkiye&#8217;nin plaj kategorisinde \u0130spanya ve Yunanistan&#8217;\u0131n ard\u0131ndan en ba\u015far\u0131l\u0131 \u00fc\u00e7\u00fcnc\u00fc \u00fclke oldu\u011funu s\u00f6yledi.<\/p>\n\n\n\n<p class=\"wp-block-paragraph\">Antalya&#8217;n\u0131n da mavi bayrak konusunda ba\u015far\u0131l\u0131 bir kent oldu\u011funu belirten Ergiydiren, &#8220;Antalya 232 plaj\u0131yla d\u00fcnyada en fazla mavi bayrak \u00f6d\u00fcll\u00fc \u015fehir konumunda. Tabii ard\u0131ndan \u0130spanya&#8217;n\u0131n, Yunanistan&#8217;\u0131n, Fransa&#8217;n\u0131n kentleri geliyor ama a\u00e7\u0131k ara birincili\u011fimizi koruman\u0131n da mutlulu\u011funu ya\u015f\u0131yoruz.&#8221; dedi.<\/p>\n\n\n\n<p class=\"wp-block-paragraph\">Ergiydiren, bu ba\u015far\u0131da t\u00fcm kurum ve kurulu\u015flar\u0131n, vatanda\u015f\u0131n, turistlerin b\u00fcy\u00fck eme\u011fi bulundu\u011funu ifade etti.<\/p>\n\n\n\n<p class=\"wp-block-paragraph\">Say\u0131y\u0131 ve kaliteyi daha da art\u0131rmak i\u00e7in \u00e7al\u0131\u015fmaya devam edeceklerini bildiren Ergiydiren, plajlar\u0131, denizleri temiz tutmak ve gelecek nesillere temiz \u015fekilde b\u0131rakmak i\u00e7in T\u00dcR\u00c7EV olarak \u00f6nemli faaliyetler y\u00fcr\u00fctt\u00fcklerini dile getirdi.<\/p>\n\n\n\n<p class=\"wp-block-paragraph\">Denetimlerin belli periyotlarla devam edece\u011fini aktaran Ergiydiren, \u015f\u00f6yle konu\u015ftu:<\/p>\n\n\n\n<p class=\"wp-block-paragraph\">&#8220;Mavi Bayrak program\u0131nda \u00f6d\u00fcl almaya hak kazanan plajlar\u0131m\u0131z denetimlerden ge\u00e7meden mavi bayra\u011f\u0131n\u0131 teslim alam\u0131yor. Bu denetimlerimiz sezon boyunca devam ediyor. Denetimlerde bakt\u0131\u011f\u0131m\u0131z en \u00f6nemli hususlar, plaj\u0131n temizli\u011fi, donan\u0131mlar\u0131n kalitesi, can kurtaranlar\u0131n yeterlili\u011fi, \u00e7evre konusunda plaj kullan\u0131c\u0131lar\u0131na verilen bilgilendirmeler, a\u00e7\u0131klay\u0131c\u0131 yaz\u0131lar, tabelalar, bunlar\u0131n muhakkak plajlarda olmas\u0131n\u0131 istiyoruz.&#8221;<\/p>\n\n\n\n<p class=\"wp-block-paragraph\">Ergiydiren, ge\u00e7mi\u015f 4 y\u0131l temiz olmayan hi\u00e7bir plaj\u0131n da mavi bayrak ba\u015fvurusu yapamad\u0131\u011f\u0131n\u0131 kaydetti.<\/p>\n","protected":false},"excerpt":{"rendered":"<p>D\u00fcnyan\u0131n en fazla mavi bayrakl\u0131 plaj\u0131na sahip Antalya&#8217;da, 2026&#8217;n\u0131n bayraklar\u0131 teslim edilmeye ba\u015fland\u0131. Antalya Uluslararas\u0131<\/p>\n","protected":false},"author":1,"featured_media":2044,"comment_status":"open","ping_status":"open","sticky":false,"template":"","format":"standard","meta":{"_rtcl_gb_attr":"","footnotes":""},"categories":[1],"tags":[],"class_list":["post-2043","post","type-post","status-publish","format-standard","has-post-thumbnail","hentry","category-http-turkiyemhaber-com-wp-content-uploads-2026-03-saray-59-haber-13-mart-pdf"],"_links":{"self":[{"href":"https:\/\/turkiyemhaber.com\/index.php?rest_route=\/wp\/v2\/posts\/2043","targetHints":{"allow":["GET"]}}],"collection":[{"href":"https:\/\/turkiyemhaber.com\/index.php?rest_route=\/wp\/v2\/posts"}],"about":[{"href":"https:\/\/turkiyemhaber.com\/index.php?rest_route=\/wp\/v2\/types\/post"}],"author":[{"embeddable":true,"href":"https:\/\/turkiyemhaber.com\/index.php?rest_route=\/wp\/v2\/users\/1"}],"replies":[{"embeddable":true,"href":"https:\/\/turkiyemhaber.com\/index.php?rest_route=%2Fwp%2Fv2%2Fcomments&post=2043"}],"version-history":[{"count":1,"href":"https:\/\/turkiyemhaber.com\/index.php?rest_route=\/wp\/v2\/posts\/2043\/revisions"}],"predecessor-version":[{"id":2045,"href":"https:\/\/turkiyemhaber.com\/index.php?rest_route=\/wp\/v2\/posts\/2043\/revisions\/2045"}],"wp:featuredmedia":[{"embeddable":true,"href":"https:\/\/turkiyemhaber.com\/index.php?rest_route=\/wp\/v2\/media\/2044"}],"wp:attachment":[{"href":"https:\/\/turkiyemhaber.com\/index.php?rest_route=%2Fwp%2Fv2%2Fmedia&parent=2043"}],"wp:term":[{"taxonomy":"category","embeddable":true,"href":"https:\/\/turkiyemhaber.com\/index.php?rest_route=%2Fwp%2Fv2%2Fcategories&post=2043"},{"taxonomy":"post_tag","embeddable":true,"href":"https:\/\/turkiyemhaber.com\/index.php?rest_route=%2Fwp%2Fv2%2Ftags&post=2043"}],"curies":[{"name":"wp","href":"https:\/\/api.w.org\/{rel}","templated":true}]}}