{"id":2040,"date":"2026-05-22T10:52:10","date_gmt":"2026-05-22T10:52:10","guid":{"rendered":"https:\/\/turkiyemhaber.com\/?p=2040"},"modified":"2026-05-22T10:52:14","modified_gmt":"2026-05-22T10:52:14","slug":"denizli-buyuksehirden-bayram-oncesi-10-milyon-liralik-destek","status":"publish","type":"post","link":"https:\/\/turkiyemhaber.com\/?p=2040","title":{"rendered":"Denizli B\u00fcy\u00fck\u015fehirden bayram \u00f6ncesi 10 milyon liral\u0131k destek"},"content":{"rendered":"\n<p class=\"wp-block-paragraph\">Denizli B\u00fcy\u00fck\u015fehir Belediyesi, Horoz Kart sahibi vatanda\u015flar\u0131n hesaplar\u0131na 10 milyon liral\u0131k bayraml\u0131k et deste\u011fi yat\u0131rd\u0131. Ramazan Bayram\u0131 ile birlikte ihtiya\u00e7 sahiplerine toplamda 42,25 milyon liral\u0131k destek sa\u011fland\u0131.<br><\/p>\n\n\n\n<p class=\"wp-block-paragraph\">Ramazan Bayram\u0131\u2019nda ihtiya\u00e7 sahibi emekli ve dar gelirli vatanda\u015flar\u0131n y\u00fcz\u00fcn\u00fc g\u00fcld\u00fcren Denizli B\u00fcy\u00fck\u015fehir Belediye Ba\u015fkan\u0131 B\u00fclent Nuri \u00c7avu\u015fo\u011flu, Kurban Bayram\u0131\u2019nda da zorlu ekonomik \u015fartlarda ya\u015fam m\u00fccadelesi veren hem\u015fehrilerini unutmad\u0131. Sosyal Hizmetler Dairesi Ba\u015fkanl\u0131\u011f\u0131\u2019n\u0131n y\u00fcr\u00fctt\u00fc\u011f\u00fc sosyal destek projesiyle, d\u00fczenli hane yard\u0131m\u0131 alan sosyal destek kart\u0131 (Horoz Kart) sahibi vatanda\u015flar\u0131n hesaplar\u0131na 2.000 TL\u2019lik bayraml\u0131k et deste\u011fi yat\u0131r\u0131ld\u0131. \u0130htiya\u00e7 sahibi ailelerin mutfak masraflar\u0131na katk\u0131da bulunmak ve bayram sevincini payla\u015fmak amac\u0131yla hayata ge\u00e7irilen projeyle yakla\u015f\u0131k 10 milyon liral\u0131k destek sa\u011fland\u0131.<br><\/p>\n\n\n\n<p class=\"wp-block-paragraph\">&#8220;Hi\u00e7bir hanede bayram sevinci eksik kalmas\u0131n&#8221;<\/p>\n\n\n\n<p class=\"wp-block-paragraph\">Denizli B\u00fcy\u00fck\u015fehir Belediye Ba\u015fkan\u0131 B\u00fclent Nuri \u00c7avu\u015fo\u011flu, dar gelirli hem\u015fehrilerinin yanlar\u0131nda olmaya devam ettiklerini belirterek, &#8220;Biz, hi\u00e7 kimsenin kendini yaln\u0131z ve \u00e7aresiz hissetmeyece\u011fi bir Denizli in\u015fa etmek i\u00e7in yola \u00e7\u0131kt\u0131k. Her zaman oldu\u011fu gibi Kurban Bayram\u0131\u2019nda da ihtiya\u00e7 sahibi ailelerimizin yan\u0131nday\u0131z. Payla\u015fman\u0131n ve dayan\u0131\u015fman\u0131n bereketiyle, hi\u00e7bir hanemizde bayram sevinci eksik kalmas\u0131n istiyoruz. Bu vesileyle t\u00fcm hem\u015fehrilerimin Kurban Bayram\u0131\u2019n\u0131 kutluyor; huzur, sa\u011fl\u0131k ve mutluluk dolu bir bayram diliyorum.&#8221;<br><\/p>\n\n\n\n<p class=\"wp-block-paragraph\">\u0130ki bayramda 42,25 milyon liral\u0131k destek<\/p>\n\n\n\n<p class=\"wp-block-paragraph\">Denizli B\u00fcy\u00fck\u015fehir Belediyesi, d\u00fczenli hane yard\u0131m\u0131 alan Horoz Kart sahibi vatanda\u015flara 2.500 TL Ramazan Bayram\u0131 ikramiyesi ile sosyal yard\u0131mlar\u0131 kapsayan 16 milyon TL, 3.250 emekliye ise 5.000 TL olmak \u00fczere 16 milyon 250 bin TL destek sa\u011flam\u0131\u015ft\u0131. Kurban Bayram\u0131\u2019nda yap\u0131lan yakla\u015f\u0131k 10 milyon liral\u0131k g\u0131da deste\u011fiyle birlikte iki bayramda ihtiya\u00e7 sahiplerine toplamda 42,25 milyon lira dolay\u0131nda yard\u0131m yap\u0131ld\u0131.<\/p>\n","protected":false},"excerpt":{"rendered":"<p>Denizli B\u00fcy\u00fck\u015fehir Belediyesi, Horoz Kart sahibi vatanda\u015flar\u0131n hesaplar\u0131na 10 milyon liral\u0131k bayraml\u0131k et deste\u011fi yat\u0131rd\u0131.<\/p>\n","protected":false},"author":1,"featured_media":2041,"comment_status":"open","ping_status":"open","sticky":false,"template":"","format":"standard","meta":{"_rtcl_gb_attr":"","footnotes":""},"categories":[1],"tags":[],"class_list":["post-2040","post","type-post","status-publish","format-standard","has-post-thumbnail","hentry","category-http-turkiyemhaber-com-wp-content-uploads-2026-03-saray-59-haber-13-mart-pdf"],"_links":{"self":[{"href":"https:\/\/turkiyemhaber.com\/index.php?rest_route=\/wp\/v2\/posts\/2040","targetHints":{"allow":["GET"]}}],"collection":[{"href":"https:\/\/turkiyemhaber.com\/index.php?rest_route=\/wp\/v2\/posts"}],"about":[{"href":"https:\/\/turkiyemhaber.com\/index.php?rest_route=\/wp\/v2\/types\/post"}],"author":[{"embeddable":true,"href":"https:\/\/turkiyemhaber.com\/index.php?rest_route=\/wp\/v2\/users\/1"}],"replies":[{"embeddable":true,"href":"https:\/\/turkiyemhaber.com\/index.php?rest_route=%2Fwp%2Fv2%2Fcomments&post=2040"}],"version-history":[{"count":1,"href":"https:\/\/turkiyemhaber.com\/index.php?rest_route=\/wp\/v2\/posts\/2040\/revisions"}],"predecessor-version":[{"id":2042,"href":"https:\/\/turkiyemhaber.com\/index.php?rest_route=\/wp\/v2\/posts\/2040\/revisions\/2042"}],"wp:featuredmedia":[{"embeddable":true,"href":"https:\/\/turkiyemhaber.com\/index.php?rest_route=\/wp\/v2\/media\/2041"}],"wp:attachment":[{"href":"https:\/\/turkiyemhaber.com\/index.php?rest_route=%2Fwp%2Fv2%2Fmedia&parent=2040"}],"wp:term":[{"taxonomy":"category","embeddable":true,"href":"https:\/\/turkiyemhaber.com\/index.php?rest_route=%2Fwp%2Fv2%2Fcategories&post=2040"},{"taxonomy":"post_tag","embeddable":true,"href":"https:\/\/turkiyemhaber.com\/index.php?rest_route=%2Fwp%2Fv2%2Ftags&post=2040"}],"curies":[{"name":"wp","href":"https:\/\/api.w.org\/{rel}","templated":true}]}}