{"id":2037,"date":"2026-05-22T10:48:53","date_gmt":"2026-05-22T10:48:53","guid":{"rendered":"https:\/\/turkiyemhaber.com\/?p=2037"},"modified":"2026-05-22T10:48:56","modified_gmt":"2026-05-22T10:48:56","slug":"iletisim-baskani-duran-turkiye-son-25-yilda-kuresel-ekonominin-firtinali-sularinda-siginilacak-bir-guvenli-liman-haline-gelmistir","status":"publish","type":"post","link":"https:\/\/turkiyemhaber.com\/?p=2037","title":{"rendered":"\u0130leti\u015fim Ba\u015fkan\u0131 Duran: &#8220;T\u00fcrkiye, son 25 y\u0131lda k\u00fcresel ekonominin f\u0131rt\u0131nal\u0131 sular\u0131nda s\u0131\u011f\u0131n\u0131lacak bir g\u00fcvenli liman haline gelmi\u015ftir&#8221;"},"content":{"rendered":"\n<p class=\"wp-block-paragraph\">Cumhurba\u015fkanl\u0131\u011f\u0131 \u0130leti\u015fim Ba\u015fkan\u0131 Prof. Dr. Burhanettin Duran, &#8220;T\u00fcrkiye, \u00f6zellikle son 25 y\u0131lda Cumhurba\u015fkan\u0131m\u0131z Say\u0131n Recep Tayyip Erdo\u011fan\u2019\u0131n vizyoner liderli\u011fiyle k\u00fcresel ekonominin f\u0131rt\u0131nal\u0131 sular\u0131nda s\u0131\u011f\u0131n\u0131lacak bir g\u00fcvenli liman haline gelmi\u015ftir&#8221; dedi.<\/p>\n\n\n\n<p class=\"wp-block-paragraph\">Cumhurba\u015fkanl\u0131\u011f\u0131 \u0130leti\u015fim Ba\u015fkanl\u0131\u011f\u0131 ve Cumhurba\u015fkanl\u0131\u011f\u0131 Yat\u0131r\u0131m ve Finans Ofisi i\u015fbirli\u011fiyle \u0130stanbul Finans Merkezi Finans Merkezi (\u0130FM) Vak\u0131fBank Genel Merkezi Konferans Salonu\u2019nda ger\u00e7ekle\u015ftirilen \u2018T\u00fcrkiye Y\u00fczy\u0131l\u0131nda Yat\u0131r\u0131m ve Finans\u2019 program\u0131nda konu\u015fan \u0130leti\u015fim Ba\u015fkan\u0131 Duran, Cumhurba\u015fkan\u0131 Recep Tayyip Erdo\u011fan\u2019\u0131n ge\u00e7ten y\u0131l imzalamas\u0131 ile Finansal Okuryazarl\u0131k G\u00fcn\u00fc\u2019n\u00fcn resmiyet kazand\u0131\u011f\u0131n\u0131 hat\u0131rlatarak, Finansal Okuryazarl\u0131k G\u00fcn\u00fc\u2019n\u00fc kutlad\u0131. Duran, &#8220;Hepinizin bildi\u011fi \u00fczere dijitalle\u015fme, finansal ara\u00e7lar\u0131n yap\u0131s\u0131n\u0131 d\u00f6n\u00fc\u015ft\u00fcr\u00fcrken bu ara\u00e7lara eri\u015fimi de olduk\u00e7a kolayla\u015ft\u0131r\u0131yor. Bug\u00fcn vatanda\u015flar\u0131m\u0131z ge\u00e7mi\u015fe k\u0131yasla \u00e7ok daha h\u0131zl\u0131, \u00e7ok daha \u00e7e\u015fitli ve \u00e7ok daha geni\u015f bir finansal i\u015flem alan\u0131na sahip. Ancak bu kolayl\u0131k, beraberinde bilin\u00e7li hareket etme sorumlulu\u011funu da getiriyor. \u00c7\u00fcnk\u00fc bu finansal ara\u00e7lara eri\u015fimin kolayla\u015fmas\u0131 kadar do\u011fru kullan\u0131lmas\u0131 da, anla\u015f\u0131lmas\u0131 da gerekiyor. Vatanda\u015flar\u0131m\u0131z\u0131n yat\u0131r\u0131m kararlar\u0131n\u0131 bilin\u00e7li \u015fekilde verebilmesi, elbette risklerin ve f\u0131rsatlar\u0131n sa\u011fl\u0131kl\u0131 bir \u015fekilde okunabilmesini gerektirmekte. Bunun da \u00fclkemizin ekonomik g\u00fcc\u00fcn\u00fc tahkim edecek b\u00fcy\u00fck bir \u00f6nem i\u00e7erdi\u011fini s\u00f6ylemem gerekir. Bu nedenle finansal okuryazarl\u0131k, sadece belirli meslek gruplar\u0131n\u0131n ya da yat\u0131r\u0131mc\u0131lar\u0131n ihtiya\u00e7 duydu\u011fu bir husus de\u011fil; b\u00fct\u00fcn toplumun b\u00fct\u00fcn kesimlerinin, hepsini ilgilendiren temel bir ya\u015fam becerisi art\u0131k. Tarihi tecr\u00fcbelerle sabittir ki bir devletin uluslararas\u0131 sistemdeki g\u00fcc\u00fc, yaln\u0131zca askeri kapasitesiyle ve diplomatik etkinli\u011fiyle, hatta n\u00fcfusuyla \u00f6l\u00e7\u00fclm\u00fcyor. Art\u0131k istikrarl\u0131 ve payda\u015flar\u0131na g\u00fcven veren bir ekonomik yap\u0131n\u0131n kurulmas\u0131 ve bunun s\u00fcrd\u00fcr\u00fclebilir hale gelmesi, bir devletin hakiki manada g\u00fc\u00e7l\u00fc ve ba\u011f\u0131ms\u0131z oldu\u011funu g\u00f6steren en \u00f6nemli unsurdur. Ben de buradan bug\u00fcn memnuniyetle ifade etmek isterim ki T\u00fcrkiye, \u00f6zellikle son 25 y\u0131lda Cumhurba\u015fkan\u0131m\u0131z Say\u0131n Recep Tayyip Erdo\u011fan\u2019\u0131n vizyoner liderli\u011fiyle k\u00fcresel ekonominin f\u0131rt\u0131nal\u0131 sular\u0131nda s\u0131\u011f\u0131n\u0131lacak bir g\u00fcvenli liman haline gelmi\u015ftir&#8221; dedi.<\/p>\n\n\n\n<p class=\"wp-block-paragraph\">&#8220;T\u00fcrkiye hem b\u00f6lgesel hem k\u00fcresel d\u00fczeyde siyasi istikrar\u0131, ekonomik g\u00fcveni ve bir arada ya\u015famay\u0131 temsil eden \u00f6nemli bir \u00fclke durumundad\u0131r&#8221;<\/p>\n\n\n\n<p class=\"wp-block-paragraph\">Bu ba\u015far\u0131n\u0131n arkas\u0131nda ku\u015fkusuz k\u00f6kl\u00fc bir zihniyet devrimi ve yeni bir d\u00fc\u015f\u00fcnce d\u00fcnyas\u0131 \u00e7er\u00e7evesinde planlanarak hayata ge\u00e7irilen say\u0131s\u0131z proje ve yat\u0131r\u0131mlar\u0131n bulundu\u011funu aktaran Duran, &#8220;Bu durum bizlere a\u00e7\u0131k\u00e7a \u015funu g\u00f6stermekte ki jeopolitik krizlerin daha s\u0131k ya\u015fand\u0131\u011f\u0131, tedarik zincirlerinin farkl\u0131 sebeplerle kesintiye u\u011frad\u0131\u011f\u0131 ve finansal piyasalarda oynakl\u0131\u011f\u0131n artt\u0131\u011f\u0131 d\u00f6nemde T\u00fcrkiye hem b\u00f6lgesel hem k\u00fcresel d\u00fczeyde siyasi istikrar\u0131, ekonomik g\u00fcveni ve bir arada ya\u015famay\u0131 temsil eden \u00f6nemli bir \u00fclke durumundad\u0131r. Ve bu durum T\u00fcrkiye\u2019nin d\u00fcnyan\u0131n ba\u011flant\u0131 noktas\u0131 olan yakla\u015f\u0131m\u0131n\u0131 s\u00fcrd\u00fcrme ve bu stratejilerini hayata ge\u00e7irmesinde g\u00fc\u00e7l\u00fc bir vizyon g\u00f6stermektedir. T\u00fcrkiye\u2019nin bu ba\u011flamda en \u00f6nemli kurumsal kapasite unsurlar\u0131ndan birisi ise kurulu\u015funun 20. y\u0131l\u0131n\u0131 kutlad\u0131\u011f\u0131m\u0131z Cumhurba\u015fkanl\u0131\u011f\u0131 Yat\u0131r\u0131m ve Finans Ofisi\u2019dir. Ofisimiz son 20 y\u0131lda ya\u015fanan ulusal ve uluslararas\u0131 ekonomik dalgalanmalarda \u00e7ok ba\u015far\u0131l\u0131 bir performans sergilemi\u015ftir. Tecr\u00fcbe ve birikimiyle T\u00fcrkiye\u2019ye do\u011frudan sermaye \u00e7ekmenin yan\u0131 s\u0131ra \u00fclkemizin k\u00fcresel i\u015f yapma k\u00fclt\u00fcr\u00fcn\u00fc de modernize etmi\u015ftir. Ben bu vesileyle Cumhurba\u015fkanl\u0131\u011f\u0131 Yat\u0131r\u0131m ve Finans Ofisi\u2019ne katk\u0131da bulunan herkese \u015f\u00fckranlar\u0131m\u0131 sunuyorum. Kurulu\u015funun 20. kurulu\u015f y\u0131l\u0131n\u0131 da ayr\u0131ca tebrik ediyorum. T\u00fcrkiye Y\u00fczy\u0131l\u0131\u2019nda Yat\u0131r\u0131m ve Finans kitab\u0131m\u0131z\u0131 da bug\u00fcn kamuoyunun istifadesine sunmaktan duydu\u011fum memnuniyeti ayr\u0131ca ifade etmek isterim. Zira bu kitap, Say\u0131n Cumhurba\u015fkan\u0131m\u0131z\u0131n 2014-2025 y\u0131llar\u0131 aras\u0131nda yat\u0131r\u0131m ve finans ekseninde ger\u00e7ekle\u015ftirdi\u011fi 220 hitab\u0131 i\u00e7ermektedir. B\u00f6ylece bu kitap, T\u00fcrkiye\u2019nin son d\u00f6nemdeki yat\u0131r\u0131m, \u00fcretim, istihdam ve ihracat odakl\u0131 ekonomik d\u00f6n\u00fc\u015f\u00fcm\u00fcn\u00fcn fikri arka plan\u0131n\u0131 da a\u00e7\u0131k\u00e7a ortaya koymaktad\u0131r. Cumhurba\u015fkan\u0131m\u0131z\u0131n farkl\u0131 konu\u015fmalar\u0131yla resmedildi\u011fi bir kitapla kar\u015f\u0131 kar\u015f\u0131yas\u0131n\u0131z. Say\u0131n Cumhurba\u015fkan\u0131m\u0131z\u0131n 10 y\u0131l\u0131 a\u015fk\u0131n y\u0131la yay\u0131lan bu hitaplar\u0131, yak\u0131n ekonomik tarihimizi anlatan \u00f6nemli bir vesika niteli\u011findedir. Her konu\u015fma d\u00f6nemin ruhunu ve \u00f6nceliklerini, hedeflerini i\u00e7erisinde bulundurmaktad\u0131r. Bu bak\u0131mdan tarihe not d\u00fc\u015f\u00fcld\u00fc\u011f\u00fc ve gelece\u011fe de rehberlik edildi\u011fi ifade edilmelidir&#8221; ifadelerini kulland\u0131.<\/p>\n\n\n\n<p class=\"wp-block-paragraph\">&#8220;Bug\u00fcn g\u00fcvenli liman dedi\u011fimiz T\u00fcrkiye\u2019mizin istikrar\u0131n\u0131n korunmas\u0131nda devlet ve millet olarak hep birlikte bu iradeyi sergiliyoruz&#8221;<\/p>\n\n\n\n<p class=\"wp-block-paragraph\">&#8220;Dijitalle\u015fmenin finansal alan\u0131 h\u0131zla d\u00f6n\u00fc\u015ft\u00fcrd\u00fc\u011f\u00fc g\u00fcn\u00fcm\u00fczde finansal dezenformasyonlara kar\u015f\u0131 da tedbir almak durumunday\u0131z. Bu da bizim \u0130leti\u015fim Ba\u015fkanl\u0131\u011f\u0131 olarak en \u00f6nem verdi\u011fimiz hususlardan bir tanesidir&#8221; diyen Duran \u015f\u00f6yle devam etti:<\/p>\n\n\n\n<p class=\"wp-block-paragraph\">&#8220;Bu \u00e7er\u00e7evede Ba\u015fkanl\u0131\u011f\u0131m\u0131z b\u00fcnyesindeki Dezenformasyonla M\u00fccadele Merkezimiz, ekonomik istikrar\u0131 hedef alan sald\u0131r\u0131lara kar\u015f\u0131 proaktif bir m\u00fccadele y\u00fcr\u00fctmektedir. G\u00fcn\u00fcm\u00fczde finansal g\u00fcven sadece piyasa ara\u00e7lar\u0131yla in\u015fa edilmiyor. G\u00fcven, do\u011fru bilginin zaman\u0131nda payla\u015f\u0131lmas\u0131, kamuoyunun sa\u011fl\u0131kl\u0131 bi\u00e7imde bilgilendirilmesi, yat\u0131r\u0131mc\u0131n\u0131n manip\u00fclasyondan korunmas\u0131 ve devlet ile millet aras\u0131ndaki ileti\u015fim ba\u011f\u0131n\u0131n g\u00fc\u00e7l\u00fc kalmas\u0131, tahkim edilmesi gerekmektedir. \u00c7\u00fcnk\u00fc finansal kararlar al\u0131n\u0131rken beklentiler, alg\u0131lar, haber ak\u0131\u015f\u0131 ve dijital mecralarda dola\u015f\u0131ma sokulan i\u00e7erikler d\u00fc\u015f\u00fcnd\u00fc\u011f\u00fcm\u00fczden daha fazla etkili olabiliyor. Maalesef zaman zaman medyada konvansiyonel medyada ya da sosyal medyada d\u00f6viz kurlar\u0131 \u00fczerinden yap\u0131lan manip\u00fclasyonlara da \u015fahit oluyoruz. Biz bunlar\u0131n ileti\u015fim \u00e7er\u00e7evesinde gerekli tedbirleri almaya devam ediyoruz. Haber d\u00fcnyas\u0131 ve finans d\u00fcnyas\u0131n\u0131n ileti\u015fim noktas\u0131nda etik s\u0131n\u0131rlar\u0131n korunmas\u0131, gazetecilik faaliyetlerinin ticari ili\u015fkilere d\u00f6nmemesi konusunu da ciddiyetle ele al\u0131yoruz. \u0130leti\u015fim Ba\u015fkanl\u0131\u011f\u0131m\u0131z manip\u00fclatif s\u00f6ylemlere, spek\u00fclatif i\u00e7eriklere ve finansal dezenformasyonlara kar\u015f\u0131 ekonomi ileti\u015fimini \u00f6nemsemektedir. Dikkatinizi \u00e7ekerim; uluslararas\u0131 yat\u0131r\u0131mc\u0131lar \u00fclkelerle ilgili kanaatlerini rakamlarla ve finansal verilerle vermiyor sadece. Elbette yat\u0131r\u0131mc\u0131lar i\u00e7in esas olan bir \u00fclkenin istikrar\u0131, liderli\u011fi ve k\u00fcresel \u00f6l\u00e7ekte \u00fcretmi\u015f oldu\u011fu g\u00fcven duygusudur. Bir milletin var olma, hayatta kalma iradesi de bu \u00f6ng\u00f6r\u00fclebilirli\u011fi ve g\u00fcveni in\u015fa etmektedir. Bu sene 10\u2019uncu y\u0131l d\u00f6n\u00fcm\u00fcn\u00fc idrak edece\u011fimiz 15 Temmuz\u2019da olu\u015fturulmak istenen karga\u015fay\u0131 hat\u0131rlayal\u0131m. Huzurumuzu ve istikrar\u0131m\u0131z\u0131 hedef alan bu tasalluta kar\u015f\u0131 devlet ve millet olarak verdi\u011fimiz refleks, gelece\u011fimizi koruma ve in\u015fa etme irademizin en g\u00fczel \u00f6rneklerinden birisi olmu\u015ftur. Bug\u00fcn g\u00fcvenli liman dedi\u011fimiz T\u00fcrkiye\u2019mizin istikrar\u0131n\u0131n korunmas\u0131nda devlet ve millet olarak hep birlikte bu iradeyi sergiliyoruz. \u00dclkemizin her t\u00fcrl\u00fc kaos ve karga\u015fadan uzak kalmas\u0131 bizim i\u00e7in \u00e7ok \u00f6nemlidir. Nitekim T\u00fcrkiye\u2019yi kaos ve karga\u015fa i\u00e7ine \u00e7ekmeye \u00e7al\u0131\u015fan, bu konuda manip\u00fclasyon yapan odaklara kar\u015f\u0131 hem yurt i\u00e7inde hem yurt d\u0131\u015f\u0131nda m\u00fccadelemiz devam etmektedir. Say\u0131n Cumhurba\u015fkan\u0131m\u0131z\u0131n yurt d\u0131\u015f\u0131 temaslar\u0131nda ortaya koydu\u011fu g\u00fc\u00e7l\u00fc liderlik ve kararl\u0131 diplomasi ile g\u00fcven telkin eden vizyonunu in\u015fa etmeye devam edece\u011fiz.&#8221;<\/p>\n\n\n\n<p class=\"wp-block-paragraph\">Cumhurba\u015fkanl\u0131\u011f\u0131 Yat\u0131r\u0131m ve Finans Ofisi Ba\u015fkan\u0131 Ahmet Burak Da\u011fl\u0131o\u011flu ise, &#8220;Bug\u00fcn asl\u0131nda bir kitap lansman\u0131 i\u00e7in buraday\u0131z. Say\u0131n Cumhurba\u015fkan\u0131m\u0131z\u0131n 2014 y\u0131l\u0131ndan bu yana konu\u015fmalar\u0131nda ekonomi ve finans konular\u0131n\u0131 derledik. Bu \u00e7al\u0131\u015fmay\u0131 yaparken \u0130leti\u015fim Ba\u015fkanl\u0131\u011f\u0131m\u0131zla ve Yat\u0131r\u0131m Ofisi\u2019ndeki arkada\u015flar\u0131m\u0131zla yak\u0131n bir mesai y\u00fcr\u00fctt\u00fck. Bu kitaba bu s\u00fcre\u00e7teki katk\u0131lar\u0131ndan dolay\u0131 her iki kurumdaki mesai arkada\u015flar\u0131ma da ayr\u0131ca \u015f\u00fckranlar\u0131m\u0131 sunmak istiyorum. Kitab\u0131n haz\u0131rl\u0131k s\u00fcrecinde ya\u015fad\u0131\u011f\u0131m duygular\u0131 sizlerle payla\u015fmam\u0131n isabetli olaca\u011f\u0131na dair bir fikrim oldu. \u00dc\u00e7 ba\u015fl\u0131kta asl\u0131nda ge\u00e7mi\u015fteki o evraklar\u0131, konu\u015fmalar\u0131 tek tek incelerken \u00fc\u00e7 ba\u015fl\u0131kta \u00e7ok dikkatimi \u00e7eken hususlar oldu. Birincisi, Say\u0131n Cumhurba\u015fkan\u0131m\u0131z her platformda yat\u0131r\u0131mlara \u00f6ncelik verilmesinden bahsediyor. Mesela \u00e7ok dikkat \u00e7eken bir ifade; \u2019Bize d\u00fc\u015fen yat\u0131r\u0131mlar\u0131n \u00f6n\u00fcn\u00fc a\u00e7mak.\u2019 Ve bunun gibi yat\u0131r\u0131mlara dair her zaman bir \u00f6ncelik verildi\u011fini g\u00f6r\u00fcyoruz. \u0130kincisi, kararl\u0131l\u0131k. Asl\u0131nda bir\u00e7ok konuda \u015fu anda geldi\u011fimiz noktay\u0131, ba\u015fard\u0131\u011f\u0131m\u0131z i\u015fleri konu\u015fuyoruz. Ve asl\u0131nda bunlar\u0131n arkas\u0131nda \u00e7ok kararl\u0131 bir irade, kararl\u0131 bir liderlik oldu\u011funu kitaptaki yine derlemelerden \u00e7ok rahatl\u0131kla g\u00f6rme f\u0131rsat\u0131 oluyor. Yine birka\u00e7 b\u00f6yle man\u015fet dikkatimi \u00e7eken, payla\u015fmak isterim: \u2019T\u00fcrkiye, hayali bile kurulamayan \u015feyleri mutlaka ba\u015faracakt\u0131r.\u2019 Yani bunu 2014 y\u0131l\u0131ndaki konu\u015fmalarda g\u00f6rebiliyorsunuz. Ve bug\u00fcn ger\u00e7ekten \u00fclkemizin o hayali kurulamayan i\u015fleri ba\u015fard\u0131\u011f\u0131n\u0131 g\u00f6r\u00fcyoruz. Bir di\u011fer dikkat \u00e7eken konu\u015fma ba\u015fl\u0131\u011f\u0131 da savunma sanayii alan\u0131nda. Hem u\u00e7ak gemimizle ilgili o zaman verilen ifadeler. Dikkatimi \u00e7eken bir man\u015fet yine: \u2019Savunma sanayii, T\u00fcrkiye\u2019nin amiral gemisi olacakt\u0131r.\u2019 \u015eu an \u00fclkemizin 10 milyar dolar\u0131n \u00fczerinde ihracat\u0131 olan bir sekt\u00f6r. Ve 10 y\u0131l \u00f6ncesinde, 20 y\u0131l \u00f6ncesinde ithalat ba\u011f\u0131ml\u0131l\u0131\u011f\u0131m\u0131z\u0131n y\u00fczde 80 oldu\u011fu bir durumdan \u015fimdi yerlilik oran\u0131n\u0131n y\u00fczde 80 oldu\u011fu bir duruma ge\u00e7mek. Bunlar\u0131n hepsi asl\u0131nda kararl\u0131l\u0131\u011f\u0131n bir g\u00f6stergesi&#8221; diye konu\u015ftu.<\/p>\n\n\n\n<figure class=\"wp-block-image\"><img decoding=\"async\" src=\"https:\/\/cdn.iha.com.tr\/Contents\/images\/2026\/05\/22\/20260522aw710863-3.jpg\" alt=\"\u0130leti\u015fim Ba\u015fkan\u0131 Duran: &quot;T\u00fcrkiye, son 25 y\u0131lda k\u00fcresel ekonominin f\u0131rt\u0131nal\u0131 sular\u0131nda s\u0131\u011f\u0131n\u0131lacak bir g\u00fcvenli liman haline gelmi\u015ftir&quot;\n\"\/><\/figure>\n","protected":false},"excerpt":{"rendered":"<p>Cumhurba\u015fkanl\u0131\u011f\u0131 \u0130leti\u015fim Ba\u015fkan\u0131 Prof. Dr. Burhanettin Duran, &#8220;T\u00fcrkiye, \u00f6zellikle son 25 y\u0131lda Cumhurba\u015fkan\u0131m\u0131z Say\u0131n Recep<\/p>\n","protected":false},"author":1,"featured_media":2038,"comment_status":"open","ping_status":"open","sticky":false,"template":"","format":"standard","meta":{"_rtcl_gb_attr":"","footnotes":""},"categories":[1],"tags":[],"class_list":["post-2037","post","type-post","status-publish","format-standard","has-post-thumbnail","hentry","category-http-turkiyemhaber-com-wp-content-uploads-2026-03-saray-59-haber-13-mart-pdf"],"_links":{"self":[{"href":"https:\/\/turkiyemhaber.com\/index.php?rest_route=\/wp\/v2\/posts\/2037","targetHints":{"allow":["GET"]}}],"collection":[{"href":"https:\/\/turkiyemhaber.com\/index.php?rest_route=\/wp\/v2\/posts"}],"about":[{"href":"https:\/\/turkiyemhaber.com\/index.php?rest_route=\/wp\/v2\/types\/post"}],"author":[{"embeddable":true,"href":"https:\/\/turkiyemhaber.com\/index.php?rest_route=\/wp\/v2\/users\/1"}],"replies":[{"embeddable":true,"href":"https:\/\/turkiyemhaber.com\/index.php?rest_route=%2Fwp%2Fv2%2Fcomments&post=2037"}],"version-history":[{"count":1,"href":"https:\/\/turkiyemhaber.com\/index.php?rest_route=\/wp\/v2\/posts\/2037\/revisions"}],"predecessor-version":[{"id":2039,"href":"https:\/\/turkiyemhaber.com\/index.php?rest_route=\/wp\/v2\/posts\/2037\/revisions\/2039"}],"wp:featuredmedia":[{"embeddable":true,"href":"https:\/\/turkiyemhaber.com\/index.php?rest_route=\/wp\/v2\/media\/2038"}],"wp:attachment":[{"href":"https:\/\/turkiyemhaber.com\/index.php?rest_route=%2Fwp%2Fv2%2Fmedia&parent=2037"}],"wp:term":[{"taxonomy":"category","embeddable":true,"href":"https:\/\/turkiyemhaber.com\/index.php?rest_route=%2Fwp%2Fv2%2Fcategories&post=2037"},{"taxonomy":"post_tag","embeddable":true,"href":"https:\/\/turkiyemhaber.com\/index.php?rest_route=%2Fwp%2Fv2%2Ftags&post=2037"}],"curies":[{"name":"wp","href":"https:\/\/api.w.org\/{rel}","templated":true}]}}