{"id":2034,"date":"2026-05-22T10:46:24","date_gmt":"2026-05-22T10:46:24","guid":{"rendered":"https:\/\/turkiyemhaber.com\/?p=2034"},"modified":"2026-05-22T10:46:28","modified_gmt":"2026-05-22T10:46:28","slug":"kocasinanda-paranin-gecmedigi-dost-magazada-bayramlik-alisveris-keyfi","status":"publish","type":"post","link":"https:\/\/turkiyemhaber.com\/?p=2034","title":{"rendered":"Kocasinan\u2019da paran\u0131n ge\u00e7medi\u011fi dost ma\u011fazada bayraml\u0131k al\u0131\u015fveri\u015f keyfi"},"content":{"rendered":"\n<p class=\"wp-block-paragraph\">Kocasinan Belediyesi, 2017 y\u0131l\u0131nda hayata ge\u00e7irdi\u011fi Dost Eli Projesi kapsam\u0131nda vatanda\u015flara al\u0131\u015fveri\u015f keyfi ya\u015fatan ve paran\u0131n ge\u00e7medi\u011fi Dost Ma\u011faza\u2019y\u0131 bu Kurban Bayram\u0131\u2019nda da bayraml\u0131k k\u0131yafetlerle donatarak ailelerin y\u00fcz\u00fcn\u00fc g\u00fcld\u00fcrd\u00fc. Ma\u011faza hakk\u0131nda a\u00e7\u0131klamalarda bulunan Kocasinan Belediye Ba\u015fkan\u0131 Ahmet \u00c7olakbayrakdar, Sevgi Puanlar\u0131 (kartta y\u00fckl\u00fc olan para puan limiti) ile al\u0131\u015fveri\u015f imk\u00e2n\u0131 sunulan projeyle devletin \u015fefkat elini vatanda\u015flara do\u011frudan ula\u015ft\u0131rd\u0131klar\u0131n\u0131 ve y\u00fcreklere dokunduklar\u0131n\u0131 s\u00f6yledi.<\/p>\n\n\n\n<p class=\"wp-block-paragraph\">Seyrani Mahallesi\u2019nde bulunan Dost Ma\u011faza, Kurban Bayram\u0131 \u00f6ncesi her ya\u015ftan vatanda\u015f i\u00e7in bayraml\u0131k k\u0131yafetlerle dolup ta\u015ft\u0131. 9 y\u0131l \u00f6nce hayata ge\u00e7irilen ve para ge\u00e7meyen al\u0131\u015fveri\u015f modeliyle hizmet veren ma\u011faza, bu Kurban Bayram\u0131\u2019nda da vatanda\u015flar\u0131n bayraml\u0131k ihtiya\u00e7lar\u0131n\u0131 kar\u015f\u0131l\u0131yor.<\/p>\n\n\n\n<p class=\"wp-block-paragraph\">&#8220;Paran\u0131n ge\u00e7medi\u011fi projede sevgi puanlar\u0131yla al\u0131\u015fveri\u015f imk\u00e2n\u0131 sunuyoruz&#8221;<\/p>\n\n\n\n<p class=\"wp-block-paragraph\">Her alanda oldu\u011fu gibi sosyal belediyecilikte de T\u00fcrkiye\u2019ye \u00f6rnek olan hizmetler sunduklar\u0131na dikkat \u00e7eken Ba\u015fkan \u00c7olakbayrakdar, &#8220;Dost Eli Projesi kapsam\u0131nda Dost Ma\u011faza ve Dost Market ile vatanda\u015flar\u0131m\u0131za hizmet sunuyoruz. Dost Ma\u011faza, her ya\u015fa hitap eden tekstil ihtiya\u00e7lar\u0131n\u0131n kar\u015f\u0131land\u0131\u011f\u0131 bir yer olarak hizmet veriyor. Ancak bu ma\u011fazalar\u0131m\u0131zda sat\u0131\u015flar, para kar\u015f\u0131l\u0131\u011f\u0131nda de\u011fil, sevgi puanlar\u0131yla yap\u0131l\u0131yor. 9 y\u0131l \u00f6nce faaliyete ge\u00e7en Dost Ma\u011faza, bu Kurban Bayram\u0131\u2019nda da y\u00fczleri g\u00fcld\u00fcrmeye devam ediyor. Sadece Kurban Bayram\u0131\u2019nda de\u011fil, y\u0131l\u0131n 12 ay\u0131 herkesin ihtiya\u00e7lar\u0131na cevap veriyor. Bayram yakla\u015f\u0131rken Dost Ma\u011faza; yeti\u015fkinler, gen\u00e7ler ve \u00e7ocuklar i\u00e7in her t\u00fcrl\u00fc bayraml\u0131k \u00fcr\u00fcn\u00fcn\u00fc sunuyor. Ge\u00e7mi\u015f y\u0131llarda oldu\u011fu gibi bu y\u0131l da Kurban Bayram\u0131\u2019nda herkesin bayraml\u0131k ihtiyac\u0131n\u0131 kar\u015f\u0131lamak i\u00e7in Dost Ma\u011faza\u2019n\u0131n kap\u0131lar\u0131 a\u00e7\u0131k. Dost Ma\u011fazam\u0131z; kad\u0131n, erkek, gen\u00e7 ve ya\u015fl\u0131 gibi her ya\u015f grubunun A\u2019dan Z\u2019ye k\u0131yafet ihtiyac\u0131n\u0131 kar\u015f\u0131layaca\u011f\u0131 bir ma\u011fazad\u0131r. Dost Ma\u011fazam\u0131zla Kocasinan\u2019da uzatmad\u0131k el, dokunmad\u0131k g\u00f6n\u00fcl b\u0131rakmaman\u0131n \u00e7abas\u0131 i\u00e7erisindeyiz. Amac\u0131m\u0131z, ihtiya\u00e7 sahibi vatanda\u015flar\u0131m\u0131za devletimizin \u015fefkat elini uzatarak onlar\u0131n ihtiya\u00e7lar\u0131n\u0131 kar\u015f\u0131layabilmektir. B\u00fct\u00fcn amac\u0131m\u0131z, \u015fehrimizde ya\u015fayan ihtiya\u00e7 sahibi vatanda\u015flar\u0131m\u0131z\u0131n g\u00f6n\u00fcllerine dokunacak hizmetler \u00fcretebilmek ve Kocasinan\u2019da her hanenin mutlu olmas\u0131d\u0131r.&#8221; ifadelerini kulland\u0131.<\/p>\n\n\n\n<p class=\"wp-block-paragraph\">&#8220;Biz sadece hizmet \u00fcretmiyor, g\u00f6n\u00fcller in\u015fa ediyoruz&#8221;<\/p>\n\n\n\n<p class=\"wp-block-paragraph\">Kocasinan Belediyesi\u2019nin sosyal belediyecilik anlay\u0131\u015f\u0131n\u0131n kalbinde &#8220;Dost Eli&#8221; oldu\u011funu ifade eden Ba\u015fkan \u00c7olakbayrakdar, &#8220;\u2018Dost Eli\u2019 \u00e7at\u0131s\u0131 alt\u0131nda sundu\u011fumuz hizmetler, hem\u015fehrilerimizin hayat\u0131na dokunan bir sevgi ve \u015fefkat elidir. Y\u0131l\u0131n on iki ay\u0131 hem\u015fehrilerimizin her \u015fartta ve \u015fart da, her zaman yan\u0131nday\u0131z. Paran\u0131n ge\u00e7medi\u011fi Dost Market ve Dost Ma\u011faza ile Kayserili hem\u015fehrilerimize al\u0131\u015fveri\u015fin keyfini, market ve ma\u011faza konforunda ya\u015fat\u0131yoruz. Bu hizmeti daha \u00e7ok ki\u015fiye duyurmak zorunday\u0131z. \u00c7\u00fcnk\u00fc bir yandan \u2018veren el\u2019 olan hay\u0131rseverlerin bu projeden haberdar olmas\u0131, di\u011fer yandan da \u2018alan el\u2019 olan ihtiya\u00e7 sahiplerine ula\u015fmam\u0131z gerekiyor. Biz bu projede veren eli ve alan eli bir araya getiriyoruz. Bu, devlet ile milletin kayna\u015fmas\u0131d\u0131r. Bizlere inanan, g\u00fcvenen hay\u0131rseverlerimiz destek veriyor. Allah hepsinden raz\u0131 olsun, keselerine bereket versin. Bu projeye sahip \u00e7\u0131kmak sadece \u015fehre de\u011fil, insana sahip \u00e7\u0131kmak demektir. Bu, vicdani bir sorumluluktur. Bizim burada kurdu\u011fumuz sistemin as\u0131l amac\u0131, ihtiya\u00e7 sahiplerinin yaln\u0131zca maddi de\u011fil, manevi ihtiya\u00e7lar\u0131n\u0131 da kar\u015f\u0131lamakt\u0131r. Ald\u0131\u011f\u0131m\u0131z dualar ve vatanda\u015flar\u0131m\u0131z\u0131n memnuniyeti bizim i\u00e7in her \u015feyden daha k\u0131ymetlidir. \u0130htiya\u00e7 sahibi; par\u00e7alanm\u0131\u015f bir aile, engelli bireyler, yetim ve \u00f6ks\u00fcz \u00e7ocuklar olabilir. T\u00fcm bu gruplara devlet olarak sahip \u00e7\u0131k\u0131yoruz. D\u00fcnyan\u0131n her yerinde oldu\u011fu gibi d\u00fc\u015fk\u00fcn insanlar var. Biz, bu insanlar\u0131n her birine ula\u015fmak i\u00e7in \u00e7aba g\u00f6steriyoruz. Bu sistemin en \u00f6nemli y\u00f6n\u00fc, ihtiya\u00e7 sahiplerini rencide etmeden, insan onuruna yak\u0131\u015f\u0131r bir \u015fekilde ailece al\u0131\u015fveri\u015f yapma imk\u00e2n\u0131 sunmas\u0131d\u0131r.&#8221; \u0130fadelerine yer verdi.<\/p>\n\n\n\n<p class=\"wp-block-paragraph\">&#8220;Dost Kap\u0131s\u0131&#8221; ile psikolog ve sosyolog deste\u011fi sunduklar\u0131n\u0131, ailelerin manevi ihtiya\u00e7lar\u0131na da dokunduklar\u0131na dikkat \u00e7eken Ba\u015fkan \u00c7olakbayrakdar; \u00e7\u00f6lyak paketinden gl\u00fctensiz Kayseri mutfa\u011f\u0131na, Ho\u015f Geldin Bebek Projesi\u2019nden evlenecek gen\u00e7lere verilen gelinlik ve damatl\u0131k deste\u011fine kadar her ad\u0131mda aileyi merkeze ald\u0131klar\u0131n\u0131 belirterek, &#8220;Aile g\u00fc\u00e7lenirse toplum g\u00fc\u00e7lenir, gelecek sa\u011flam olur.&#8221; \u015feklinde konu\u015ftu.<\/p>\n\n\n\n<p class=\"wp-block-paragraph\">&#8220;Bu bir hizmet de\u011fil, vicdani bir sorumluluktur&#8221;<\/p>\n\n\n\n<p class=\"wp-block-paragraph\">Her y\u0131l yenilenen sosyal yard\u0131m kartlar\u0131yla ihtiya\u00e7 sahiplerinin y\u0131l boyunca desteklendi\u011fini s\u00f6yleyen Ba\u015fkan \u00c7olakbayrakdar, \u00f6\u011frencilerin e\u011fitim-\u00f6\u011fretim s\u00fcre\u00e7lerinde de yanlar\u0131nda olduklar\u0131n\u0131 kaydederek, &#8220;Kocasinan\u2019da dokunmad\u0131k g\u00f6n\u00fcl, ula\u015fmad\u0131k ev b\u0131rakm\u0131yoruz. Bu, sadece bir belediyecilik faaliyeti de\u011fil, vicdani bir sorumluluktur.&#8221; Diye konu\u015ftu.<\/p>\n\n\n\n<p class=\"wp-block-paragraph\">&#8220;Kocasinan, sosyal belediyecili\u011fin ba\u015fkentidir&#8221;<\/p>\n\n\n\n<p class=\"wp-block-paragraph\">Ba\u015fkan \u00c7olakbayrakdar, s\u00f6zlerini, &#8220;Sevgili hem\u015fehrilerim, Kocasinan sosyal belediyecili\u011fin ba\u015fkentidir. Biz her ad\u0131mda, her g\u00f6n\u00fclde, her evde sizlerin yan\u0131nday\u0131z. \u00c7\u00fcnk\u00fc biz sadece bir belediye de\u011filiz; umut, sevgi ve yar\u0131nlar\u0131 in\u015fa eden b\u00fcy\u00fck bir aileyiz. Kocasinan\u2019da do\u011fmak bir ayr\u0131cal\u0131k, ya\u015famak huzurdur.&#8221; diyerek tamamlad\u0131.<\/p>\n\n\n\n<p class=\"wp-block-paragraph\">Bayraml\u0131k alan aileler, Kocasinan\u2019\u0131n ayr\u0131cal\u0131klar\u0131n\u0131 vurgulad\u0131<\/p>\n\n\n\n<p class=\"wp-block-paragraph\">Dost Ma\u011fazas\u0131\u2019ndan faydalanan aileler ise her y\u0131l oldu\u011fu gibi bu y\u0131l da bayraml\u0131k k\u0131yafetlerini buradan almaktan b\u00fcy\u00fck mutluluk duyduklar\u0131n\u0131 ve Kocasinan\u2019da ya\u015faman\u0131n ayr\u0131cal\u0131kl\u0131 oldu\u011funu s\u00f6ylediler.<\/p>\n\n\n\n<p class=\"wp-block-paragraph\">Aileler, duygular\u0131n\u0131 \u015fu \u015fekilde ifade etti: &#8220;Belediyemiz ve ba\u015fkan\u0131m\u0131z her alanda yan\u0131m\u0131zda ve destek\u00e7imizdir. Ba\u015fkan\u0131m\u0131zdan Allah bin kere raz\u0131 olsun. Bizlere her t\u00fcrl\u00fc imk\u00e2n\u0131 sunuyor. \u0130\u015fi g\u00fcc\u00fc rast gitsin. \u0130yi ki var. Biz \u00e7ok memnunuz. Bundan daha b\u00fcy\u00fck bir hizmet olamaz. Ne kadar te\u015fekk\u00fcr etsek azd\u0131r. Her ay d\u00fczenli olarak buraya gelip ayn\u0131 ma\u011faza ve market konforunda al\u0131\u015fveri\u015fimizi yap\u0131yoruz. Her sene oldu\u011fu gibi \u00e7ocuklar\u0131m\u0131za bayraml\u0131klar\u0131n\u0131 al\u0131yoruz ve evimizin b\u00fct\u00fcn ihtiya\u00e7lar\u0131n\u0131 buradan kar\u015f\u0131l\u0131yoruz. Sanki kendimizin bir ma\u011fazas\u0131ym\u0131\u015f gibi al\u0131\u015fveri\u015f yap\u0131yoruz. Kocasinan\u2019da olmaktan \u00e7ok memnunuz.&#8221;<\/p>\n\n\n\n<p class=\"wp-block-paragraph\">\u00d6te yandan Kocasinan Belediyesi Sosyal Hizmetler M\u00fcd\u00fcrl\u00fc\u011f\u00fc b\u00fcnyesindeki paran\u0131n ge\u00e7medi\u011fi Dost Market ve Dost Ma\u011faza\u2019da gelir durumlar\u0131na g\u00f6re A ve B grubu olarak s\u0131n\u0131fland\u0131r\u0131lan aileler, &#8220;Dost Eli&#8221; isimli kartlar\u0131na y\u00fcklenen puanlarla evlerinin her t\u00fcrl\u00fc ihtiyac\u0131n\u0131 kar\u015f\u0131layabiliyor. Aileler; g\u0131dadan temizlik malzemesine, k\u0131yafetten ev e\u015fyas\u0131na kadar A\u2019dan Z\u2019ye her \u00fcr\u00fcn\u00fc market ve ma\u011faza konforunda \u00fccretsiz olarak temin edebiliyor.<\/p>\n\n\n\n<figure class=\"wp-block-image\"><img decoding=\"async\" src=\"https:\/\/cdn.iha.com.tr\/Contents\/images\/2026\/05\/22\/20260522aw710790-6.jpg\" alt=\"Kocasinan\u2019da paran\u0131n ge\u00e7medi\u011fi dost ma\u011fazada bayraml\u0131k al\u0131\u015fveri\u015f keyfi\n\"\/><\/figure>\n","protected":false},"excerpt":{"rendered":"<p>Kocasinan Belediyesi, 2017 y\u0131l\u0131nda hayata ge\u00e7irdi\u011fi Dost Eli Projesi kapsam\u0131nda vatanda\u015flara al\u0131\u015fveri\u015f keyfi ya\u015fatan ve<\/p>\n","protected":false},"author":1,"featured_media":2035,"comment_status":"open","ping_status":"open","sticky":false,"template":"","format":"standard","meta":{"_rtcl_gb_attr":"","footnotes":""},"categories":[1],"tags":[],"class_list":["post-2034","post","type-post","status-publish","format-standard","has-post-thumbnail","hentry","category-http-turkiyemhaber-com-wp-content-uploads-2026-03-saray-59-haber-13-mart-pdf"],"_links":{"self":[{"href":"https:\/\/turkiyemhaber.com\/index.php?rest_route=\/wp\/v2\/posts\/2034","targetHints":{"allow":["GET"]}}],"collection":[{"href":"https:\/\/turkiyemhaber.com\/index.php?rest_route=\/wp\/v2\/posts"}],"about":[{"href":"https:\/\/turkiyemhaber.com\/index.php?rest_route=\/wp\/v2\/types\/post"}],"author":[{"embeddable":true,"href":"https:\/\/turkiyemhaber.com\/index.php?rest_route=\/wp\/v2\/users\/1"}],"replies":[{"embeddable":true,"href":"https:\/\/turkiyemhaber.com\/index.php?rest_route=%2Fwp%2Fv2%2Fcomments&post=2034"}],"version-history":[{"count":1,"href":"https:\/\/turkiyemhaber.com\/index.php?rest_route=\/wp\/v2\/posts\/2034\/revisions"}],"predecessor-version":[{"id":2036,"href":"https:\/\/turkiyemhaber.com\/index.php?rest_route=\/wp\/v2\/posts\/2034\/revisions\/2036"}],"wp:featuredmedia":[{"embeddable":true,"href":"https:\/\/turkiyemhaber.com\/index.php?rest_route=\/wp\/v2\/media\/2035"}],"wp:attachment":[{"href":"https:\/\/turkiyemhaber.com\/index.php?rest_route=%2Fwp%2Fv2%2Fmedia&parent=2034"}],"wp:term":[{"taxonomy":"category","embeddable":true,"href":"https:\/\/turkiyemhaber.com\/index.php?rest_route=%2Fwp%2Fv2%2Fcategories&post=2034"},{"taxonomy":"post_tag","embeddable":true,"href":"https:\/\/turkiyemhaber.com\/index.php?rest_route=%2Fwp%2Fv2%2Ftags&post=2034"}],"curies":[{"name":"wp","href":"https:\/\/api.w.org\/{rel}","templated":true}]}}