{"id":2031,"date":"2026-05-22T10:45:10","date_gmt":"2026-05-22T10:45:10","guid":{"rendered":"https:\/\/turkiyemhaber.com\/?p=2031"},"modified":"2026-05-22T10:45:14","modified_gmt":"2026-05-22T10:45:14","slug":"turk-dunyasinin-2040-vizyonu-talasta-sekillendi-2","status":"publish","type":"post","link":"https:\/\/turkiyemhaber.com\/?p=2031","title":{"rendered":"T\u00fcrk D\u00fcnyas\u0131n\u0131n 2040 vizyonu Talas\u2019ta \u015fekillendi"},"content":{"rendered":"\n<p class=\"wp-block-paragraph\">Talas Belediyesi taraf\u0131ndan, Bak\u00fc T\u00fcrkoloji Kongresi\u2019nin 100. y\u0131l\u0131 m\u00fcnasebetiyle d\u00fczenlenen Uluslararas\u0131 T\u00fcrkoloji Zirvesi\u2019nin resmi a\u00e7\u0131l\u0131\u015f program\u0131 yo\u011fun kat\u0131l\u0131mla ger\u00e7ekle\u015ftirildi. T\u00fcrk d\u00fcnyas\u0131n\u0131n ortak k\u00fclt\u00fcr\u00fc, dili ve gelece\u011fine \u0131\u015f\u0131k tutan zirvede; ortak alfabe \u00e7al\u0131\u015fmalar\u0131, dijital \u00e7a\u011fda T\u00fcrk\u00e7enin korunmas\u0131 ve T\u00fcrk d\u00fcnyas\u0131n\u0131n entegrasyonu gibi \u00f6nemli ba\u015fl\u0131klar ele al\u0131nd\u0131.<\/p>\n\n\n\n<p class=\"wp-block-paragraph\">Akademisyenlerden devlet temsilcilerine, k\u00fclt\u00fcr insanlar\u0131ndan yerel y\u00f6neticilere kadar \u00e7ok say\u0131da ismin kat\u0131ld\u0131\u011f\u0131 zirve, T\u00fcrk d\u00fcnyas\u0131n\u0131n ortak gelece\u011fine y\u00f6nelik g\u00fc\u00e7l\u00fc mesajlara sahne oldu.<\/p>\n\n\n\n<p class=\"wp-block-paragraph\">Ba\u015fkan Yal\u00e7\u0131n: &#8220;K\u00fclt\u00fcr ve medeniyet \u00e7al\u0131\u015fmalar\u0131 bizim ayr\u0131lmaz par\u00e7am\u0131z&#8221;<\/p>\n\n\n\n<p class=\"wp-block-paragraph\">Zirvenin sabah ger\u00e7ekle\u015ftirilen a\u00e7\u0131l\u0131\u015f oturumunda konu\u015fan Talas Belediye Ba\u015fkan\u0131 Mustafa Yal\u00e7\u0131n, Talas Belediyesi\u2019nin y\u0131llard\u0131r T\u00fcrk d\u00fcnyas\u0131yla ilgili \u00f6nemli \u00e7al\u0131\u015fmalara imza att\u0131\u011f\u0131n\u0131 belirterek \u015fu ifadeleri kulland\u0131:<\/p>\n\n\n\n<p class=\"wp-block-paragraph\">&#8220;T\u00fcrkoloji Kongresi\u2019nin 100. y\u0131l\u0131nda hem T\u00fcrkoloji Zirvesi hem de ortak alfabe ile ilgili \u00f6nemli bilgileri k\u0131ymetli misafirlerimiz payla\u015facak. Bu \u00e7al\u0131\u015fmalar, ortak k\u00fclt\u00fcr bilincimizin geli\u015fmesine ve gen\u00e7lerimizin bu \u015fuurla yeti\u015fmesine b\u00fcy\u00fck katk\u0131 sa\u011flayacakt\u0131r. K\u00fclt\u00fcr ve medeniyet \u00e7al\u0131\u015fmalar\u0131n\u0131 belediyemizin ayr\u0131lmaz bir par\u00e7as\u0131 olarak g\u00f6r\u00fcyoruz.&#8221;<\/p>\n\n\n\n<p class=\"wp-block-paragraph\">Ba\u015fkan Yal\u00e7\u0131n, T\u00fcrk D\u00fcnyas\u0131 \u015eair ve Yazarlar Bulu\u015fmas\u0131, \u015eu\u015fa Azerbaycan Evi, Azerbaycan Karde\u015flik Park\u0131, K\u0131rg\u0131zistan\u2019\u0131n Talas \u015fehriyle karde\u015flik ili\u015fkileri, Cengiz Aytmatov anma programlar\u0131 ve T\u00fcrk D\u00fcnyas\u0131 Belediyeler Birli\u011fi \u00e7al\u0131\u015fmalar\u0131yla bug\u00fcne g\u00fc\u00e7l\u00fc bir birikim olu\u015fturduklar\u0131n\u0131 ifade ederek, &#8220;2027 T\u00fcrk D\u00fcnyas\u0131 K\u00fclt\u00fcr Ba\u015fkenti unvan\u0131 Kayseri\u2019ye \u00e7ok yak\u0131\u015ft\u0131.&#8221; dedi.<\/p>\n\n\n\n<p class=\"wp-block-paragraph\">T\u00dcRKSOY Kazakistan Temsilcisi N\u0131\u015fang\u00fcl Karatayeva ise zirveye kat\u0131lmaktan b\u00fcy\u00fck mutluluk duydu\u011funu belirterek bu t\u00fcr toplant\u0131lar\u0131n artarak devam etmesi gerekti\u011fini s\u00f6yledi.<\/p>\n\n\n\n<p class=\"wp-block-paragraph\">&#8220;Kayseri, T\u00fcrkistan\u2019dan Anadolu\u2019ya uzanan kadim k\u00f6pr\u00fc&#8221;<\/p>\n\n\n\n<p class=\"wp-block-paragraph\">T\u00fcrk D\u00fcnyas\u0131 Belediyeler Birli\u011fi Genel Sekreteri Taha Zahid \u00d6zdemir, Talas\u2019\u0131n tarihi dokusunun zirve i\u00e7in \u00e7ok anlaml\u0131 bir zemin olu\u015fturdu\u011funu belirterek, &#8220;Kayseri\u2019nin T\u00fcrkistan\u2019dan Anadolu\u2019ya uzanan kadim k\u00f6pr\u00fc rol\u00fc bu zirveyi daha da anlaml\u0131 hale getiriyor. Ortak ge\u00e7mi\u015fimizi gelece\u011fe ta\u015f\u0131yacak \u00f6nemli bir vizyon etraf\u0131nda topland\u0131k.&#8221; ifadelerini kulland\u0131.<\/p>\n\n\n\n<p class=\"wp-block-paragraph\">TDK Ba\u015fkan\u0131 Mert: &#8220;T\u00fcrk\u00e7enin haf\u0131zas\u0131n\u0131 dijital ortamda koruyaca\u011f\u0131z&#8221;<\/p>\n\n\n\n<p class=\"wp-block-paragraph\">T\u00fcrk Dil Kurumu Ba\u015fkan\u0131 Osman Mert, T\u00fcrk\u00e7enin dijital \u00e7a\u011fdaki gelece\u011fine ili\u015fkin \u00f6nemli a\u00e7\u0131klamalarda bulundu.<\/p>\n\n\n\n<p class=\"wp-block-paragraph\">Mert, &#8220;T\u00fcrk d\u00fcnyas\u0131n\u0131n ortak dil miras\u0131n\u0131 korumak ve gelecek nesillere aktarmak i\u00e7in \u00e7al\u0131\u015fmalar\u0131m\u0131z\u0131 kararl\u0131l\u0131kla s\u00fcrd\u00fcr\u00fcyoruz. Ortak alfabe, s\u00f6zl\u00fck projeleri, dijital dil kaynaklar\u0131 ve b\u00fcy\u00fck dil modeli \u00e7al\u0131\u015fmalar\u0131 bunun en \u00f6nemli par\u00e7alar\u0131d\u0131r.&#8221; dedi.<\/p>\n\n\n\n<p class=\"wp-block-paragraph\">8. y\u00fczy\u0131la kadar T\u00fcrk\u00e7enin \u00fcretti\u011fi t\u00fcm bilgilerin dijital ortamda muhafaza edilece\u011fini a\u00e7\u0131klayan Mert, &#8220;Ya\u015fayan T\u00fcrk\u00e7e S\u00f6zl\u00fc\u011f\u00fc haz\u0131rlanacak ve dilimizle ilgili b\u00fct\u00fcn \u00e7al\u0131\u015fmalar buradan y\u00fcr\u00fct\u00fclecek.&#8221; diye konu\u015ftu.<\/p>\n\n\n\n<p class=\"wp-block-paragraph\">Kayseri B\u00fcy\u00fck\u015fehir Belediye Ba\u015fkan\u0131 Memduh B\u00fcy\u00fckk\u0131l\u0131\u00e7, Talas Belediyesinin \u00f6nemli bir organizasyona ev sahipli\u011fi yapt\u0131\u011f\u0131n\u0131 belirterek Ba\u015fkan Mustafa Yal\u00e7\u0131n\u2019a te\u015fekk\u00fcr ederken, Kayseri Valisi G\u00f6kmen \u00c7i\u00e7ek de ortak alfabe \u00e7al\u0131\u015fmalar\u0131n\u0131n T\u00fcrk d\u00fcnyas\u0131n\u0131 yeniden birbirine yak\u0131nla\u015ft\u0131rd\u0131\u011f\u0131n\u0131 ifade etti.<\/p>\n\n\n\n<p class=\"wp-block-paragraph\">Binali Y\u0131ld\u0131r\u0131m: &#8220;Dil, egemenliktir&#8221;<\/p>\n\n\n\n<p class=\"wp-block-paragraph\">T\u00fcrk Devletleri Te\u015fkilat\u0131 Aksakallar Heyeti Ba\u015fkan\u0131 ve T\u00fcrkiye Cumhuriyeti\u2019nin son Ba\u015fbakan\u0131 Binali Y\u0131ld\u0131r\u0131m ise konu\u015fmas\u0131nda ortak alfabenin T\u00fcrk d\u00fcnyas\u0131n\u0131n gelece\u011fi a\u00e7\u0131s\u0131ndan tarihi bir d\u00f6n\u00fcm noktas\u0131 oldu\u011funa dikkat \u00e7ekti.<\/p>\n\n\n\n<p class=\"wp-block-paragraph\">&#8220;Talas Belediyemizin ev sahipli\u011finde \u00e7ok \u00f6nemli bir toplant\u0131 ger\u00e7ekle\u015ftiriyoruz. \u0130lk T\u00fcrkoloji Kongresi olan Bak\u00fc T\u00fcrkoloji Kongresi an\u0131s\u0131na yap\u0131lan bu zirve, T\u00fcrk d\u00fcnyas\u0131n\u0131 birbirine daha da yak\u0131nla\u015ft\u0131racakt\u0131r.&#8221; diyen Y\u0131ld\u0131r\u0131m, dilin ba\u011f\u0131ms\u0131zl\u0131\u011f\u0131n temel unsuru oldu\u011funu vurgulad\u0131.<\/p>\n\n\n\n<p class=\"wp-block-paragraph\">&#8220;Dil bir anlamda egemenliktir, ba\u011f\u0131ms\u0131zl\u0131kt\u0131r. E\u011fer dilinizi kullanam\u0131yorsan\u0131z egemenli\u011finiz de tehdit alt\u0131ndad\u0131r.&#8221; ifadelerini kullanan Y\u0131ld\u0131r\u0131m, dijital \u00e7a\u011fda T\u00fcrk\u00e7enin korunmas\u0131n\u0131n \u00f6nemine dikkat \u00e7ekerek yapay zek\u00e2n\u0131n hem f\u0131rsat hem de tehdit olu\u015fturdu\u011funu s\u00f6yledi.<\/p>\n\n\n\n<p class=\"wp-block-paragraph\">Ortak alfabenin T\u00fcrk d\u00fcnyas\u0131n\u0131n entegrasyonunda tarihi bir rol \u00fcstlenece\u011fini belirten Y\u0131ld\u0131r\u0131m, \u015f\u00f6yle konu\u015ftu:<\/p>\n\n\n\n<p class=\"wp-block-paragraph\">&#8220;Bizim alfabemiz de\u011fi\u015fmedi. Asl\u0131nda bu alfabeye sahip olmayanlar\u0131n alfabesi de\u011fi\u015fiyor. Balkanlardan Baykal G\u00f6l\u00fc\u2019ne kadar art\u0131k birbirimizi daha iyi anlayaca\u011f\u0131z. Yazd\u0131klar\u0131m\u0131z\u0131 okuyacak, konu\u015ftuklar\u0131m\u0131z\u0131 daha kolay kavrayaca\u011f\u0131z. B\u00f6ylece hepimizin arzu etti\u011fi b\u00fcy\u00fck T\u00fcrk d\u00fcnyas\u0131n\u0131n birle\u015fmesini ve entegrasyonunu ger\u00e7ekle\u015ftirece\u011fiz. Yap\u0131lan b\u00fct\u00fcn bu \u00e7al\u0131\u015fmalar 2040 vizyonuna y\u00f6nelik g\u00fc\u00e7l\u00fc ad\u0131mlard\u0131r.&#8221;<\/p>\n\n\n\n<p class=\"wp-block-paragraph\">T\u00fcrk D\u00fcnyas\u0131n\u0131n gelece\u011fi Talas\u2019ta konu\u015fuldu<\/p>\n\n\n\n<p class=\"wp-block-paragraph\">Zirvenin \u00f6\u011fleden sonraki b\u00f6l\u00fcm\u00fcnde Kayseri \u00dcniversitesi Kongre ve K\u00fclt\u00fcr Merkezi\u2019nde &#8220;T\u00fcrk D\u00fcnyas\u0131nda Ortak Dil ve K\u00fclt\u00fcrel Gelecek&#8221; paneli d\u00fczenlendi.<\/p>\n\n\n\n<p class=\"wp-block-paragraph\">Panele Talas Belediye Ba\u015fkan\u0131 Mustafa Yal\u00e7\u0131n, KKTC Aksakal\u0131 Oktay \u00d6ks\u00fczo\u011flu ve T\u00fcrk Dil Kurumu Ba\u015fkan\u0131 Prof. Dr. Osman Mert konu\u015fmac\u0131 olarak kat\u0131ld\u0131.<\/p>\n\n\n\n<p class=\"wp-block-paragraph\">Yo\u011fun ilgi g\u00f6ren zirve, \u00e7ekilen aile foto\u011fraf\u0131yla sona erdi.<\/p>\n\n\n\n<figure class=\"wp-block-image\"><img decoding=\"async\" src=\"https:\/\/cdn.iha.com.tr\/Contents\/images\/2026\/05\/22\/20260522aw710797-4.jpg\" alt=\"T\u00fcrk D\u00fcnyas\u0131n\u0131n 2040 vizyonu Talas\u2019ta \u015fekillendi\n\"\/><\/figure>\n","protected":false},"excerpt":{"rendered":"<p>Talas Belediyesi taraf\u0131ndan, Bak\u00fc T\u00fcrkoloji Kongresi\u2019nin 100. y\u0131l\u0131 m\u00fcnasebetiyle d\u00fczenlenen Uluslararas\u0131 T\u00fcrkoloji Zirvesi\u2019nin resmi a\u00e7\u0131l\u0131\u015f<\/p>\n","protected":false},"author":1,"featured_media":2032,"comment_status":"open","ping_status":"open","sticky":false,"template":"","format":"standard","meta":{"_rtcl_gb_attr":"","footnotes":""},"categories":[1],"tags":[],"class_list":["post-2031","post","type-post","status-publish","format-standard","has-post-thumbnail","hentry","category-http-turkiyemhaber-com-wp-content-uploads-2026-03-saray-59-haber-13-mart-pdf"],"_links":{"self":[{"href":"https:\/\/turkiyemhaber.com\/index.php?rest_route=\/wp\/v2\/posts\/2031","targetHints":{"allow":["GET"]}}],"collection":[{"href":"https:\/\/turkiyemhaber.com\/index.php?rest_route=\/wp\/v2\/posts"}],"about":[{"href":"https:\/\/turkiyemhaber.com\/index.php?rest_route=\/wp\/v2\/types\/post"}],"author":[{"embeddable":true,"href":"https:\/\/turkiyemhaber.com\/index.php?rest_route=\/wp\/v2\/users\/1"}],"replies":[{"embeddable":true,"href":"https:\/\/turkiyemhaber.com\/index.php?rest_route=%2Fwp%2Fv2%2Fcomments&post=2031"}],"version-history":[{"count":1,"href":"https:\/\/turkiyemhaber.com\/index.php?rest_route=\/wp\/v2\/posts\/2031\/revisions"}],"predecessor-version":[{"id":2033,"href":"https:\/\/turkiyemhaber.com\/index.php?rest_route=\/wp\/v2\/posts\/2031\/revisions\/2033"}],"wp:featuredmedia":[{"embeddable":true,"href":"https:\/\/turkiyemhaber.com\/index.php?rest_route=\/wp\/v2\/media\/2032"}],"wp:attachment":[{"href":"https:\/\/turkiyemhaber.com\/index.php?rest_route=%2Fwp%2Fv2%2Fmedia&parent=2031"}],"wp:term":[{"taxonomy":"category","embeddable":true,"href":"https:\/\/turkiyemhaber.com\/index.php?rest_route=%2Fwp%2Fv2%2Fcategories&post=2031"},{"taxonomy":"post_tag","embeddable":true,"href":"https:\/\/turkiyemhaber.com\/index.php?rest_route=%2Fwp%2Fv2%2Ftags&post=2031"}],"curies":[{"name":"wp","href":"https:\/\/api.w.org\/{rel}","templated":true}]}}