{"id":2022,"date":"2026-05-22T10:39:27","date_gmt":"2026-05-22T10:39:27","guid":{"rendered":"https:\/\/turkiyemhaber.com\/?p=2022"},"modified":"2026-05-22T10:39:32","modified_gmt":"2026-05-22T10:39:32","slug":"pirlanta-kacakciliginda-38-kisi-tutuklandi","status":"publish","type":"post","link":"https:\/\/turkiyemhaber.com\/?p=2022","title":{"rendered":"P\u0131rlanta ka\u00e7ak\u00e7\u0131l\u0131\u011f\u0131nda 38 ki\u015fi tutukland\u0131"},"content":{"rendered":"\n<p class=\"wp-block-paragraph\">\u0130stanbul merkezli 4 ilde d\u00fczenlenen p\u0131rlanta ka\u00e7ak\u00e7\u0131l\u0131\u011f\u0131 operasyonunda yakalanan 83 \u015f\u00fcpheliden 38\u2019i tutukland\u0131. Soru\u015fturman\u0131n sonunda 19 bin karatl\u0131k p\u0131rlanta ka\u00e7ak\u00e7\u0131l\u0131\u011f\u0131nda 2.5 milyar liral\u0131k vurgun ortaya \u00e7\u0131kar\u0131ld\u0131.<\/p>\n\n\n\n<p class=\"wp-block-paragraph\">Edinilen bilgiye g\u00f6re, \u0130stanbul Ka\u00e7ak\u00e7\u0131l\u0131k Su\u00e7lar\u0131yla M\u00fccadele \u015eube M\u00fcd\u00fcrl\u00fc\u011f\u00fc ekipleri ve Vergi Denetim Kurulu Ba\u015fkanl\u0131\u011f\u0131nca \u0130stanbul, Antalya, Hatay ve \u0130zmir\u2019de 300 emniyet personeli ve 40 vergi m\u00fcfetti\u015finin kat\u0131l\u0131m\u0131yla geni\u015f \u00e7apl\u0131 operasyon ger\u00e7ekle\u015ftirilmi\u015fti.<\/p>\n\n\n\n<p class=\"wp-block-paragraph\">Yurt d\u0131\u015f\u0131ndan organize \u015fekilde p\u0131rlanta ka\u00e7ak\u00e7\u0131l\u0131\u011f\u0131 yaparak milyarlarca lira vurgun yapan uluslararas\u0131 \u015febeke \u00e7\u00f6kertmi\u015f, ilki 2025 y\u0131l\u0131 A\u011fustos ay\u0131nda, ikincisi 15 May\u0131s 2026\u2019da ger\u00e7ekle\u015fen ikinci dalga operasyonda haklar\u0131nda g\u00f6zalt\u0131 karar\u0131 verilen 91 \u015f\u00fcpheliden 83\u2019\u00fc yakalanm\u0131\u015ft\u0131.<\/p>\n\n\n\n<p class=\"wp-block-paragraph\">Ge\u00e7ti\u011fimiz cuma g\u00fcn\u00fc \u0130stanbul, Antalya, \u0130zmir ve Hatay\u2019da d\u00fczenlenen operasyonlarda yakalanan \u015f\u00fcphelilerin polisteki i\u015flemleri sona erdi. Yakalanan 83 zanl\u0131 soru\u015fturman\u0131n y\u00fcr\u00fct\u00fcld\u00fc\u011f\u00fc \u0130stanbul Adliyesi\u2019ne sevk edildi. Mahkemeye \u00e7\u0131kar\u0131lan 38 zanl\u0131 \u00e7\u0131kar\u0131ld\u0131klar\u0131 mahkeme taraf\u0131ndan tutuklanarak cezaevine g\u00f6nderildi. Di\u011fer 45 \u015f\u00fcphelinin ise adli kontrol \u015fart\u0131yla serbest b\u0131rak\u0131ld\u0131\u011f\u0131 soru\u015fturmada, firari durumdaki 8 \u015f\u00fcphelinin yakalanmas\u0131 i\u00e7in operasyonlar s\u00fcrd\u00fc\u011f\u00fc bildirildi.<\/p>\n\n\n\n<p class=\"wp-block-paragraph\">\u00d6te yandan ele ge\u00e7irilen de\u011ferli ta\u015flar emniyette sergilenirken, soru\u015fturmaya ili\u015fkin yeni ayr\u0131nt\u0131lara ula\u015f\u0131ld\u0131. \u00c7ok say\u0131da p\u0131rlantan\u0131n ele ge\u00e7irildi\u011fi operasyonda, \u015febekenin de\u011ferli ta\u015flar\u0131 kuryelerin ceplerinde ve \u00fczerinde saklayarak yasad\u0131\u015f\u0131 yollarla \u00fclkeye soktuklar\u0131 anla\u015f\u0131ld\u0131.<\/p>\n\n\n\n<p class=\"wp-block-paragraph\">Operasyonun ilk aya\u011f\u0131nda kuryeler \u00fczerinden kurulan p\u0131rlanta rotas\u0131n\u0131n izini s\u00fcren ka\u00e7ak\u00e7\u0131l\u0131k polisi, son operasyonda ise o kuryelerin ba\u011flant\u0131lar\u0131n\u0131 de\u015fifre ederek \u015febekeyi \u00e7\u00f6kertti.<\/p>\n\n\n\n<p class=\"wp-block-paragraph\">Operasyonlarda ele ge\u00e7irilen p\u0131rlantan\u0131n 19 bin karatl\u0131k oldu\u011fu ve piyasa de\u011ferinin 2.5 milyar liray\u0131 buldu\u011fu ifade ediliyor.<\/p>\n\n\n\n<figure class=\"wp-block-image\"><img decoding=\"async\" src=\"https:\/\/cdn.iha.com.tr\/Contents\/images\/2026\/05\/22\/20260521aw710218-2.jpg\" alt=\"P\u0131rlanta ka\u00e7ak\u00e7\u0131l\u0131\u011f\u0131nda 38 ki\u015fi tutukland\u0131\n\"\/><\/figure>\n","protected":false},"excerpt":{"rendered":"<p>\u0130stanbul merkezli 4 ilde d\u00fczenlenen p\u0131rlanta ka\u00e7ak\u00e7\u0131l\u0131\u011f\u0131 operasyonunda yakalanan 83 \u015f\u00fcpheliden 38\u2019i tutukland\u0131. Soru\u015fturman\u0131n sonunda<\/p>\n","protected":false},"author":1,"featured_media":2023,"comment_status":"open","ping_status":"open","sticky":false,"template":"","format":"standard","meta":{"_rtcl_gb_attr":"","footnotes":""},"categories":[1],"tags":[],"class_list":["post-2022","post","type-post","status-publish","format-standard","has-post-thumbnail","hentry","category-http-turkiyemhaber-com-wp-content-uploads-2026-03-saray-59-haber-13-mart-pdf"],"_links":{"self":[{"href":"https:\/\/turkiyemhaber.com\/index.php?rest_route=\/wp\/v2\/posts\/2022","targetHints":{"allow":["GET"]}}],"collection":[{"href":"https:\/\/turkiyemhaber.com\/index.php?rest_route=\/wp\/v2\/posts"}],"about":[{"href":"https:\/\/turkiyemhaber.com\/index.php?rest_route=\/wp\/v2\/types\/post"}],"author":[{"embeddable":true,"href":"https:\/\/turkiyemhaber.com\/index.php?rest_route=\/wp\/v2\/users\/1"}],"replies":[{"embeddable":true,"href":"https:\/\/turkiyemhaber.com\/index.php?rest_route=%2Fwp%2Fv2%2Fcomments&post=2022"}],"version-history":[{"count":1,"href":"https:\/\/turkiyemhaber.com\/index.php?rest_route=\/wp\/v2\/posts\/2022\/revisions"}],"predecessor-version":[{"id":2024,"href":"https:\/\/turkiyemhaber.com\/index.php?rest_route=\/wp\/v2\/posts\/2022\/revisions\/2024"}],"wp:featuredmedia":[{"embeddable":true,"href":"https:\/\/turkiyemhaber.com\/index.php?rest_route=\/wp\/v2\/media\/2023"}],"wp:attachment":[{"href":"https:\/\/turkiyemhaber.com\/index.php?rest_route=%2Fwp%2Fv2%2Fmedia&parent=2022"}],"wp:term":[{"taxonomy":"category","embeddable":true,"href":"https:\/\/turkiyemhaber.com\/index.php?rest_route=%2Fwp%2Fv2%2Fcategories&post=2022"},{"taxonomy":"post_tag","embeddable":true,"href":"https:\/\/turkiyemhaber.com\/index.php?rest_route=%2Fwp%2Fv2%2Ftags&post=2022"}],"curies":[{"name":"wp","href":"https:\/\/api.w.org\/{rel}","templated":true}]}}