{"id":2019,"date":"2026-05-22T08:53:58","date_gmt":"2026-05-22T08:53:58","guid":{"rendered":"https:\/\/turkiyemhaber.com\/?p=2019"},"modified":"2026-05-22T08:54:03","modified_gmt":"2026-05-22T08:54:03","slug":"devlet-hastanesinde-calisan-temizlik-gorevlisinin-maasi-muge-anliyi-soke-etti","status":"publish","type":"post","link":"https:\/\/turkiyemhaber.com\/?p=2019","title":{"rendered":"Devlet hastanesinde \u00e7al\u0131\u015fan temizlik g\u00f6revlisinin maa\u015f\u0131 M\u00fcge Anl\u0131&#8217;y\u0131 \u015foke etti"},"content":{"rendered":"\n<p class=\"wp-block-paragraph\">M\u00fcge Anl\u0131 program\u0131nda bir ki\u015finin, hastanede \u00e7al\u0131\u015fan temizlik g\u00f6revlisinin 150 bin TL maa\u015f ald\u0131\u011f\u0131n\u0131 s\u00f6ylemesi st\u00fcdyoda \u015fa\u015fk\u0131nl\u0131k yaratt\u0131. Duyduklar\u0131 kar\u015f\u0131s\u0131nda \u015fa\u015fk\u0131nl\u0131\u011f\u0131n\u0131 gizleyemeyen M\u00fcge Anl\u0131, &#8220;Hem\u015fireler ve doktorlar o kadar alm\u0131yordur&#8221; dedi.<\/p>\n\n\n\n<p class=\"wp-block-paragraph\">M\u00fcge Anl\u0131\u2019n\u0131n canl\u0131 yay\u0131n\u0131nda konu\u015fulan maa\u015f detay\u0131 st\u00fcdyoda \u015fa\u015fk\u0131nl\u0131k yaratt\u0131. Programa kat\u0131lan bir ki\u015finin, hastanede \u00e7al\u0131\u015fan temizlik g\u00f6revlisinin 150 bin TL maa\u015f ald\u0131\u011f\u0131n\u0131 s\u00f6ylemesi \u00fczerine M\u00fcge Anl\u0131 duyduklar\u0131 kar\u015f\u0131s\u0131nda \u015fa\u015fk\u0131nl\u0131\u011f\u0131n\u0131 gizleyemedi.<\/p>\n\n\n\n<h3 class=\"wp-block-heading\">&#8220;HEM\u015e\u0130RELER VE DOKTORLAR&#8230;&#8221;<\/h3>\n\n\n\n<p class=\"wp-block-paragraph\">Canl\u0131 yay\u0131nda dile getirilen rakam sonras\u0131 M\u00fcge Anl\u0131, \u201cHem\u015fireler ve doktorlar o kadar alm\u0131yordur\u201d ifadelerini kulland\u0131.&nbsp;St\u00fcdyoda k\u0131sa s\u00fcreli \u015fa\u015fk\u0131nl\u0131k ya\u015fan\u0131rken, konu\u015fulan maa\u015f rakam\u0131 sosyal medyada da g\u00fcndem oldu.<\/p>\n\n\n\n<h3 class=\"wp-block-heading\">SOSYAL MEDYADA G\u00dcNDEM OLDU<\/h3>\n\n\n\n<p class=\"wp-block-paragraph\">Programdaki diyalog k\u0131sa s\u00fcrede sosyal medyada payla\u015f\u0131l\u0131rken, kullan\u0131c\u0131lar maa\u015f iddias\u0131yla ilgili \u00e7ok say\u0131da yorum yapt\u0131.<\/p>\n","protected":false},"excerpt":{"rendered":"<p>M\u00fcge Anl\u0131 program\u0131nda bir ki\u015finin, hastanede \u00e7al\u0131\u015fan temizlik g\u00f6revlisinin 150 bin TL maa\u015f ald\u0131\u011f\u0131n\u0131 s\u00f6ylemesi<\/p>\n","protected":false},"author":1,"featured_media":2020,"comment_status":"open","ping_status":"open","sticky":false,"template":"","format":"standard","meta":{"_rtcl_gb_attr":"","footnotes":""},"categories":[1],"tags":[],"class_list":["post-2019","post","type-post","status-publish","format-standard","has-post-thumbnail","hentry","category-http-turkiyemhaber-com-wp-content-uploads-2026-03-saray-59-haber-13-mart-pdf"],"_links":{"self":[{"href":"https:\/\/turkiyemhaber.com\/index.php?rest_route=\/wp\/v2\/posts\/2019","targetHints":{"allow":["GET"]}}],"collection":[{"href":"https:\/\/turkiyemhaber.com\/index.php?rest_route=\/wp\/v2\/posts"}],"about":[{"href":"https:\/\/turkiyemhaber.com\/index.php?rest_route=\/wp\/v2\/types\/post"}],"author":[{"embeddable":true,"href":"https:\/\/turkiyemhaber.com\/index.php?rest_route=\/wp\/v2\/users\/1"}],"replies":[{"embeddable":true,"href":"https:\/\/turkiyemhaber.com\/index.php?rest_route=%2Fwp%2Fv2%2Fcomments&post=2019"}],"version-history":[{"count":1,"href":"https:\/\/turkiyemhaber.com\/index.php?rest_route=\/wp\/v2\/posts\/2019\/revisions"}],"predecessor-version":[{"id":2021,"href":"https:\/\/turkiyemhaber.com\/index.php?rest_route=\/wp\/v2\/posts\/2019\/revisions\/2021"}],"wp:featuredmedia":[{"embeddable":true,"href":"https:\/\/turkiyemhaber.com\/index.php?rest_route=\/wp\/v2\/media\/2020"}],"wp:attachment":[{"href":"https:\/\/turkiyemhaber.com\/index.php?rest_route=%2Fwp%2Fv2%2Fmedia&parent=2019"}],"wp:term":[{"taxonomy":"category","embeddable":true,"href":"https:\/\/turkiyemhaber.com\/index.php?rest_route=%2Fwp%2Fv2%2Fcategories&post=2019"},{"taxonomy":"post_tag","embeddable":true,"href":"https:\/\/turkiyemhaber.com\/index.php?rest_route=%2Fwp%2Fv2%2Ftags&post=2019"}],"curies":[{"name":"wp","href":"https:\/\/api.w.org\/{rel}","templated":true}]}}