{"id":2016,"date":"2026-05-22T08:51:20","date_gmt":"2026-05-22T08:51:20","guid":{"rendered":"https:\/\/turkiyemhaber.com\/?p=2016"},"modified":"2026-05-22T08:51:24","modified_gmt":"2026-05-22T08:51:24","slug":"unlulere-yonelik-uyusturucu-operasyonunda-9-isim-serbest-2","status":"publish","type":"post","link":"https:\/\/turkiyemhaber.com\/?p=2016","title":{"rendered":"\u00dcnl\u00fclere y\u00f6nelik uyu\u015fturucu operasyonunda 9 isim serbest"},"content":{"rendered":"\n<p class=\"wp-block-paragraph\">Bak\u0131rk\u00f6y Cumhuriyet Ba\u015fsavc\u0131l\u0131\u011f\u0131nca y\u00fcr\u00fct\u00fclen uyu\u015fturucu soru\u015fturmas\u0131 kapsam\u0131nda g\u00f6zalt\u0131na al\u0131nanlar\u0131n say\u0131s\u0131 20\u2019ye y\u00fckselirken, \u015f\u00fcpheliler Adli T\u0131p Kurumunda sa\u00e7 ve kan \u00f6rne\u011fi verdi. \u0130\u015flemlerin ard\u0131ndan 11 ki\u015fi adliyeye sevk edilirken, aralar\u0131nda Mabel Matiz ve Feyza Civelek&#8217;in de oldu\u011fu 9 ki\u015fi serbest kald\u0131.<\/p>\n\n\n\n<p class=\"wp-block-paragraph\">Bak\u0131rk\u00f6y Cumhuriyet Ba\u015fsavc\u0131l\u0131\u011f\u0131 taraf\u0131ndan, uyu\u015fturucu veya uyar\u0131c\u0131 madde kullan\u0131m\u0131na ili\u015fkin ba\u015flat\u0131lan soru\u015fturma s\u00fcr\u00fcyor. Soru\u015fturma kapsam\u0131nda \u0130stanbul \u0130l Jandarma Komutanl\u0131\u011f\u0131 ekipleri taraf\u0131ndan Be\u015fikta\u015f, Sar\u0131yer, Beyo\u011flu, Ka\u011f\u0131thane ve \u00dcsk\u00fcdar ile Mu\u011fla&#8217;da belirlenen 25 adrese operasyon d\u00fczenlenmi\u015fti. Operasyonda aralar\u0131nda \u00fcnl\u00fc isimlerin de oldu\u011fu g\u00f6zalt\u0131 say\u0131s\u0131 20\u2019ye y\u00fckseldi.\u0130l Jandarma Komutanl\u0131\u011f\u0131nda sorgular\u0131 tamamlanan ve aralar\u0131nda Mabel Matiz, Onur Tuna, Blok3 (Hakan Ayd\u0131n) gibi \u00fcnl\u00fc isimlerin de bulundu\u011fu 20 \u015f\u00fcpheli, Seyrantepe Hamidiye Etfal E\u011fitim ve Ara\u015ft\u0131rma Hastanesi&#8217;nde sa\u011fl\u0131k kontrol\u00fcnden ge\u00e7irilmi\u015fti. Kontrollerinden ard\u0131ndan \u015f\u00fcpheli isimler kan ve sa\u00e7 \u00f6rnekleri al\u0131nmak \u00fczere Adli T\u0131p Kurumu birimlerine g\u00f6t\u00fcr\u00fcld\u00fc.\u015e\u00fcpheliler, burada kan, sa\u00e7 ve idrar \u00f6rne\u011fi verdi. \u0130\u015flemleri tamamlanan 9 ki\u015fi serbest b\u0131rak\u0131l\u0131rken, 11 \u015f\u00fcpheli ise adliyeye sevk edildi.Serbest kalan isimler \u015fu \u015fekilde:<br>Tan Ta\u015f\u00e7\u0131<br>Fatih Karaca (Mabel Matiz)<br>Feyza Civelek<br>Onur Tuna<br>Osman Haktan Canevi<br>\u00d6zg\u00fcr Deniz Cellat<br>Tar\u0131k Tunca Bak\u0131r<br>Zehra Hanzade G\u00fcrkanlar<br>Yasemin \u0130kbal<\/p>\n","protected":false},"excerpt":{"rendered":"<p>Bak\u0131rk\u00f6y Cumhuriyet Ba\u015fsavc\u0131l\u0131\u011f\u0131nca y\u00fcr\u00fct\u00fclen uyu\u015fturucu soru\u015fturmas\u0131 kapsam\u0131nda g\u00f6zalt\u0131na al\u0131nanlar\u0131n say\u0131s\u0131 20\u2019ye y\u00fckselirken, \u015f\u00fcpheliler Adli T\u0131p<\/p>\n","protected":false},"author":1,"featured_media":2017,"comment_status":"open","ping_status":"open","sticky":false,"template":"","format":"standard","meta":{"_rtcl_gb_attr":"","footnotes":""},"categories":[41],"tags":[],"class_list":["post-2016","post","type-post","status-publish","format-standard","has-post-thumbnail","hentry","category-magazin"],"_links":{"self":[{"href":"https:\/\/turkiyemhaber.com\/index.php?rest_route=\/wp\/v2\/posts\/2016","targetHints":{"allow":["GET"]}}],"collection":[{"href":"https:\/\/turkiyemhaber.com\/index.php?rest_route=\/wp\/v2\/posts"}],"about":[{"href":"https:\/\/turkiyemhaber.com\/index.php?rest_route=\/wp\/v2\/types\/post"}],"author":[{"embeddable":true,"href":"https:\/\/turkiyemhaber.com\/index.php?rest_route=\/wp\/v2\/users\/1"}],"replies":[{"embeddable":true,"href":"https:\/\/turkiyemhaber.com\/index.php?rest_route=%2Fwp%2Fv2%2Fcomments&post=2016"}],"version-history":[{"count":1,"href":"https:\/\/turkiyemhaber.com\/index.php?rest_route=\/wp\/v2\/posts\/2016\/revisions"}],"predecessor-version":[{"id":2018,"href":"https:\/\/turkiyemhaber.com\/index.php?rest_route=\/wp\/v2\/posts\/2016\/revisions\/2018"}],"wp:featuredmedia":[{"embeddable":true,"href":"https:\/\/turkiyemhaber.com\/index.php?rest_route=\/wp\/v2\/media\/2017"}],"wp:attachment":[{"href":"https:\/\/turkiyemhaber.com\/index.php?rest_route=%2Fwp%2Fv2%2Fmedia&parent=2016"}],"wp:term":[{"taxonomy":"category","embeddable":true,"href":"https:\/\/turkiyemhaber.com\/index.php?rest_route=%2Fwp%2Fv2%2Fcategories&post=2016"},{"taxonomy":"post_tag","embeddable":true,"href":"https:\/\/turkiyemhaber.com\/index.php?rest_route=%2Fwp%2Fv2%2Ftags&post=2016"}],"curies":[{"name":"wp","href":"https:\/\/api.w.org\/{rel}","templated":true}]}}