{"id":2013,"date":"2026-05-22T08:49:24","date_gmt":"2026-05-22T08:49:24","guid":{"rendered":"https:\/\/turkiyemhaber.com\/?p=2013"},"modified":"2026-05-22T08:49:28","modified_gmt":"2026-05-22T08:49:28","slug":"ozel-asker-ve-ozel-kizlar-icin-unutulmaz-gece","status":"publish","type":"post","link":"https:\/\/turkiyemhaber.com\/?p=2013","title":{"rendered":"\u00d6zel asker ve \u00f6zel k\u0131zlar i\u00e7in unutulmaz gece"},"content":{"rendered":"\n<p class=\"wp-block-paragraph\">Denizli&#8217;nin Ac\u0131payam il\u00e7esinde Kanats\u0131z Melekler Ya\u015fam Derne\u011fi taraf\u0131ndan \u00f6zel bireyler i\u00e7in d\u00fczenlenen temsili asker e\u011flencesinde k\u0131na yak\u0131ld\u0131, duygu dolu anlar ya\u015fand\u0131.<\/p>\n\n\n\n<p class=\"wp-block-paragraph\">Denizli&#8217;nin Ac\u0131payam il\u00e7esinde \u00f6zel bireyler i\u00e7in d\u00fczenlenen asker e\u011flencesinde k\u0131na yak\u0131lan gen\u00e7 erkek ve k\u0131zlar duygu dolu bir gece ya\u015fad\u0131.<\/p>\n\n\n\n<p class=\"wp-block-paragraph\">Kanats\u0131z Melekler&nbsp;<a href=\"https:\/\/www.sondakika.com\/yasam\/\">Ya\u015fam<\/a>&nbsp;Derne\u011fi, 1 g\u00fcnl\u00fck temsili askerlik g\u00f6revini yapacak olan \u00f6zel gen\u00e7ler i\u00e7in Ac\u0131payam Belediyesi Engelsiz Ya\u015fam Park\u0131nda asker e\u011flencesi d\u00fczenledi. \u00d6zel askerlerin k\u0131na gecesinde \u00f6zel gen\u00e7 k\u0131zlar da unutulmay\u0131nca e\u011flencesi ve duygu dolu bir gece ya\u015fand\u0131.<\/p>\n\n\n\n<p class=\"wp-block-paragraph\">Geceye destek verenlere te\u015fekk\u00fcr eden Kanats\u0131z Melekler Ya\u015fam Derne\u011fi Ba\u015fkan\u0131 \u00d6zg\u00fcl Sert, &#8220;Kanats\u0131z Melekler Ya\u015fam Derne\u011fi olarak, Ac\u0131payam Belediyesi Engelsiz Ya\u015fam Park\u0131&#8217;nda d\u00fczenledi\u011fimiz \u00f6zel askerlerimizin k\u0131na gecesi program\u0131nda hep birlikte \u00e7ok g\u00fczel ve duygu dolu bir gece ya\u015fad\u0131k. Temsili askerlik heyecan\u0131 ya\u015fayan \u00f6zel askerlerimiz i\u00e7in haz\u0131rlad\u0131\u011f\u0131m\u0131z gecede m\u00fczikler e\u015fli\u011finde e\u011flendik, halaylar \u00e7ektik, kahkahalar att\u0131k. Ayr\u0131ca \u00f6zel k\u0131zlar\u0131m\u0131z\u0131n iste\u011fi do\u011frultusunda k\u0131z k\u0131nam\u0131z\u0131 da ger\u00e7ekle\u015ftirdik. O gece \u00e7ocuklar\u0131m\u0131z\u0131n g\u00f6zlerindeki mutluluk g\u00f6r\u00fclmeye de\u011ferdi. Ailelerimiz, g\u00f6n\u00fcll\u00fclerimiz ve dostlar\u0131m\u0131zla birlikte sevginin, dayan\u0131\u015fman\u0131n ve birlikte olman\u0131n ne kadar k\u0131ymetli oldu\u011funu bir kez daha hissettik. Bu g\u00fczel an\u0131lar\u0131m\u0131z\u0131 \u00f6l\u00fcms\u00fczle\u015ftiren herkese de g\u00f6n\u00fclden minnettar\u0131m. Eme\u011fi ge\u00e7en, bir sandalye ta\u015f\u0131yan, bir \u00e7ay da\u011f\u0131tan, sessizce bir eksi\u011fi tamamlayan herkese sonsuz te\u015fekk\u00fcr ederim. \u00c7\u00fcnk\u00fc biz birlikte g\u00fczeliz&#8221; dedi. &#8211; DEN\u0130ZL\u0130<\/p>\n","protected":false},"excerpt":{"rendered":"<p>Denizli&#8217;nin Ac\u0131payam il\u00e7esinde Kanats\u0131z Melekler Ya\u015fam Derne\u011fi taraf\u0131ndan \u00f6zel bireyler i\u00e7in d\u00fczenlenen temsili asker e\u011flencesinde<\/p>\n","protected":false},"author":1,"featured_media":2014,"comment_status":"open","ping_status":"open","sticky":false,"template":"","format":"standard","meta":{"_rtcl_gb_attr":"","footnotes":""},"categories":[1],"tags":[],"class_list":["post-2013","post","type-post","status-publish","format-standard","has-post-thumbnail","hentry","category-http-turkiyemhaber-com-wp-content-uploads-2026-03-saray-59-haber-13-mart-pdf"],"_links":{"self":[{"href":"https:\/\/turkiyemhaber.com\/index.php?rest_route=\/wp\/v2\/posts\/2013","targetHints":{"allow":["GET"]}}],"collection":[{"href":"https:\/\/turkiyemhaber.com\/index.php?rest_route=\/wp\/v2\/posts"}],"about":[{"href":"https:\/\/turkiyemhaber.com\/index.php?rest_route=\/wp\/v2\/types\/post"}],"author":[{"embeddable":true,"href":"https:\/\/turkiyemhaber.com\/index.php?rest_route=\/wp\/v2\/users\/1"}],"replies":[{"embeddable":true,"href":"https:\/\/turkiyemhaber.com\/index.php?rest_route=%2Fwp%2Fv2%2Fcomments&post=2013"}],"version-history":[{"count":1,"href":"https:\/\/turkiyemhaber.com\/index.php?rest_route=\/wp\/v2\/posts\/2013\/revisions"}],"predecessor-version":[{"id":2015,"href":"https:\/\/turkiyemhaber.com\/index.php?rest_route=\/wp\/v2\/posts\/2013\/revisions\/2015"}],"wp:featuredmedia":[{"embeddable":true,"href":"https:\/\/turkiyemhaber.com\/index.php?rest_route=\/wp\/v2\/media\/2014"}],"wp:attachment":[{"href":"https:\/\/turkiyemhaber.com\/index.php?rest_route=%2Fwp%2Fv2%2Fmedia&parent=2013"}],"wp:term":[{"taxonomy":"category","embeddable":true,"href":"https:\/\/turkiyemhaber.com\/index.php?rest_route=%2Fwp%2Fv2%2Fcategories&post=2013"},{"taxonomy":"post_tag","embeddable":true,"href":"https:\/\/turkiyemhaber.com\/index.php?rest_route=%2Fwp%2Fv2%2Ftags&post=2013"}],"curies":[{"name":"wp","href":"https:\/\/api.w.org\/{rel}","templated":true}]}}