{"id":2010,"date":"2026-05-22T08:46:59","date_gmt":"2026-05-22T08:46:59","guid":{"rendered":"https:\/\/turkiyemhaber.com\/?p=2010"},"modified":"2026-05-22T08:47:03","modified_gmt":"2026-05-22T08:47:03","slug":"norvec-ya-da-isvec-degil-bitlis-goruntulemek-icin-10-gun-boyunca-ugrastilar","status":"publish","type":"post","link":"https:\/\/turkiyemhaber.com\/?p=2010","title":{"rendered":"Norve\u00e7 ya da \u0130sve\u00e7 de\u011fil Bitlis! G\u00f6r\u00fcnt\u00fclemek i\u00e7in 10 g\u00fcn boyunca u\u011fra\u015ft\u0131lar"},"content":{"rendered":"\n<p class=\"wp-block-paragraph\">Bitlis\u2019te bulunan Nemrut Kalderas\u0131\u2019nda may\u0131s ay\u0131n\u0131n son g\u00fcnlerinde metrelerce kar ve y\u0131ld\u0131zlar\u0131n olu\u015fturdu\u011fu manzara hayran b\u0131rakt\u0131. Astrofoto\u011fraf\u00e7\u0131 Dr. Cihan \u00d6nen\u2019in 10 g\u00fcnl\u00fck \u00e7al\u0131\u015fmas\u0131yla g\u00f6r\u00fcnt\u00fclenen kaldera, karl\u0131 yollar\u0131 ve y\u0131ld\u0131zl\u0131 g\u00f6ky\u00fcz\u00fcyle kartpostall\u0131k g\u00f6r\u00fcnt\u00fcler olu\u015fturdu.<\/p>\n\n\n\n<p class=\"wp-block-paragraph\">Bitlis\u2019in Ahlat, G\u00fcroymak ve Tatvan il\u00e7e s\u0131n\u0131rlar\u0131nda bulunan Nemrut Kalderas\u0131, may\u0131s ay\u0131n\u0131n son g\u00fcnlerinde kar ve y\u0131ld\u0131zlar\u0131n olu\u015fturdu\u011fu b\u00fcy\u00fcleyici manzarayla dikkat \u00e7ekti. Gece saatlerinde metrelerce karla kapl\u0131 yollar\u0131n y\u0131ld\u0131zlarla birle\u015fti\u011fi g\u00f6r\u00fcnt\u00fcler adeta g\u00f6rsel \u015f\u00f6len olu\u015fturdu.<\/p>\n\n\n\n<h3 class=\"wp-block-heading\">MAYIS AYINDA METRELERCE KAR<\/h3>\n\n\n\n<p class=\"wp-block-paragraph\">T\u00fcrkiye\u2019nin en b\u00fcy\u00fck, d\u00fcnyan\u0131n ise ikinci b\u00fcy\u00fck krater g\u00f6l\u00fcne ev sahipli\u011fi yapan Nemrut Kalderas\u0131\u2019nda k\u0131\u015f manzaralar\u0131 etkisini s\u00fcrd\u00fcr\u00fcyor.&nbsp;Yakla\u015f\u0131k 2 bin 500 rak\u0131mda bulunan b\u00f6lgede metrelerce y\u00fcksekli\u011fe ula\u015fan kar duvarlar\u0131 aras\u0131nda uzanan yollar, gece g\u00f6ky\u00fcz\u00fcndeki binlerce y\u0131ld\u0131zla birle\u015ferek e\u015fsiz g\u00f6r\u00fcnt\u00fcler ortaya \u00e7\u0131kard\u0131.&nbsp;Kalderan\u0131n karl\u0131 zirveleriyle y\u0131ld\u0131zlar\u0131n ayn\u0131 karede bulu\u015fmas\u0131 mistik bir atmosfer olu\u015fturdu.<\/p>\n\n\n\n<h3 class=\"wp-block-heading\">10 G\u00dcNL\u00dcK \u00c7ALI\u015eMAYLA G\u00d6R\u00dcNT\u00dcLEND\u0130<\/h3>\n\n\n\n<p class=\"wp-block-paragraph\">B\u00f6lgede do\u011fa g\u00f6zlemcili\u011fi ve astrofoto\u011fraf \u00e7al\u0131\u015fmalar\u0131 yapan Dr. Cihan \u00d6nen, yakla\u015f\u0131k 10 g\u00fcn s\u00fcren \u00e7al\u0131\u015fman\u0131n ard\u0131ndan etkileyici g\u00f6r\u00fcnt\u00fcler elde etti.&nbsp;G\u00fcnd\u00fcz yap\u0131lan ke\u015fiflerin ard\u0131ndan gece ger\u00e7ekle\u015ftirilen \u00e7ekimler ve detayl\u0131 y\u0131ld\u0131z pozlamalar\u0131yla Nemrut Kalderas\u0131\u2019n\u0131n e\u015fsiz manzaras\u0131 kay\u0131t alt\u0131na al\u0131nd\u0131.<\/p>\n\n\n\n<h3 class=\"wp-block-heading\">\u201cYILDIZLARA A\u00c7ILAN YOL G\u0130B\u0130\u201d<\/h3>\n\n\n\n<p class=\"wp-block-paragraph\">Dr. Cihan \u00d6nen yapt\u0131\u011f\u0131 a\u00e7\u0131klamada, b\u00f6lgede k\u0131\u015f \u015fartlar\u0131n\u0131n h\u00e2l\u00e2 devam etti\u011fini belirterek \u015funlar\u0131 s\u00f6yledi:&nbsp;\u201cMetrelerce y\u00fckseklikteki kar duvarlar\u0131 aras\u0131nda y\u0131ld\u0131zlara bakmak adeta binlerce y\u0131ld\u0131za a\u00e7\u0131lan bir yol haritas\u0131 olu\u015fturuyor. Kalderan\u0131n zirvelerinden y\u0131ld\u0131zlar\u0131n ge\u00e7i\u015fiyle yery\u00fcz\u00fcn\u00fcn b\u00fcy\u00fcleyici g\u00f6r\u00fcnt\u00fcs\u00fc b\u00fct\u00fcnle\u015fince harika detaylar ortaya \u00e7\u0131kabiliyor.\u201d<\/p>\n\n\n\n<h3 class=\"wp-block-heading\">\u015eEH\u0130RLE\u015eME UYARISI<\/h3>\n\n\n\n<p class=\"wp-block-paragraph\">\u00d6nen ayr\u0131ca b\u00f6lgede artan \u015fehirle\u015fmenin do\u011fal gece manzaras\u0131n\u0131 olumsuz etkiledi\u011fine dikkat \u00e7ekti.&nbsp;Tatvan ve Bitlis \u00e7evresindeki \u0131\u015f\u0131k yo\u011funlu\u011funun kalderadaki y\u0131ld\u0131z g\u00f6zlemlerini her ge\u00e7en g\u00fcn zorla\u015ft\u0131rd\u0131\u011f\u0131n\u0131 ifade etti.<\/p>\n\n\n\n<h3 class=\"wp-block-heading\">\u0130\u015fte g\u00f6renleri mest eden o kareler;&nbsp;<\/h3>\n\n\n\n<figure class=\"wp-block-image\"><img decoding=\"async\" src=\"https:\/\/foto.sondakika.com\/haber\/2026\/05\/22\/norvec-ya-da-isvec-degil-bitli-19870767-5149_1_m.jpg\" alt=\"Norve\u00e7 ya da \u0130sve\u00e7 de\u011fil Bitlis! G\u00f6r\u00fcnt\u00fclemek i\u00e7in 10 g\u00fcn boyunca u\u011fra\u015ft\u0131lar\"\/><\/figure>\n\n\n\n<figure class=\"wp-block-image\"><img decoding=\"async\" src=\"https:\/\/foto.sondakika.com\/haber\/2026\/05\/22\/norvec-ya-da-isvec-degil-bitli-19870767-9816_1_m.jpg\" alt=\"Norve\u00e7 ya da \u0130sve\u00e7 de\u011fil Bitlis! G\u00f6r\u00fcnt\u00fclemek i\u00e7in 10 g\u00fcn boyunca u\u011fra\u015ft\u0131lar\"\/><\/figure>\n\n\n\n<figure class=\"wp-block-image\"><img decoding=\"async\" src=\"https:\/\/foto.sondakika.com\/haber\/2026\/05\/22\/norvec-ya-da-isvec-degil-bitli-19870767-9304_1_m.jpg\" alt=\"Norve\u00e7 ya da \u0130sve\u00e7 de\u011fil Bitlis! G\u00f6r\u00fcnt\u00fclemek i\u00e7in 10 g\u00fcn boyunca u\u011fra\u015ft\u0131lar\"\/><\/figure>\n\n\n\n<figure class=\"wp-block-image\"><img decoding=\"async\" src=\"https:\/\/foto.sondakika.com\/haber\/2026\/05\/22\/norvec-ya-da-isvec-degil-bitli-19870767-5683_1_m.jpg\" alt=\"Norve\u00e7 ya da \u0130sve\u00e7 de\u011fil Bitlis! G\u00f6r\u00fcnt\u00fclemek i\u00e7in 10 g\u00fcn boyunca u\u011fra\u015ft\u0131lar\"\/><\/figure>\n","protected":false},"excerpt":{"rendered":"<p>Bitlis\u2019te bulunan Nemrut Kalderas\u0131\u2019nda may\u0131s ay\u0131n\u0131n son g\u00fcnlerinde metrelerce kar ve y\u0131ld\u0131zlar\u0131n olu\u015fturdu\u011fu manzara hayran<\/p>\n","protected":false},"author":1,"featured_media":2011,"comment_status":"open","ping_status":"open","sticky":false,"template":"","format":"standard","meta":{"_rtcl_gb_attr":"","footnotes":""},"categories":[1],"tags":[],"class_list":["post-2010","post","type-post","status-publish","format-standard","has-post-thumbnail","hentry","category-http-turkiyemhaber-com-wp-content-uploads-2026-03-saray-59-haber-13-mart-pdf"],"_links":{"self":[{"href":"https:\/\/turkiyemhaber.com\/index.php?rest_route=\/wp\/v2\/posts\/2010","targetHints":{"allow":["GET"]}}],"collection":[{"href":"https:\/\/turkiyemhaber.com\/index.php?rest_route=\/wp\/v2\/posts"}],"about":[{"href":"https:\/\/turkiyemhaber.com\/index.php?rest_route=\/wp\/v2\/types\/post"}],"author":[{"embeddable":true,"href":"https:\/\/turkiyemhaber.com\/index.php?rest_route=\/wp\/v2\/users\/1"}],"replies":[{"embeddable":true,"href":"https:\/\/turkiyemhaber.com\/index.php?rest_route=%2Fwp%2Fv2%2Fcomments&post=2010"}],"version-history":[{"count":1,"href":"https:\/\/turkiyemhaber.com\/index.php?rest_route=\/wp\/v2\/posts\/2010\/revisions"}],"predecessor-version":[{"id":2012,"href":"https:\/\/turkiyemhaber.com\/index.php?rest_route=\/wp\/v2\/posts\/2010\/revisions\/2012"}],"wp:featuredmedia":[{"embeddable":true,"href":"https:\/\/turkiyemhaber.com\/index.php?rest_route=\/wp\/v2\/media\/2011"}],"wp:attachment":[{"href":"https:\/\/turkiyemhaber.com\/index.php?rest_route=%2Fwp%2Fv2%2Fmedia&parent=2010"}],"wp:term":[{"taxonomy":"category","embeddable":true,"href":"https:\/\/turkiyemhaber.com\/index.php?rest_route=%2Fwp%2Fv2%2Fcategories&post=2010"},{"taxonomy":"post_tag","embeddable":true,"href":"https:\/\/turkiyemhaber.com\/index.php?rest_route=%2Fwp%2Fv2%2Ftags&post=2010"}],"curies":[{"name":"wp","href":"https:\/\/api.w.org\/{rel}","templated":true}]}}