{"id":2008,"date":"2026-05-22T08:45:06","date_gmt":"2026-05-22T08:45:06","guid":{"rendered":"https:\/\/turkiyemhaber.com\/?p=2008"},"modified":"2026-05-22T08:45:10","modified_gmt":"2026-05-22T08:45:10","slug":"ogrencilere-ne-olacak-yokten-kapatilan-bilgi-universitesiyle-ilgili-aciklama","status":"publish","type":"post","link":"https:\/\/turkiyemhaber.com\/?p=2008","title":{"rendered":"\u00d6\u011frencilere ne olacak? Y\u00d6K&#8217;ten kapat\u0131lan Bilgi \u00dcniversitesi&#8217;yle ilgili a\u00e7\u0131klama"},"content":{"rendered":"\n<p class=\"wp-block-paragraph\">Y\u00d6K, kapat\u0131lan Bilgi \u00dcniversitesi&#8217;ne ili\u015fkin a\u00e7\u0131klama yapt\u0131. A\u00e7\u0131klamada &#8220;E\u011fitim-\u00f6\u011fretim faaliyetlerinin aksamadan y\u00fcr\u00fct\u00fclmesi hususunda gerekli tedbirler ivedilikle al\u0131nmaktad\u0131r&#8221; denildi.<\/p>\n\n\n\n<p class=\"wp-block-paragraph\">1996\u2019dan bu yana e\u011fitim faaliyetlerini s\u00fcrd\u00fcren \u0130stanbul Bilgi \u00dcniversitesi\u2019nin faaliyet izni Resmi Gazete\u2019de yay\u0131mlanan kararla birlikte&nbsp;resmen iptal edildi.&nbsp;<\/p>\n\n\n\n<h3 class=\"wp-block-heading\">KAYYUM S\u00dcREC\u0130 KAPANMAYLA SONU\u00c7LANDI<\/h3>\n\n\n\n<p class=\"wp-block-paragraph\">\u00dcniversiteyi b\u00fcnyesinde bulunduran vakfa ge\u00e7ti\u011fimiz y\u0131l kayyum atanm\u0131\u015ft\u0131. 2019 y\u0131l\u0131nda Can Holding \u00e7at\u0131s\u0131 alt\u0131na giren kurum, holding hakk\u0131nda y\u00fcr\u00fct\u00fclen soru\u015fturmalar ve \u00e7ok say\u0131da \u015firkete el konulmas\u0131n\u0131n ard\u0131ndan kayyum y\u00f6netimine devredilmi\u015fti.<\/p>\n\n\n\n<p class=\"wp-block-paragraph\">K\u00fc\u00e7\u00fck\u00e7ekmece 9. Asliye Hukuk Mahkemesi\u2019nin karar\u0131yla mevcut m\u00fctevelli heyeti g\u00f6revden al\u0131nm\u0131\u015f, yerine Prof. Dr. Ahmet Ulusoy, Levent \u00c7etin ve avukat Mehmet \u00c7i\u00e7ek\u2019ten olu\u015fan yeni bir y\u00f6netim g\u00f6revlendirilmi\u015fti.<\/p>\n\n\n\n<p class=\"wp-block-paragraph\">S\u00fcre\u00e7 boyunca yap\u0131lan a\u00e7\u0131klamalarda \u00f6\u011frencilerin e\u011fitim hayat\u0131nda aksama ya\u015fanmayaca\u011f\u0131 ve hak kay\u0131plar\u0131n\u0131n olu\u015fmayaca\u011f\u0131 vurgulanm\u0131\u015ft\u0131. Ancak yay\u0131mlanan son karar ile birlikte \u00fcniversitenin faaliyetleri tamamen durduruldu.<\/p>\n\n\n\n<h3 class=\"wp-block-heading\">Y\u00d6K: GEREKL\u0130 TEDB\u0130RLER \u0130VED\u0130L\u0130KLE ALINIYOR<\/h3>\n\n\n\n<p class=\"wp-block-paragraph\">Y\u00d6K&#8217;ten kapat\u0131lan \u0130stanbul Bilgi \u00dcniversitesi ile ilgili a\u00e7\u0131klama geldi. Yap\u0131lan yaz\u0131l\u0131 a\u00e7\u0131klamada \u015fu ifadelere yer verildi:<\/p>\n\n\n\n<p class=\"wp-block-paragraph\">\u0130stanbul Bilgi \u00dcniversitesinin kurucu vakf\u0131na mahkemece kayy\u0131m atanmas\u0131 \u00fczerine 2547 say\u0131l\u0131 Kanun&#8217;un ek 11. Maddesi gere\u011fince al\u0131nan faaliyet izninin kald\u0131r\u0131lmas\u0131na dair Cumhurba\u015fkan\u0131 Karar\u0131 bug\u00fcnk\u00fc Resm\u00ee Gazete&#8217;de yay\u0131mlanm\u0131\u015ft\u0131r. Y\u00fcksek\u00f6\u011fretim Kurulu, \u00f6\u011frencilerimizin herhangi bir ma\u011fduriyet ya\u015famamas\u0131 ve e\u011fitim-\u00f6\u011fretim faaliyetlerinin aksamadan y\u00fcr\u00fct\u00fclmesi hususunda gerekli tedbirleri ivedilikle almaktad\u0131r.<\/p>\n\n\n\n<p class=\"wp-block-paragraph\">\u00d6\u011frencilerimizin yan\u0131 s\u0131ra \u00fcniversitemizde g\u00f6rev yapan idari ve akademik personele dair herhangi bir ma\u011fduriyete f\u0131rsat vermeden gerekli i\u015flemler yerine getirilecektir. Konuyla ilgili detayl\u0131 a\u00e7\u0131klamalar \u00f6n\u00fcm\u00fczdeki g\u00fcnlerde yap\u0131lacak olup, k\u0131ymetli \u00f6\u011frencilerimizin, ailelerinin ve y\u00fcksek\u00f6\u011fretim camias\u0131n\u0131n s\u00fcre\u00e7le ilgili do\u011fru ve g\u00fcncel bilgileri yaln\u0131zca Y\u00fcksek\u00f6\u011fretim Kurulunun resm\u00ee ileti\u015fim kanallar\u0131ndan takip etmelerini \u00f6nemle rica ederiz.&#8221;&nbsp;<\/p>\n\n\n\n<figure class=\"wp-block-image\"><img decoding=\"async\" src=\"https:\/\/foto.sondakika.com\/haber\/2026\/05\/22\/ogrencilere-ne-olacak-yokten-k-19870828-8167_1_m.jpg\" alt=\"\u00d6\u011frencilere ne olacak? Y\u00d6K'ten kapat\u0131lan Bilgi \u00dcniversitesi'yle ilgili a\u00e7\u0131klama\"\/><\/figure>\n\n\n\n<h3 class=\"wp-block-heading\">GARANT\u00d6R OKUL: M\u0130MAR S\u0130NAN \u00dcN\u0130VERS\u0130TES\u0130<\/h3>\n\n\n\n<p class=\"wp-block-paragraph\">Daha \u00f6nce yap\u0131lan a\u00e7\u0131klamalarda Mimar Sinan G\u00fczel Sanatlar \u00dcniversitesi\u2019nin Bilgi \u00dcniversitesi i\u00e7in garant\u00f6r \u00fcniversite olarak belirlendi\u011fi belirtilmi\u015fti. Bu s\u00fcre\u00e7te yeni \u00f6\u011frenci al\u0131m\u0131n\u0131n durmas\u0131, mevcut \u00f6\u011frencilerin e\u011fitimlerini ba\u015fka bir \u00fcniversite \u00e7at\u0131s\u0131 alt\u0131nda tamamlamas\u0131 ve diplomalar\u0131n devralan kurum taraf\u0131ndan verilmesi \u00f6ng\u00f6r\u00fcl\u00fcyor. Akademik ve idari personelin durumuna ili\u015fkin s\u00fcrecin ise Y\u00d6K ve yeni y\u00f6netim taraf\u0131ndan \u015fekillendirilmesi bekleniyor.<\/p>\n\n\n\n<h3 class=\"wp-block-heading\">CAN HOLD\u0130NG OPERASYONUNDA REMZ\u0130 SANVER DE TUTUKLANMI\u015eTI<\/h3>\n\n\n\n<p class=\"wp-block-paragraph\">Bilgi \u00dcniversitesi 2019 y\u0131l\u0131nda Can Holding\u2019e ge\u00e7mi\u015fti. K\u00fc\u00e7\u00fck\u00e7ekmece Cumhuriyet Ba\u015fsavc\u0131l\u0131\u011f\u0131 da 11 Eyl\u00fcl 2025\u2019te Can Holding\u2019e y\u00f6nelik operasyon d\u00fczenlemi\u015fti.<\/p>\n\n\n\n<p class=\"wp-block-paragraph\">Soru\u015fturma kapsam\u0131nda g\u00f6zalt\u0131na al\u0131nanlara \u201csu\u00e7 \u00f6rg\u00fct\u00fc kurmak\u201d, \u201cka\u00e7ak\u00e7\u0131l\u0131k\u201d, \u201cdoland\u0131r\u0131c\u0131l\u0131k\u201d ve \u201ckara para aklama\u201d su\u00e7lamalar\u0131 y\u00f6neltilmi\u015fti.<\/p>\n\n\n\n<p class=\"wp-block-paragraph\">Soru\u015fturma kapsam\u0131nda, Bilgi \u00dcniversitesi&#8217;nin eski rekt\u00f6r\u00fc ve H\u00fcr ve Kabul Edilmi\u015f Masonlar Derne\u011fi&#8217;nin Ba\u015fkan\u0131 Mehmet Remzi Sanver, Mehmet Kenan Tekda\u011f, Mehmet S\u0131dd\u0131k Kaya, Emin \u015eahin, Nuh Zafer Metin, Serap \u00d6zg\u00fcr, Abdulselam Y\u0131ld\u0131z, Tuncay \u015eahin, Adnan Y\u0131ld\u0131z, Nurettin Paksoy ve Mustafa \u015eahin tutuklanm\u0131\u015ft\u0131. Kenan Tekda\u011f daha sonra ev hapsi \u015fart\u0131yla tahliye edilmi\u015fti.&nbsp;<\/p>\n","protected":false},"excerpt":{"rendered":"<p>Y\u00d6K, kapat\u0131lan Bilgi \u00dcniversitesi&#8217;ne ili\u015fkin a\u00e7\u0131klama yapt\u0131. A\u00e7\u0131klamada &#8220;E\u011fitim-\u00f6\u011fretim faaliyetlerinin aksamadan y\u00fcr\u00fct\u00fclmesi hususunda gerekli tedbirler<\/p>\n","protected":false},"author":1,"featured_media":1900,"comment_status":"open","ping_status":"open","sticky":false,"template":"","format":"standard","meta":{"_rtcl_gb_attr":"","footnotes":""},"categories":[43],"tags":[],"class_list":["post-2008","post","type-post","status-publish","format-standard","has-post-thumbnail","hentry","category-son-dakika"],"_links":{"self":[{"href":"https:\/\/turkiyemhaber.com\/index.php?rest_route=\/wp\/v2\/posts\/2008","targetHints":{"allow":["GET"]}}],"collection":[{"href":"https:\/\/turkiyemhaber.com\/index.php?rest_route=\/wp\/v2\/posts"}],"about":[{"href":"https:\/\/turkiyemhaber.com\/index.php?rest_route=\/wp\/v2\/types\/post"}],"author":[{"embeddable":true,"href":"https:\/\/turkiyemhaber.com\/index.php?rest_route=\/wp\/v2\/users\/1"}],"replies":[{"embeddable":true,"href":"https:\/\/turkiyemhaber.com\/index.php?rest_route=%2Fwp%2Fv2%2Fcomments&post=2008"}],"version-history":[{"count":1,"href":"https:\/\/turkiyemhaber.com\/index.php?rest_route=\/wp\/v2\/posts\/2008\/revisions"}],"predecessor-version":[{"id":2009,"href":"https:\/\/turkiyemhaber.com\/index.php?rest_route=\/wp\/v2\/posts\/2008\/revisions\/2009"}],"wp:featuredmedia":[{"embeddable":true,"href":"https:\/\/turkiyemhaber.com\/index.php?rest_route=\/wp\/v2\/media\/1900"}],"wp:attachment":[{"href":"https:\/\/turkiyemhaber.com\/index.php?rest_route=%2Fwp%2Fv2%2Fmedia&parent=2008"}],"wp:term":[{"taxonomy":"category","embeddable":true,"href":"https:\/\/turkiyemhaber.com\/index.php?rest_route=%2Fwp%2Fv2%2Fcategories&post=2008"},{"taxonomy":"post_tag","embeddable":true,"href":"https:\/\/turkiyemhaber.com\/index.php?rest_route=%2Fwp%2Fv2%2Ftags&post=2008"}],"curies":[{"name":"wp","href":"https:\/\/api.w.org\/{rel}","templated":true}]}}