{"id":2005,"date":"2026-05-22T08:42:58","date_gmt":"2026-05-22T08:42:58","guid":{"rendered":"https:\/\/turkiyemhaber.com\/?p=2005"},"modified":"2026-05-22T08:43:02","modified_gmt":"2026-05-22T08:43:02","slug":"kemal-kilicdarogluna-ziyaret","status":"publish","type":"post","link":"https:\/\/turkiyemhaber.com\/?p=2005","title":{"rendered":"Kemal K\u0131l\u0131\u00e7daro\u011flu&#8217;na Ziyaret"},"content":{"rendered":"\n<p class=\"wp-block-paragraph\">Ba\u015fkan Ak\u0131n, K\u0131l\u0131\u00e7daro\u011flu&#8217;na iadesi sonras\u0131 moral ziyaretinde bulundu, birlik mesaj\u0131 verdi.<\/p>\n\n\n\n<p class=\"wp-block-paragraph\">Bal\u0131kesir B\u00fcy\u00fck\u015fehir Belediye Ba\u015fkan\u0131 Ahmet Ak\u0131n, Ankara B\u00f6lge Adliye Mahkemesi 36. Hukuk Dairesinin karar\u0131yla tedbiren CHP Genel Ba\u015fkanl\u0131\u011f\u0131 g\u00f6revine iade edilen Kemal K\u0131l\u0131\u00e7daro\u011flu&#8217;nu ziyaret etti.<\/p>\n\n\n\n<p class=\"wp-block-paragraph\">Ak\u0131n, K\u0131l\u0131\u00e7daro\u011flu&#8217;nu evinde ziyaret ettikten sonra bas\u0131n mensuplar\u0131n\u0131n sorular\u0131n\u0131 yan\u0131tlad\u0131.<\/p>\n\n\n\n<p class=\"wp-block-paragraph\">CHP&#8217;nin 4-5 Kas\u0131m 2023&#8217;te yap\u0131lan 38. Ola\u011fan Kurultay\u0131&#8217;n\u0131n iptaline ili\u015fkin karar\u0131n sorulmas\u0131 \u00fczerine Ak\u0131n, &#8220;CHP, T\u00fcrkiye&#8217;yi kuran parti. Onun i\u00e7in herkesin g\u00f6nl\u00fc rahat olsun. S\u00fckunetle, akl\u0131 selim bir \u015fekilde, birlik ve beraberlik i\u00e7erisinde hep beraber bunun \u00fcstesinden gelece\u011fiz. Yine hep beraber birlik, beraberlik i\u00e7erisinde aya\u011fa kalkaca\u011f\u0131z. D\u00fcn bir program gere\u011fi buradayd\u0131m. Hatta randevular\u0131m\u0131z vard\u0131. Her geldi\u011fimde ben Kemal Bey&#8217;i ziyaret ederim. Bu sefer de ettim. Hay\u0131rl\u0131s\u0131 olsun.&#8221; dedi.<\/p>\n\n\n\n<p class=\"wp-block-paragraph\">Ak\u0131n, &#8220;Genel Merkez&#8217;e ge\u00e7ecek misiniz?&#8221; sorusuna, &#8220;Evet, \u015fimdi oraya ge\u00e7iyorum.&#8221; yan\u0131t\u0131n\u0131 verdi.<\/p>\n\n\n\n<p class=\"wp-block-paragraph\">&#8220;Moral, motivasyon nas\u0131l?&#8221; sorusunu Ak\u0131n, &#8220;\u0130yi, gayet iyi. Bir sorun yok burada \u015fu anda. Bunlar ola\u011fan \u015feyler. Birlik beraberlik hayat anlay\u0131\u015f\u0131m\u0131z. O birlik beraberlik her \u015feyin ilac\u0131 olacak.&#8221; diye yan\u0131tlad\u0131.<\/p>\n","protected":false},"excerpt":{"rendered":"<p>Ba\u015fkan Ak\u0131n, K\u0131l\u0131\u00e7daro\u011flu&#8217;na iadesi sonras\u0131 moral ziyaretinde bulundu, birlik mesaj\u0131 verdi. Bal\u0131kesir B\u00fcy\u00fck\u015fehir Belediye Ba\u015fkan\u0131<\/p>\n","protected":false},"author":1,"featured_media":2006,"comment_status":"open","ping_status":"open","sticky":false,"template":"","format":"standard","meta":{"_rtcl_gb_attr":"","footnotes":""},"categories":[44,43],"tags":[],"class_list":["post-2005","post","type-post","status-publish","format-standard","has-post-thumbnail","hentry","category-politika","category-son-dakika"],"_links":{"self":[{"href":"https:\/\/turkiyemhaber.com\/index.php?rest_route=\/wp\/v2\/posts\/2005","targetHints":{"allow":["GET"]}}],"collection":[{"href":"https:\/\/turkiyemhaber.com\/index.php?rest_route=\/wp\/v2\/posts"}],"about":[{"href":"https:\/\/turkiyemhaber.com\/index.php?rest_route=\/wp\/v2\/types\/post"}],"author":[{"embeddable":true,"href":"https:\/\/turkiyemhaber.com\/index.php?rest_route=\/wp\/v2\/users\/1"}],"replies":[{"embeddable":true,"href":"https:\/\/turkiyemhaber.com\/index.php?rest_route=%2Fwp%2Fv2%2Fcomments&post=2005"}],"version-history":[{"count":1,"href":"https:\/\/turkiyemhaber.com\/index.php?rest_route=\/wp\/v2\/posts\/2005\/revisions"}],"predecessor-version":[{"id":2007,"href":"https:\/\/turkiyemhaber.com\/index.php?rest_route=\/wp\/v2\/posts\/2005\/revisions\/2007"}],"wp:featuredmedia":[{"embeddable":true,"href":"https:\/\/turkiyemhaber.com\/index.php?rest_route=\/wp\/v2\/media\/2006"}],"wp:attachment":[{"href":"https:\/\/turkiyemhaber.com\/index.php?rest_route=%2Fwp%2Fv2%2Fmedia&parent=2005"}],"wp:term":[{"taxonomy":"category","embeddable":true,"href":"https:\/\/turkiyemhaber.com\/index.php?rest_route=%2Fwp%2Fv2%2Fcategories&post=2005"},{"taxonomy":"post_tag","embeddable":true,"href":"https:\/\/turkiyemhaber.com\/index.php?rest_route=%2Fwp%2Fv2%2Ftags&post=2005"}],"curies":[{"name":"wp","href":"https:\/\/api.w.org\/{rel}","templated":true}]}}