{"id":2002,"date":"2026-05-22T08:41:14","date_gmt":"2026-05-22T08:41:14","guid":{"rendered":"https:\/\/turkiyemhaber.com\/?p=2002"},"modified":"2026-05-22T08:41:23","modified_gmt":"2026-05-22T08:41:23","slug":"finikede-zeytinyagi-kalite-yarismasi-odulleri-verildi","status":"publish","type":"post","link":"https:\/\/turkiyemhaber.com\/?p=2002","title":{"rendered":"Finike&#8217;de Zeytinya\u011f\u0131 Kalite Yar\u0131\u015fmas\u0131 \u00d6d\u00fclleri Verildi"},"content":{"rendered":"\n<p class=\"wp-block-paragraph\">Antalya&#8217;n\u0131n Finike il\u00e7esinde en iyi zeytinya\u011f\u0131 \u00fcreticilerine \u00f6d\u00fcller verildi, kalite vurguland\u0131.<\/p>\n\n\n\n<p class=\"wp-block-paragraph\">Antalya&#8217;n\u0131n Finike \u0130l\u00e7esinde Zeytinya\u011f\u0131 Kalite Yar\u0131\u015fmas\u0131 ile belirlenen en iyi \u00fcreticilere \u00f6d\u00fcl verildi.<\/p>\n\n\n\n<p class=\"wp-block-paragraph\">Finike Kaymakam\u0131 Musa Kaz\u0131m \u00c7elik, zeytin ve zeytinya\u011f\u0131n\u0131n il\u00e7enin \u00f6nemli tar\u0131msal ve gastronomik de\u011ferlerinden biri oldu\u011funu s\u00f6yledi.<\/p>\n\n\n\n<p class=\"wp-block-paragraph\">\u00c7elik, topra\u011fa emek veren, kaliteyi hedefleyen \u00fcreticilerin ba\u015far\u0131lar\u0131n\u0131n devam\u0131n\u0131 diledi.<\/p>\n\n\n\n<p class=\"wp-block-paragraph\">Yap\u0131lan de\u011ferlendirmelerde dereceye giren \u00fcreticilere \u00f6d\u00fclleri Kaymakam \u00c7elik, \u0130l\u00e7e Tar\u0131m ve Orman M\u00fcd\u00fcr\u00fc Hasan Ali G\u00fcltekin ve Ziraat Odas\u0131 Ba\u015fkan\u0131 Halil Sar\u0131\u00e7obano\u011flu taraf\u0131ndan verildi.<\/p>\n\n\n\n<p class=\"wp-block-paragraph\">\u00c7elik, topra\u011fa emek veren, kaliteyi hedefleyen t\u00fcm \u00fcreticilerimizle birlikte daha nice ba\u015far\u0131lara ula\u015f\u0131lmas\u0131 temennisiyle, ba\u015far\u0131lar\u0131n\u0131n devam\u0131n\u0131 diledi.<\/p>\n","protected":false},"excerpt":{"rendered":"<p>Antalya&#8217;n\u0131n Finike il\u00e7esinde en iyi zeytinya\u011f\u0131 \u00fcreticilerine \u00f6d\u00fcller verildi, kalite vurguland\u0131. Antalya&#8217;n\u0131n Finike \u0130l\u00e7esinde Zeytinya\u011f\u0131<\/p>\n","protected":false},"author":1,"featured_media":2003,"comment_status":"open","ping_status":"open","sticky":false,"template":"","format":"standard","meta":{"_rtcl_gb_attr":"","footnotes":""},"categories":[43],"tags":[],"class_list":["post-2002","post","type-post","status-publish","format-standard","has-post-thumbnail","hentry","category-son-dakika"],"_links":{"self":[{"href":"https:\/\/turkiyemhaber.com\/index.php?rest_route=\/wp\/v2\/posts\/2002","targetHints":{"allow":["GET"]}}],"collection":[{"href":"https:\/\/turkiyemhaber.com\/index.php?rest_route=\/wp\/v2\/posts"}],"about":[{"href":"https:\/\/turkiyemhaber.com\/index.php?rest_route=\/wp\/v2\/types\/post"}],"author":[{"embeddable":true,"href":"https:\/\/turkiyemhaber.com\/index.php?rest_route=\/wp\/v2\/users\/1"}],"replies":[{"embeddable":true,"href":"https:\/\/turkiyemhaber.com\/index.php?rest_route=%2Fwp%2Fv2%2Fcomments&post=2002"}],"version-history":[{"count":1,"href":"https:\/\/turkiyemhaber.com\/index.php?rest_route=\/wp\/v2\/posts\/2002\/revisions"}],"predecessor-version":[{"id":2004,"href":"https:\/\/turkiyemhaber.com\/index.php?rest_route=\/wp\/v2\/posts\/2002\/revisions\/2004"}],"wp:featuredmedia":[{"embeddable":true,"href":"https:\/\/turkiyemhaber.com\/index.php?rest_route=\/wp\/v2\/media\/2003"}],"wp:attachment":[{"href":"https:\/\/turkiyemhaber.com\/index.php?rest_route=%2Fwp%2Fv2%2Fmedia&parent=2002"}],"wp:term":[{"taxonomy":"category","embeddable":true,"href":"https:\/\/turkiyemhaber.com\/index.php?rest_route=%2Fwp%2Fv2%2Fcategories&post=2002"},{"taxonomy":"post_tag","embeddable":true,"href":"https:\/\/turkiyemhaber.com\/index.php?rest_route=%2Fwp%2Fv2%2Ftags&post=2002"}],"curies":[{"name":"wp","href":"https:\/\/api.w.org\/{rel}","templated":true}]}}