{"id":1999,"date":"2026-05-22T08:39:07","date_gmt":"2026-05-22T08:39:07","guid":{"rendered":"https:\/\/turkiyemhaber.com\/?p=1999"},"modified":"2026-05-22T08:39:12","modified_gmt":"2026-05-22T08:39:12","slug":"chpli-ahmet-akin-hep-beraber-bunun-ustesinden-gelecegiz-ayaga-kalkacagiz","status":"publish","type":"post","link":"https:\/\/turkiyemhaber.com\/?p=1999","title":{"rendered":"CHP&#8217;li Ahmet Ak\u0131n: &#8220;Hep beraber bunun \u00fcstesinden gelece\u011fiz, aya\u011fa kalkaca\u011f\u0131z&#8221;"},"content":{"rendered":"\n<p class=\"wp-block-paragraph\">Mahkemenin CHP Kurultay\u0131&#8217;na y\u00f6nelik &#8216;mutlak butlan&#8217; karar\u0131n\u0131n ard\u0131ndan CHP&#8217;li Bal\u0131kesir B\u00fcy\u00fck\u015fehir Belediye Ba\u015fkan\u0131 Ahmet Ak\u0131n, eski Genel Ba\u015fkan Kemal K\u0131l\u0131\u00e7daro\u011flu&#8217;nu ziyaret etti. Ak\u0131n, &#8216;S\u00fckunetle, akl\u0131 selim bir \u015fekilde, birlik beraberlik i\u00e7erisinde hep beraber bunun \u00fcstesinden gelece\u011fiz&#8217; dedi.<\/p>\n\n\n\n<p class=\"wp-block-paragraph\">Mahkemenin CHP Kurultay\u0131&#8217;na y\u00f6nelik &#8216;mutlak butlan&#8217; karan\u0131n\u0131n ard\u0131ndan eski CHP Genel Ba\u015fkan\u0131 Kemal K\u0131l\u0131\u00e7daro\u011flu&#8217;nu ziyaret eden CHP&#8217;li Bal\u0131kesir B\u00fcy\u00fck\u015fehir Belediye Ba\u015fkan\u0131 Ahmet Ak\u0131n, &#8220;S\u00fckunetle, akl\u0131 selim bir \u015fekilde, birlik beraberlik i\u00e7erisinde hep beraber bunun \u00fcstesinden gelece\u011fiz, aya\u011fa kalkaca\u011f\u0131z&#8221; dedi.<\/p>\n\n\n\n<p class=\"wp-block-paragraph\">CHP&#8217;li Bal\u0131kesir B\u00fcy\u00fck\u015fehir Belediye Ba\u015fkan\u0131 Ahmet Ak\u0131n, Kemal K\u0131l\u0131\u00e7daro\u011flu&#8217;nu Ankara&#8217;n\u0131n \u00c7ankaya il\u00e7esindeki konutunda ziyaret etti. Ak\u0131n&#8217;\u0131n ziyareti yakla\u015f\u0131k 30 dakika s\u00fcrd\u00fc. Ahmet Ak\u0131n, ziyaretinin ard\u0131ndan yapt\u0131\u011f\u0131 a\u00e7\u0131klamada, &#8220;S\u00fckunetle, akl\u0131 selim bir \u015fekilde, birlik beraberlik i\u00e7erisinde hep beraber bunun \u00fcstesinden gelece\u011fiz, aya\u011fa kalkaca\u011f\u0131z. D\u00fcn program gere\u011fi buradayd\u0131m. Randevular\u0131m\u0131z vard\u0131. Her geldi\u011fimde Kemal Bey&#8217;i ziyaret ederim. Bu sefer de ettim. Hay\u0131rl\u0131s\u0131 olsun&#8221; dedi.<\/p>\n\n\n\n<p class=\"wp-block-paragraph\">&#8220;Unutmay\u0131n T\u00fcrkiye&#8217;yi kuran parti CHP&#8221;<\/p>\n\n\n\n<p class=\"wp-block-paragraph\">CHP Genel Merkez&#8217;inde ger\u00e7ekle\u015fecek B\u00fcy\u00fck\u015fehir Belediye Ba\u015fkanlar\u0131 Toplant\u0131s\u0131&#8217;na da kat\u0131laca\u011f\u0131n\u0131 dile getiren Ak\u0131n, &#8220;Ama unutmay\u0131n T\u00fcrkiye&#8217;yi kuran parti CHP, her zaman birlik, beraberlik ve kucaklay\u0131c\u0131l\u0131k tavr\u0131yla, o anlay\u0131\u015fla devam eder&#8221; ifadelerini kulland\u0131.<\/p>\n\n\n\n<p class=\"wp-block-paragraph\">Kemal K\u0131l\u0131\u00e7daro\u011flu&#8217;nun moral ve motivasyonunun gayet iyi oldu\u011funu belirten Ak\u0131n, bu tarz durumlar\u0131n ola\u011fan \u015feyler oldu\u011funu s\u00f6yledi. Birlik beraberli\u011fin hayat anlay\u0131\u015f\u0131 oldu\u011funu vurgulayan Ak\u0131n, birlik ve beraberli\u011fin her \u015feyin ilac\u0131 oldu\u011funu belirtti. Ak\u0131n ayr\u0131ca, eski Parti Meclisi&#8217;nden kimseyle g\u00f6r\u00fc\u015fmedi\u011fini ifade etti. &#8211; ANKARA<\/p>\n","protected":false},"excerpt":{"rendered":"<p>Mahkemenin CHP Kurultay\u0131&#8217;na y\u00f6nelik &#8216;mutlak butlan&#8217; karar\u0131n\u0131n ard\u0131ndan CHP&#8217;li Bal\u0131kesir B\u00fcy\u00fck\u015fehir Belediye Ba\u015fkan\u0131 Ahmet Ak\u0131n,<\/p>\n","protected":false},"author":1,"featured_media":2000,"comment_status":"open","ping_status":"open","sticky":false,"template":"","format":"standard","meta":{"_rtcl_gb_attr":"","footnotes":""},"categories":[44],"tags":[],"class_list":["post-1999","post","type-post","status-publish","format-standard","has-post-thumbnail","hentry","category-politika"],"_links":{"self":[{"href":"https:\/\/turkiyemhaber.com\/index.php?rest_route=\/wp\/v2\/posts\/1999","targetHints":{"allow":["GET"]}}],"collection":[{"href":"https:\/\/turkiyemhaber.com\/index.php?rest_route=\/wp\/v2\/posts"}],"about":[{"href":"https:\/\/turkiyemhaber.com\/index.php?rest_route=\/wp\/v2\/types\/post"}],"author":[{"embeddable":true,"href":"https:\/\/turkiyemhaber.com\/index.php?rest_route=\/wp\/v2\/users\/1"}],"replies":[{"embeddable":true,"href":"https:\/\/turkiyemhaber.com\/index.php?rest_route=%2Fwp%2Fv2%2Fcomments&post=1999"}],"version-history":[{"count":1,"href":"https:\/\/turkiyemhaber.com\/index.php?rest_route=\/wp\/v2\/posts\/1999\/revisions"}],"predecessor-version":[{"id":2001,"href":"https:\/\/turkiyemhaber.com\/index.php?rest_route=\/wp\/v2\/posts\/1999\/revisions\/2001"}],"wp:featuredmedia":[{"embeddable":true,"href":"https:\/\/turkiyemhaber.com\/index.php?rest_route=\/wp\/v2\/media\/2000"}],"wp:attachment":[{"href":"https:\/\/turkiyemhaber.com\/index.php?rest_route=%2Fwp%2Fv2%2Fmedia&parent=1999"}],"wp:term":[{"taxonomy":"category","embeddable":true,"href":"https:\/\/turkiyemhaber.com\/index.php?rest_route=%2Fwp%2Fv2%2Fcategories&post=1999"},{"taxonomy":"post_tag","embeddable":true,"href":"https:\/\/turkiyemhaber.com\/index.php?rest_route=%2Fwp%2Fv2%2Ftags&post=1999"}],"curies":[{"name":"wp","href":"https:\/\/api.w.org\/{rel}","templated":true}]}}