{"id":1996,"date":"2026-05-22T08:37:29","date_gmt":"2026-05-22T08:37:29","guid":{"rendered":"https:\/\/turkiyemhaber.com\/?p=1996"},"modified":"2026-05-22T08:37:33","modified_gmt":"2026-05-22T08:37:33","slug":"polis-memuru-baskina-gittigi-evdeki-genc-kadina-tecavuz-etti","status":"publish","type":"post","link":"https:\/\/turkiyemhaber.com\/?p=1996","title":{"rendered":"Polis memuru, bask\u0131na gitti\u011fi evdeki gen\u00e7 kad\u0131na tecav\u00fcz etti"},"content":{"rendered":"\n<p class=\"wp-block-paragraph\">Ankara\u2019da \u201cuyu\u015fturucu ihbar\u0131 var\u201d diyerek girdi\u011fi evde A.A\u2019ya cinsel sald\u0131r\u0131da bulundu\u011fu gerek\u00e7esiyle 7 y\u0131l 6 ay hapis cezas\u0131na \u00e7arpt\u0131r\u0131lan polis memuru H.K. hakk\u0131nda gerek\u00e7eli karar a\u00e7\u0131kland\u0131. Mahkeme, ma\u011fdurun anlat\u0131m\u0131n\u0131n tan\u0131k beyanlar\u0131 ve kamera kay\u0131tlar\u0131yla do\u011fruland\u0131\u011f\u0131n\u0131, san\u0131\u011f\u0131n kamu g\u00f6revinin sa\u011flad\u0131\u011f\u0131 n\u00fcfuzu kullanarak cinsel sald\u0131r\u0131da bulundu\u011funun sabit oldu\u011funu belirtti.<\/p>\n\n\n\n<p class=\"wp-block-paragraph\">Ankara\u2019da \u201cuyu\u015fturucu ihbar\u0131 var\u201d diyerek girdi\u011fi evde A.A\u2019ya cinsel sald\u0131r\u0131da bulundu\u011fu gerek\u00e7esiyle 7 y\u0131l 6 ay hapis cezas\u0131na \u00e7arpt\u0131r\u0131lan polis memuru H.K hakk\u0131nda gerek\u00e7eli karar a\u00e7\u0131kland\u0131. Mahkeme, ma\u011fdurun anlat\u0131m\u0131n\u0131n tan\u0131k beyanlar\u0131 ve kamera kay\u0131tlar\u0131yla do\u011fruland\u0131\u011f\u0131n\u0131, san\u0131\u011f\u0131n kamu g\u00f6revinin sa\u011flad\u0131\u011f\u0131 n\u00fcfuzu kullanarak cinsel sald\u0131r\u0131da bulundu\u011funun sabit oldu\u011funu belirtti.<\/p>\n\n\n\n<p class=\"wp-block-paragraph\">Ankara\u2019da \u201cuyu\u015fturucu ihbar\u0131 var\u201d diyerek girdi\u011fi evde A.A\u2019ya cinsel sald\u0131r\u0131da bulundu\u011fu gerek\u00e7esiyle \u201cbasit cinsel sald\u0131r\u0131\u201d su\u00e7undan 7 y\u0131l 6 ay, \u201ckonut dokunulmazl\u0131\u011f\u0131n\u0131 ihlal\u201d su\u00e7undan 10 ay hapis cezas\u0131na \u00e7arpt\u0131r\u0131lan polis memuru H.K hakk\u0131nda gerek\u00e7eli karar a\u00e7\u0131kland\u0131.<\/p>\n\n\n\n<p class=\"wp-block-paragraph\">Ankara 54. Asliye Ceza Mahkemesi, san\u0131\u011f\u0131n kamu g\u00f6revinin sa\u011flad\u0131\u011f\u0131 n\u00fcfuzu k\u00f6t\u00fcye kulland\u0131\u011f\u0131n\u0131 belirterek, ma\u011fdurun anlat\u0131m\u0131n\u0131n tan\u0131k beyanlar\u0131, kamera g\u00f6r\u00fcnt\u00fcleri ve dosya kapsam\u0131ndaki delillerle do\u011fruland\u0131\u011f\u0131n\u0131 kaydetti.<\/p>\n\n\n\n<p class=\"wp-block-paragraph\">Mahkeme, 22 Nisan\u2019da g\u00f6r\u00fclen karar duru\u015fmas\u0131nda tutuklu bulundu\u011fu s\u00fcre dikkate al\u0131narak tahliyesine karar verilen polis memuru H.K hakk\u0131nda gerek\u00e7eli karar\u0131n\u0131 yazd\u0131.<\/p>\n\n\n\n<p class=\"wp-block-paragraph\">Gerek\u00e7eli kararda, olay g\u00fcn\u00fc y\u00fcksek sesli m\u00fczik ihbar\u0131 \u00fczerine polis memuru H.K ve ekip arkada\u015f\u0131n\u0131n A.A.\u2019n\u0131n evine gitti\u011fi, san\u0131\u011f\u0131n herhangi bir arama karar\u0131 olmamas\u0131na ra\u011fmen eve girdi\u011fi belirtildi. Mahkeme, san\u0131\u011f\u0131n \u201cma\u011fdur beni eve davet etti, i\u00e7eride kendisini korkutan ki\u015filer oldu\u011funu s\u00f6yledi\u201d y\u00f6n\u00fcndeki savunmas\u0131na kar\u015f\u0131n, olay\u0131n niteli\u011fi gere\u011fi amirlerine ya da savc\u0131l\u0131\u011fa haber verilmemesini ve kom\u015fu \u00e7a\u011fr\u0131lmamas\u0131n\u0131 dikkate ald\u0131.<\/p>\n\n\n\n<p class=\"wp-block-paragraph\">Mahkeme, gerek\u00e7eli karar\u0131nda A.A\u2019n\u0131n anlat\u0131m\u0131n\u0131 \u201csamimi, istikrarl\u0131 ve dosya kapsam\u0131ndaki di\u011fer delillerle uyumlu\u201d buldu. Kararda, ma\u011fdurun olay\u0131n hemen ard\u0131ndan panik halde kom\u015fulara s\u0131\u011f\u0131nmas\u0131, farkl\u0131 ki\u015filere benzer i\u00e7erikte anlat\u0131mlarda bulunmas\u0131 ve tan\u0131k beyanlar\u0131n\u0131n birbiriyle \u00f6rt\u00fc\u015fmesi mahkumiyet gerek\u00e7eleri aras\u0131nda g\u00f6sterildi.<\/p>\n\n\n\n<p class=\"wp-block-paragraph\">Mahkeme, olay\u0131n hemen sonras\u0131nda kom\u015fular\u0131n kap\u0131lar\u0131n\u0131 \u00e7alan A.A\u2019n\u0131n \u201cPolis bana cinsel sald\u0131r\u0131da bulunmaya \u00e7al\u0131\u015ft\u0131\u201d, \u201cBana dokundu\u201d, \u201cCinsel organ\u0131n\u0131 g\u00f6sterdi\u201d ve \u201cBeni buna vermeyin\u201d \u015feklindeki ifadelerinin spontane bi\u00e7imde ortaya \u00e7\u0131kt\u0131\u011f\u0131n\u0131, bunun sonradan kurgulanm\u0131\u015f bir isnat ihtimalini zay\u0131flatt\u0131\u011f\u0131n\u0131 de\u011ferlendirdi.<\/p>\n\n\n\n<p class=\"wp-block-paragraph\">Kararda, ma\u011fdurun olay s\u0131ras\u0131nda korktu\u011fu i\u00e7in aktif diren\u00e7 g\u00f6stermemesinin de su\u00e7un ger\u00e7ekle\u015fmedi\u011fi anlam\u0131na gelmeyece\u011fi vurguland\u0131. Mahkeme, A.A\u2019n\u0131n polis memuru olan san\u0131\u011f\u0131n otoritesi kar\u015f\u0131s\u0131nda korktu\u011funu, zarar g\u00f6rebilece\u011fini d\u00fc\u015f\u00fcnd\u00fc\u011f\u00fcn\u00fc, bu nedenle \u201cka\u00e7abilmek i\u00e7in san\u0131\u011f\u0131n g\u00fcvenini kazanmaya \u00e7al\u0131\u015ft\u0131\u011f\u0131\u201d y\u00f6n\u00fcndeki anlat\u0131m\u0131n\u0131 inand\u0131r\u0131c\u0131 buldu. Mahkeme, ma\u011fdurun tepki verememesini ve bir s\u00fcre san\u0131\u011f\u0131n isteklerine uyum g\u00f6sterir g\u00f6r\u00fcnmesinin \u201cr\u0131za\u201d olarak de\u011ferlendirilemeyece\u011fini kaydetti.<\/p>\n\n\n\n<p class=\"wp-block-paragraph\">MAHKEMEDEN \u201cPOL\u0130S\u0130N \u0130FADES\u0130NDE \u00c7OK \u00c7EL\u0130\u015eK\u0130 VAR\u201d DE\u011eERLEND\u0130RMES\u0130<\/p>\n\n\n\n<p class=\"wp-block-paragraph\">Mahkeme, polis memuru H.K&#8217;n\u0131n savunmas\u0131nda \u00e7ok say\u0131da \u00e7eli\u015fki bulundu\u011funa dikkati \u00e7ekti. Kararda, san\u0131\u011f\u0131n emniyette verdi\u011fi ifadede A.A\u2019n\u0131n kendisine \u201ccinsel birliktelik teklif etti\u011fini\u201d, boynuna sar\u0131ld\u0131\u011f\u0131n\u0131 ve tehditte bulundu\u011funu anlatt\u0131\u011f\u0131, ancak mahkemede bu ifadelerin \u00f6nemli b\u00f6l\u00fcm\u00fcn\u00fc kabul etmedi\u011fi belirtildi.<\/p>\n\n\n\n<p class=\"wp-block-paragraph\">San\u0131\u011f\u0131n, olay s\u0131ras\u0131nda telefon ve telsizinin yan\u0131nda olmad\u0131\u011f\u0131n\u0131 s\u00f6ylemesi de mahkeme taraf\u0131ndan inand\u0131r\u0131c\u0131 bulunmad\u0131. Gerek\u00e7eli kararda, bir polis memurunun gece vakti bir ihbara giderken ileti\u015fim ara\u00e7lar\u0131n\u0131 ara\u00e7ta b\u0131rakmas\u0131n\u0131n hayat\u0131n ola\u011fan ak\u0131\u015f\u0131na uygun olmad\u0131\u011f\u0131na i\u015faret edildi.<\/p>\n\n\n\n<p class=\"wp-block-paragraph\">Mahkeme ayr\u0131ca, ekip arkada\u015f\u0131n\u0131n san\u0131\u011f\u0131 evde yaln\u0131z b\u0131rakarak olay yerinden ayr\u0131ld\u0131\u011f\u0131 y\u00f6n\u00fcndeki savunmay\u0131 da g\u00f6rev kurallar\u0131na ayk\u0131r\u0131 buldu. Kararda, \u201cDi\u011fer polis memurunun san\u0131k polis memuru H.K&#8217;y\u0131 ma\u011fdurun evinde b\u0131rakarak ekip arac\u0131na binerek olay yerinden ayr\u0131lmas\u0131 m\u00fcmk\u00fcn g\u00f6r\u00fclmemi\u015ftir\u201d de\u011ferlendirmesine yer verildi.<\/p>\n\n\n\n<p class=\"wp-block-paragraph\">KAMERA KAYITLARI MA\u011eDUR ANLATIMINI DESTEKL\u0130YOR<\/p>\n\n\n\n<p class=\"wp-block-paragraph\">Mahkeme, kamera kay\u0131tlar\u0131n\u0131n da ma\u011fdur anlat\u0131m\u0131n\u0131 destekledi\u011fini belirtti. G\u00f6r\u00fcnt\u00fclerde A.A\u2019n\u0131n apartmandan panik halde \u00e7\u0131kt\u0131\u011f\u0131, san\u0131\u011f\u0131n pe\u015finden gitti\u011fi ve ma\u011fdur istememesine ra\u011fmen yan\u0131nda bulundu\u011fu kaydedildi.<\/p>\n\n\n\n<p class=\"wp-block-paragraph\">Kom\u015fu tan\u0131klar\u0131n ifadeleri de mahkumiyet gerek\u00e7esinde etkili oldu. Tan\u0131klardan birinin A.A\u2019n\u0131n kap\u0131s\u0131na geldi\u011finde \u201cBu polis de\u011fil, bana dokundu, cinsel organ\u0131n\u0131 g\u00f6sterdi\u201d dedi\u011fini aktard\u0131\u011f\u0131, ba\u015fka bir tan\u0131\u011f\u0131n ise ma\u011fdurun \u201cBeni \u2026.\u201d s\u00f6zleriyle yard\u0131m istedi\u011fini anlatt\u0131\u011f\u0131 belirtildi.<\/p>\n\n\n\n<p class=\"wp-block-paragraph\">Mahkeme, A.A\u2019n\u0131n olay s\u0131ras\u0131nda alkoll\u00fc olmas\u0131na ra\u011fmen tan\u0131klar\u0131n anlat\u0131m\u0131na g\u00f6re kendisini a\u00e7\u0131k ve tutarl\u0131 bi\u00e7imde ifade etti\u011fini, olaydan hemen sonra verdi\u011fi tepkilerin ya\u015fad\u0131\u011f\u0131 travmayla uyumlu oldu\u011funu de\u011ferlendirdi.<\/p>\n\n\n\n<p class=\"wp-block-paragraph\">\u201cKAMU G\u00d6REV\u0130N\u0130N SA\u011eLADI\u011eI N\u00dcFUZU K\u00d6T\u00dcYE KULLANDI\u201d<\/p>\n\n\n\n<p class=\"wp-block-paragraph\">Mahkeme, san\u0131\u011f\u0131n polis kimli\u011finin olayda belirleyici unsur oldu\u011funa da dikkati \u00e7ekti. Kararda, A.A\u2019n\u0131n eve polis olduklar\u0131 i\u00e7in kap\u0131y\u0131 a\u00e7t\u0131\u011f\u0131, uyu\u015fturucu ihbar\u0131 oldu\u011fu s\u00f6ylenince arama yap\u0131lmas\u0131na izin verdi\u011fi ve san\u0131\u011f\u0131n bu otoriteyi ma\u011fdur \u00fczerinde bask\u0131 arac\u0131 olarak kulland\u0131\u011f\u0131 ifade edildi.<\/p>\n\n\n\n<p class=\"wp-block-paragraph\">Bu nedenle mahkeme, cinsel sald\u0131r\u0131 su\u00e7unda TCK 102\/3-b maddesini uygulayarak cezan\u0131n \u201ckamu g\u00f6revinin sa\u011flad\u0131\u011f\u0131 n\u00fcfuz k\u00f6t\u00fcye kullan\u0131ld\u0131\u011f\u0131\u201d gerek\u00e7esiyle art\u0131r\u0131lmas\u0131na karar verdi.<\/p>\n","protected":false},"excerpt":{"rendered":"<p>Ankara\u2019da \u201cuyu\u015fturucu ihbar\u0131 var\u201d diyerek girdi\u011fi evde A.A\u2019ya cinsel sald\u0131r\u0131da bulundu\u011fu gerek\u00e7esiyle 7 y\u0131l 6<\/p>\n","protected":false},"author":1,"featured_media":1997,"comment_status":"open","ping_status":"open","sticky":false,"template":"","format":"standard","meta":{"_rtcl_gb_attr":"","footnotes":""},"categories":[1],"tags":[],"class_list":["post-1996","post","type-post","status-publish","format-standard","has-post-thumbnail","hentry","category-http-turkiyemhaber-com-wp-content-uploads-2026-03-saray-59-haber-13-mart-pdf"],"_links":{"self":[{"href":"https:\/\/turkiyemhaber.com\/index.php?rest_route=\/wp\/v2\/posts\/1996","targetHints":{"allow":["GET"]}}],"collection":[{"href":"https:\/\/turkiyemhaber.com\/index.php?rest_route=\/wp\/v2\/posts"}],"about":[{"href":"https:\/\/turkiyemhaber.com\/index.php?rest_route=\/wp\/v2\/types\/post"}],"author":[{"embeddable":true,"href":"https:\/\/turkiyemhaber.com\/index.php?rest_route=\/wp\/v2\/users\/1"}],"replies":[{"embeddable":true,"href":"https:\/\/turkiyemhaber.com\/index.php?rest_route=%2Fwp%2Fv2%2Fcomments&post=1996"}],"version-history":[{"count":1,"href":"https:\/\/turkiyemhaber.com\/index.php?rest_route=\/wp\/v2\/posts\/1996\/revisions"}],"predecessor-version":[{"id":1998,"href":"https:\/\/turkiyemhaber.com\/index.php?rest_route=\/wp\/v2\/posts\/1996\/revisions\/1998"}],"wp:featuredmedia":[{"embeddable":true,"href":"https:\/\/turkiyemhaber.com\/index.php?rest_route=\/wp\/v2\/media\/1997"}],"wp:attachment":[{"href":"https:\/\/turkiyemhaber.com\/index.php?rest_route=%2Fwp%2Fv2%2Fmedia&parent=1996"}],"wp:term":[{"taxonomy":"category","embeddable":true,"href":"https:\/\/turkiyemhaber.com\/index.php?rest_route=%2Fwp%2Fv2%2Fcategories&post=1996"},{"taxonomy":"post_tag","embeddable":true,"href":"https:\/\/turkiyemhaber.com\/index.php?rest_route=%2Fwp%2Fv2%2Ftags&post=1996"}],"curies":[{"name":"wp","href":"https:\/\/api.w.org\/{rel}","templated":true}]}}