{"id":1990,"date":"2026-05-22T08:32:50","date_gmt":"2026-05-22T08:32:50","guid":{"rendered":"https:\/\/turkiyemhaber.com\/?p=1990"},"modified":"2026-05-22T08:32:54","modified_gmt":"2026-05-22T08:32:54","slug":"kilicdaroglu-chpnin-3-avukatini-azletti","status":"publish","type":"post","link":"https:\/\/turkiyemhaber.com\/?p=1990","title":{"rendered":"K\u0131l\u0131\u00e7daro\u011flu, CHP&#8217;nin 3 avukat\u0131n\u0131 azletti"},"content":{"rendered":"\n<h2 class=\"wp-block-heading\">K\u0131l\u0131\u00e7daro\u011flu, CHP&#8217;nin 3 avukat\u0131n\u0131 azletti<\/h2>\n\n\n\n<p class=\"wp-block-paragraph\"><\/p>\n\n\n\n<p class=\"wp-block-paragraph\">Ayr\u0131nt\u0131lar geliyor.<\/p>\n","protected":false},"excerpt":{"rendered":"<p>K\u0131l\u0131\u00e7daro\u011flu, CHP&#8217;nin 3 avukat\u0131n\u0131 azletti Ayr\u0131nt\u0131lar geliyor.<\/p>\n","protected":false},"author":1,"featured_media":1991,"comment_status":"open","ping_status":"open","sticky":false,"template":"","format":"standard","meta":{"_rtcl_gb_attr":"","footnotes":""},"categories":[43],"tags":[],"class_list":["post-1990","post","type-post","status-publish","format-standard","has-post-thumbnail","hentry","category-son-dakika"],"_links":{"self":[{"href":"https:\/\/turkiyemhaber.com\/index.php?rest_route=\/wp\/v2\/posts\/1990","targetHints":{"allow":["GET"]}}],"collection":[{"href":"https:\/\/turkiyemhaber.com\/index.php?rest_route=\/wp\/v2\/posts"}],"about":[{"href":"https:\/\/turkiyemhaber.com\/index.php?rest_route=\/wp\/v2\/types\/post"}],"author":[{"embeddable":true,"href":"https:\/\/turkiyemhaber.com\/index.php?rest_route=\/wp\/v2\/users\/1"}],"replies":[{"embeddable":true,"href":"https:\/\/turkiyemhaber.com\/index.php?rest_route=%2Fwp%2Fv2%2Fcomments&post=1990"}],"version-history":[{"count":1,"href":"https:\/\/turkiyemhaber.com\/index.php?rest_route=\/wp\/v2\/posts\/1990\/revisions"}],"predecessor-version":[{"id":1992,"href":"https:\/\/turkiyemhaber.com\/index.php?rest_route=\/wp\/v2\/posts\/1990\/revisions\/1992"}],"wp:featuredmedia":[{"embeddable":true,"href":"https:\/\/turkiyemhaber.com\/index.php?rest_route=\/wp\/v2\/media\/1991"}],"wp:attachment":[{"href":"https:\/\/turkiyemhaber.com\/index.php?rest_route=%2Fwp%2Fv2%2Fmedia&parent=1990"}],"wp:term":[{"taxonomy":"category","embeddable":true,"href":"https:\/\/turkiyemhaber.com\/index.php?rest_route=%2Fwp%2Fv2%2Fcategories&post=1990"},{"taxonomy":"post_tag","embeddable":true,"href":"https:\/\/turkiyemhaber.com\/index.php?rest_route=%2Fwp%2Fv2%2Ftags&post=1990"}],"curies":[{"name":"wp","href":"https:\/\/api.w.org\/{rel}","templated":true}]}}