{"id":1987,"date":"2026-05-22T08:30:21","date_gmt":"2026-05-22T08:30:21","guid":{"rendered":"https:\/\/turkiyemhaber.com\/?p=1987"},"modified":"2026-05-22T08:30:25","modified_gmt":"2026-05-22T08:30:25","slug":"turkiye-sudan-isbirligi-gelisiyor","status":"publish","type":"post","link":"https:\/\/turkiyemhaber.com\/?p=1987","title":{"rendered":"T\u00fcrkiye-Sudan \u0130\u015fbirli\u011fi Geli\u015fiyor"},"content":{"rendered":"\n<p class=\"wp-block-paragraph\">Bakan Yumakl\u0131, T\u00fcrkiye-Sudan ili\u015fkilerini tar\u0131m, sa\u011fl\u0131k ve e\u011fitim alanlar\u0131nda g\u00fc\u00e7lendireceklerini a\u00e7\u0131klad\u0131.<\/p>\n\n\n\n<p class=\"wp-block-paragraph\">TARIM ve Orman Bakan\u0131 \u0130brahim Yumakl\u0131, &#8220;Karde\u015f Sudan ile ili\u015fkilerimizi tar\u0131m, sa\u011fl\u0131k, e\u011fitim ve insani i\u015f birli\u011fi gibi alanlarda ilerletmeye b\u00fcy\u00fck \u00f6nem veriyoruz. Tar\u0131m, su, hayvanc\u0131l\u0131k ve ormanc\u0131l\u0131k alanlar\u0131nda i\u015f birli\u011fimizin yasal zeminini olu\u015fturan 5 adet anla\u015fmam\u0131z mevcut&#8221; dedi.<\/p>\n\n\n\n<p class=\"wp-block-paragraph\">Tar\u0131m ve Orman Bakan\u0131 \u0130brahim Yumakl\u0131, Sudan Tar\u0131m ve Sulama Bakan\u0131 Ismat Gurashi Abdullah Mohammed ile birlikte Devlet Su \u0130\u015fleri (DS\u0130) Genel M\u00fcd\u00fcrl\u00fc\u011f\u00fcnde &#8217;16&#8217;nc\u0131 D\u00f6nem T\u00fcrkiye-Sudan Karma Ekonomik Komisyonu (KEK) Toplant\u0131 Tutana\u011f\u0131 \u0130mza T\u00f6reni&#8217;ne kat\u0131ld\u0131. Bakan Yumakl\u0131, Sudan&#8217;\u0131, k\u0131tadaki en k\u00f6kl\u00fc ve sars\u0131lmaz ortaklardan biri olarak g\u00f6rd\u00fcklerini s\u00f6yleyerek, &#8220;2003 y\u0131l\u0131nda 71 milyon dolar seviyesinde olan ikili ticaret hacmimiz, 2022 y\u0131l\u0131nda t\u00fcm zamanlar\u0131n en y\u00fcksek seviyesine ula\u015farak 680 milyon dolar olarak ger\u00e7ekle\u015fmi\u015ftir. Sudan&#8217;da kal\u0131c\u0131 istikrar\u0131n sa\u011flanmas\u0131 ve ekonomik normalle\u015fme s\u00fcrecinin h\u0131z kazanmas\u0131yla birlikte, ticaretimizin yeniden art\u0131\u015f e\u011filimine girece\u011fine inan\u0131yoruz. 2&#8217;li ticaret hacmimizi, orta vadede 2 milyar dolar seviyesine \u00e7\u0131karma hedefimizin ula\u015f\u0131labilir oldu\u011funu d\u00fc\u015f\u00fcn\u00fcyoruz. Bu \u00e7er\u00e7evede, T\u00fcrkiye ile Sudan aras\u0131nda imzalanm\u0131\u015f olan Ticaret ve Ekonomik Ortakl\u0131k Anla\u015fmas\u0131 ile Yat\u0131r\u0131mlar\u0131n Kar\u015f\u0131l\u0131kl\u0131 Te\u015fviki ve Korunmas\u0131 Anla\u015fmas\u0131&#8217;n\u0131n y\u00fcr\u00fcrl\u00fc\u011fe girmesi b\u00fcy\u00fck \u00f6nem ta\u015f\u0131maktad\u0131r&#8221; dedi.<\/p>\n\n\n\n<p class=\"wp-block-paragraph\">&#8216;SUDAN&#8217;IN \u0130MAR S\u00dcREC\u0130NE KATKI SA\u011eLAYACAK&#8217;<\/p>\n\n\n\n<p class=\"wp-block-paragraph\">Yumakl\u0131, Sudan ile ortakla\u015fa hayata ge\u00e7irilen projelere ili\u015fkin, &#8220;2025 y\u0131l\u0131nda; T\u00fcrk Hava Yollar\u0131&#8217;n\u0131n Port Sudan&#8217;a do\u011frudan u\u00e7u\u015flara ba\u015flamas\u0131, Port Sudan&#8217;da Ticaret M\u00fc\u015favirli\u011fimizin, T\u0130KA ofisimizin ve Ziraat Kat\u0131l\u0131m Bankas\u0131&#8217;n\u0131n faaliyete ge\u00e7mesi, Mersin ve Port Sudan limanlar\u0131 aras\u0131nda tesis edilen i\u015f birli\u011fi ve sahadaki kurumsal varl\u0131\u011f\u0131m\u0131z\u0131n g\u00fc\u00e7lenmesi gibi geli\u015fmeler, ticaretimizin yeniden ivme kazanmas\u0131 a\u00e7\u0131s\u0131ndan \u00f6nemli bir zemin olu\u015fturmu\u015ftur. Bu ad\u0131mlar\u0131n, \u00f6n\u00fcm\u00fczdeki d\u00f6nemde ticaret hacmimizi artt\u0131raca\u011f\u0131na inan\u0131yoruz&#8221; diye konu\u015ftu.<\/p>\n\n\n\n<p class=\"wp-block-paragraph\">Sudan&#8217;\u0131n, T\u00fcrk yat\u0131r\u0131mc\u0131lar\u0131 ve m\u00fcteahhitlik firmalar\u0131 a\u00e7\u0131s\u0131ndan \u00f6nemli bir potansiyele sahip oldu\u011funu belirten Yumakl\u0131, &#8220;Sudan&#8217;daki yat\u0131r\u0131mlar\u0131m\u0131z\u0131n yakla\u015f\u0131k 300 milyon dolar seviyesine ula\u015ft\u0131\u011f\u0131n\u0131 de\u011ferlendiriyoruz. T\u00fcrk m\u00fcteahhitlik sekt\u00f6r\u00fc, bug\u00fcne kadar \u00fcstlendi\u011fi 3 milyar dolar de\u011ferindeki 90&#8217;\u0131 a\u015fk\u0131n projeyle, iki \u00fclke aras\u0131ndaki ekonomik ortakl\u0131\u011f\u0131n en somut g\u00f6stergelerinden biri olmu\u015ftur. T\u00fcrk m\u00fcteahhitlerinin sahip oldu\u011fu uluslararas\u0131 tecr\u00fcbe ve teknik kapasitenin, Sudan&#8217;\u0131n yeniden imar ve kalk\u0131nma s\u00fcrecine \u00f6nemli katk\u0131lar sa\u011flayaca\u011f\u0131na inan\u0131yoruz&#8221; dedi.<\/p>\n\n\n\n<p class=\"wp-block-paragraph\">&#8216;GEREKL\u0130 DESTE\u011e\u0130 SUNMAYA DEVAM ED\u0130YORUZ&#8217;<\/p>\n\n\n\n<p class=\"wp-block-paragraph\">Yumakl\u0131, ilerleyen d\u00f6nemde tar\u0131m, enerji, telekom\u00fcnikasyon, savunma sanayi, g\u0131da g\u00fcvenli\u011fi ve modern sulama teknolojileri gibi stratejik alanlarda geli\u015ftirilecek ortak projelerin, i\u015f birli\u011fine yeni bir boyut kazand\u0131raca\u011f\u0131n\u0131 ifade ederek, &#8220;Karde\u015f Sudan ile ili\u015fkilerimizi tar\u0131m, sa\u011fl\u0131k, e\u011fitim ve insani i\u015f birli\u011fi gibi alanlarda da ilerletmeye b\u00fcy\u00fck \u00f6nem veriyoruz. Tar\u0131m, su, hayvanc\u0131l\u0131k ve ormanc\u0131l\u0131k alanlar\u0131nda i\u015f birli\u011fimizin yasal zeminini olu\u015fturan 5 adet anla\u015fmam\u0131z mevcut. Bu alanlarda e\u011fitim, teknik kapasite geli\u015ftirme ve bilgi payla\u015f\u0131m\u0131na \u00f6nem veriyoruz. Tar\u0131msal alanda Sudan&#8217;\u0131n kurumsal kapasitesinin geli\u015ftirilmesi ad\u0131na gerekli deste\u011fi sunmaya devam ediyoruz&#8221; dedi.<\/p>\n\n\n\n<p class=\"wp-block-paragraph\">Sa\u011fl\u0131k sekt\u00f6r\u00fcn\u00fcn de \u00fclkeler aras\u0131ndaki i\u015f birli\u011finde \u00f6ncelikli alanlardan biri olarak \u00f6ne \u00e7\u0131kmakta oldu\u011funu belirten Yumakl\u0131, &#8220;T\u00fcrkiye, Sudanl\u0131 hastalar\u0131n tedavisine y\u00f6nelik sa\u011flad\u0131\u011f\u0131 destekle, bu alandaki g\u00fc\u00e7l\u00fc dayan\u0131\u015fmas\u0131n\u0131 ortaya koymaktad\u0131r. Bu \u00e7er\u00e7evede, Sudanl\u0131 sa\u011fl\u0131k personeline y\u00f6nelik e\u011fitim ve kapasite geli\u015ftirme programlar\u0131 arac\u0131l\u0131\u011f\u0131yla \u00e7ok say\u0131da sa\u011fl\u0131k \u00e7al\u0131\u015fan\u0131n\u0131n mesleki yetkinliklerinin art\u0131r\u0131lmas\u0131na katk\u0131 sa\u011flanm\u0131\u015ft\u0131r. E\u011fitim alan\u0131 da T\u00fcrkiye ile Sudan aras\u0131ndaki k\u00f6kl\u00fc dostluk ve karde\u015flik ili\u015fkilerinin g\u00fc\u00e7lendirilmesinde \u00f6nemli bir i\u015fbirli\u011fi ba\u015fl\u0131\u011f\u0131 olarak \u00f6ne \u00e7\u0131kmaktad\u0131r. Sudanl\u0131 \u00f6\u011frencilerin \u00fclkemizde edindikleri bilgi, tecr\u00fcbe ve dostluk ba\u011flar\u0131n\u0131n, iki \u00fclke ili\u015fkilerinin gelece\u011fine \u00f6nemli katk\u0131lar sa\u011flayaca\u011f\u0131na inan\u0131yoruz. Bu \u00e7er\u00e7evede, e\u011fitim alan\u0131ndaki i\u015f birli\u011fimizin \u00f6n\u00fcm\u00fczdeki d\u00f6nemde burs programlar\u0131, akademik de\u011fi\u015fim mekanizmalar\u0131 ve \u00fcniversiteler aras\u0131 temaslar arac\u0131l\u0131\u011f\u0131yla daha da g\u00fc\u00e7lendirilmesini arzu ediyoruz&#8221; diye konu\u015ftu.<\/p>\n\n\n\n<p class=\"wp-block-paragraph\">&#8216;T\u0130KA OF\u0130S\u0130M\u0130Z PORT SUDAN&#8217;DA FAAL\u0130YETLER\u0130NE YEN\u0130DEN BA\u015eLAMI\u015eTIR&#8217;<\/p>\n\n\n\n<p class=\"wp-block-paragraph\">Yumakl\u0131, insani ve kalk\u0131nma yard\u0131mlar\u0131 alan\u0131nda da T\u00fcrk \u0130\u015fbirli\u011fi ve Koordinasyon Ajans\u0131 Ba\u015fkanl\u0131\u011f\u0131 (T\u0130KA) ve sivil toplum kurulu\u015flar\u0131 vas\u0131tas\u0131yla, yerel halk\u0131n ihtiya\u00e7lar\u0131na y\u00f6nelik projeleri hayata ge\u00e7irmeye devam ettiklerini s\u00f6yleyerek, &#8220;T\u0130KA ofisimiz Port Sudan&#8217;da Aral\u0131k 2024 itibar\u0131yla faaliyetlerine yeniden ba\u015flam\u0131\u015ft\u0131r. Y\u00fcr\u00fctt\u00fc\u011f\u00fcm\u00fcz cami ve k\u00fclt\u00fcr varl\u0131\u011f\u0131 restorasyonunun yan\u0131 s\u0131ra, Kalakla T\u00fcrk Hastanesinin tadilat\u0131n\u0131 da tamamlad\u0131k. \u00d6n\u00fcm\u00fczdeki d\u00f6nemde de \u015fartlar elverdi\u011fi \u00f6l\u00e7\u00fcde, Sudan halk\u0131n\u0131n yan\u0131nda olmaya, yaralar\u0131 beraber sarmaya gayret edece\u011fiz&#8221; dedi.<\/p>\n","protected":false},"excerpt":{"rendered":"<p>Bakan Yumakl\u0131, T\u00fcrkiye-Sudan ili\u015fkilerini tar\u0131m, sa\u011fl\u0131k ve e\u011fitim alanlar\u0131nda g\u00fc\u00e7lendireceklerini a\u00e7\u0131klad\u0131. TARIM ve Orman Bakan\u0131<\/p>\n","protected":false},"author":1,"featured_media":1988,"comment_status":"open","ping_status":"open","sticky":false,"template":"","format":"standard","meta":{"_rtcl_gb_attr":"","footnotes":""},"categories":[14],"tags":[],"class_list":["post-1987","post","type-post","status-publish","format-standard","has-post-thumbnail","hentry","category-ekonomi"],"_links":{"self":[{"href":"https:\/\/turkiyemhaber.com\/index.php?rest_route=\/wp\/v2\/posts\/1987","targetHints":{"allow":["GET"]}}],"collection":[{"href":"https:\/\/turkiyemhaber.com\/index.php?rest_route=\/wp\/v2\/posts"}],"about":[{"href":"https:\/\/turkiyemhaber.com\/index.php?rest_route=\/wp\/v2\/types\/post"}],"author":[{"embeddable":true,"href":"https:\/\/turkiyemhaber.com\/index.php?rest_route=\/wp\/v2\/users\/1"}],"replies":[{"embeddable":true,"href":"https:\/\/turkiyemhaber.com\/index.php?rest_route=%2Fwp%2Fv2%2Fcomments&post=1987"}],"version-history":[{"count":1,"href":"https:\/\/turkiyemhaber.com\/index.php?rest_route=\/wp\/v2\/posts\/1987\/revisions"}],"predecessor-version":[{"id":1989,"href":"https:\/\/turkiyemhaber.com\/index.php?rest_route=\/wp\/v2\/posts\/1987\/revisions\/1989"}],"wp:featuredmedia":[{"embeddable":true,"href":"https:\/\/turkiyemhaber.com\/index.php?rest_route=\/wp\/v2\/media\/1988"}],"wp:attachment":[{"href":"https:\/\/turkiyemhaber.com\/index.php?rest_route=%2Fwp%2Fv2%2Fmedia&parent=1987"}],"wp:term":[{"taxonomy":"category","embeddable":true,"href":"https:\/\/turkiyemhaber.com\/index.php?rest_route=%2Fwp%2Fv2%2Fcategories&post=1987"},{"taxonomy":"post_tag","embeddable":true,"href":"https:\/\/turkiyemhaber.com\/index.php?rest_route=%2Fwp%2Fv2%2Ftags&post=1987"}],"curies":[{"name":"wp","href":"https:\/\/api.w.org\/{rel}","templated":true}]}}