{"id":1984,"date":"2026-05-22T08:28:48","date_gmt":"2026-05-22T08:28:48","guid":{"rendered":"https:\/\/turkiyemhaber.com\/?p=1984"},"modified":"2026-05-22T08:28:52","modified_gmt":"2026-05-22T08:28:52","slug":"bakan-kacir-anadolu-mutfagi-cevreci-anlayisin-en-koklu-ornegi","status":"publish","type":"post","link":"https:\/\/turkiyemhaber.com\/?p=1984","title":{"rendered":"Bakan Kac\u0131r: Anadolu mutfa\u011f\u0131 \u00e7evreci anlay\u0131\u015f\u0131n en k\u00f6kl\u00fc \u00f6rne\u011fi"},"content":{"rendered":"\n<p class=\"wp-block-paragraph\">Sanayi ve Teknoloji Bakan\u0131 Kac\u0131r, T\u00fcrk Mutfa\u011f\u0131 Haftas\u0131&#8217;nda &#8216;Bir Sofrada Miras&#8217; program\u0131nda Anadolu mutfa\u011f\u0131n\u0131n s\u00fcrd\u00fcr\u00fclebilirlik ve payla\u015f\u0131m k\u00fclt\u00fcr\u00fcyle \u00f6ne \u00e7\u0131kt\u0131\u011f\u0131n\u0131 belirtti. 1847 co\u011frafi i\u015faretli \u00fcr\u00fcnle Anadolu&#8217;nun zengin miras\u0131n\u0131 vurgulad\u0131.<\/p>\n\n\n\n<p class=\"wp-block-paragraph\">Sanayi ve Teknoloji Bakan\u0131 Mehmet Fatih Kac\u0131r, Anadolu mutfa\u011f\u0131n\u0131n s\u00fcrd\u00fcr\u00fclebilirlik, payla\u015f\u0131m k\u00fclt\u00fcr\u00fc ve \u00fcretime duydu\u011fu sayg\u0131yla \u00f6ne \u00e7\u0131kt\u0131\u011f\u0131n\u0131 belirterek &#8220;Bereketi israf etmeden kullanan, eme\u011fi sofraya de\u011fer olarak ta\u015f\u0131yan ve payla\u015fmay\u0131 bir medeniyet dili haline getiren Anadolu mutfa\u011f\u0131, d\u00fcnyan\u0131n bug\u00fcn yeniden ke\u015ffetti\u011fi \u00e7evreci mutfak anlay\u0131\u015f\u0131n\u0131n en k\u00f6kl\u00fc \u00f6rneklerinden biridir.&#8221; dedi.<\/p>\n\n\n\n<p class=\"wp-block-paragraph\">Bakan Kac\u0131r, Cumhurba\u015fkan\u0131 Recep Tayyip Erdo\u011fan&#8217;\u0131n e\u015fi Emine Erdo\u011fan&#8217;\u0131n te\u015frifleriyle &#8220;T\u00fcrk Mutfa\u011f\u0131 Haftas\u0131&#8221; kapsam\u0131nda \u0130stanbul&#8217;da d\u00fczenlenen &#8220;Bir Sofrada Miras&#8221; program\u0131na kat\u0131ld\u0131.<\/p>\n\n\n\n<p class=\"wp-block-paragraph\">S\u00f6zlerine, Anadolu&#8217;nun k\u00f6kl\u00fc miras\u0131n\u0131 gelece\u011fe ta\u015f\u0131maya y\u00f6nelik ba\u015flatt\u0131klar\u0131 &#8220;Anadoludakiler&#8221; projesini himaye eden Emine Erdo\u011fan&#8217;a te\u015fekk\u00fcr ederek ba\u015flayan Kac\u0131r, &#8220;Bir Sofrada Miras temas\u0131yla, Anadolu&#8217;nun topra\u011f\u0131n\u0131, eme\u011fini, \u00fcretim k\u00fclt\u00fcr\u00fcn\u00fc, mutfak haf\u0131zas\u0131n\u0131 ve medeniyet birikimini sizlerle bulu\u015fturman\u0131n bahtiyarl\u0131\u011f\u0131n\u0131 ya\u015f\u0131yoruz.&#8221; diye konu\u015ftu.<\/p>\n\n\n\n<p class=\"wp-block-paragraph\">Tarih boyunca insanl\u0131\u011f\u0131n ya\u015fam\u0131n anlam\u0131n\u0131 arad\u0131\u011f\u0131n\u0131 belirten Kac\u0131r, bu aray\u0131\u015f\u0131n medeniyet kadar yemek k\u00fclt\u00fcr\u00fcn\u00fc de do\u011frudan etkiledi\u011fini ifade ederek \u015funlar\u0131 s\u00f6yledi:<\/p>\n\n\n\n<p class=\"wp-block-paragraph\">&#8220;\u0130nsanl\u0131k, tarih boyunca ya\u015fad\u0131\u011f\u0131 hayat\u0131n manas\u0131na ula\u015fmaya \u00e7al\u0131\u015ft\u0131. Bir ta\u015f\u0131 yontarken esteti\u011fi, sesi ritme d\u00f6n\u00fc\u015ft\u00fcr\u00fcrken sanat\u0131, topra\u011f\u0131 i\u015flerken bereketi ke\u015ffetti. Daha rafine, daha estetik, insan ruhu ile uyumlu bir medeniyet aray\u0131\u015f\u0131 her alan\u0131 oldu\u011fu gibi yemek k\u00fclt\u00fcr\u00fcn\u00fc de do\u011frudan etkiledi.&#8221;<\/p>\n\n\n\n<p class=\"wp-block-paragraph\">Anadolu&#8217;nun kadim medeniyetlerin bulu\u015fma noktas\u0131 oldu\u011funu vurgulayan Kac\u0131r, &#8220;Bereketin, eme\u011fin ve \u00fcretim k\u00fclt\u00fcr\u00fcn\u00fcn yurdu Anadolu, bu niteli\u011fiyle, tarihi tatlar\u0131n, kokular\u0131n, sofra geleneklerinin ve lezzet haf\u0131zas\u0131n\u0131n kesi\u015fti\u011fi m\u00fcstesna bir co\u011frafyad\u0131r.&#8221; de\u011ferlendirmesinde bulundu.<\/p>\n\n\n\n<p class=\"wp-block-paragraph\">Sanayi ve Teknoloji Bakan\u0131 Kac\u0131r, konu\u015fmas\u0131nda, bug\u00fcn\u00fcn d\u00fcnya gastronomisinin yerel \u00fcretim, s\u00fcrd\u00fcr\u00fclebilir mutfak, do\u011fal fermantasyon ve mevsimsellik gibi kavramlar\u0131 yeni ba\u015fl\u0131klar olarak ele ald\u0131\u011f\u0131na dikkati \u00e7ekti.<\/p>\n\n\n\n<p class=\"wp-block-paragraph\">Bu anlamda Anadolu k\u00fclt\u00fcr\u00fcn\u00fcn sofraya yans\u0131yan birikiminin \u00e7a\u011f\u0131n \u00f6tesinde bir anlay\u0131\u015f\u0131 temsil etti\u011fine vurgu yapan Kac\u0131r, \u015funlar\u0131 kaydetti:<\/p>\n\n\n\n<p class=\"wp-block-paragraph\">&#8220;Bereketi israf etmeden kullanan, eme\u011fi sofraya de\u011fer olarak ta\u015f\u0131yan ve payla\u015fmay\u0131 bir medeniyet dili haline getiren Anadolu mutfa\u011f\u0131, d\u00fcnyan\u0131n bug\u00fcn yeniden ke\u015ffetti\u011fi \u00e7evreci mutfak anlay\u0131\u015f\u0131n\u0131n en k\u00f6kl\u00fc \u00f6rneklerinden biridir. Cumhurba\u015fkan\u0131m\u0131z Say\u0131n Recep Tayyip Erdo\u011fan&#8217;\u0131n liderli\u011finde s\u00fcrd\u00fcrd\u00fc\u011f\u00fcm\u00fcz Yerel Kalk\u0131nma Hamlesi ile k\u00fclt\u00fcr\u00fcm\u00fcz\u00fcn sofraya yans\u0131mas\u0131n\u0131 daha geni\u015f kitlelerle bulu\u015fturmaya kararl\u0131y\u0131z.&#8221;<\/p>\n\n\n\n<p class=\"wp-block-paragraph\">&#8220;Anadolu 1847 co\u011frafi i\u015faretli ve geleneksel \u00fcr\u00fcne ev sahipli\u011fi yap\u0131yor&#8221;<\/p>\n\n\n\n<p class=\"wp-block-paragraph\">Mehmet Fatih Kac\u0131r, Anadolu&#8217;nun kendine \u00f6zg\u00fc \u00fcretim bilgisi, yerel lezzetleri, geleneksel y\u00f6ntemleri ve ku\u015faktan ku\u015fa\u011fa aktar\u0131lan zengin mutfak miras\u0131yla her b\u00f6lgesini yans\u0131tan 1847 co\u011frafi i\u015faretli ve geleneksel \u00fcr\u00fcne ev sahipli\u011fi yapt\u0131\u011f\u0131n\u0131 ifade etti.<\/p>\n\n\n\n<p class=\"wp-block-paragraph\">Avrupa Birli\u011fi nezdinde tescilli 46 co\u011frafi i\u015faretli \u00fcr\u00fcnle, Anadolu&#8217;nun lezzet haf\u0131zas\u0131n\u0131 k\u00fcresel \u00f6l\u00e7ekte g\u00fc\u00e7l\u00fc bi\u00e7imde temsil edildi\u011fini vurgulayan Kac\u0131r, bu miras\u0131n korunmas\u0131 ve tan\u0131t\u0131lmas\u0131 i\u00e7in verilen destekler hakk\u0131nda \u015funlar\u0131 s\u00f6yledi:<\/p>\n\n\n\n<p class=\"wp-block-paragraph\">&#8220;Kalk\u0131nma ajanslar\u0131m\u0131z ve b\u00f6lge kalk\u0131nma idarelerimiz eliyle, bug\u00fcne kadar mutfak miras\u0131m\u0131z\u0131n korunmas\u0131 ve tan\u0131t\u0131lmas\u0131na y\u00f6nelik 381 projeye 1,4 milyar lira destek sa\u011flad\u0131k. Sayg\u0131de\u011fer Han\u0131mefendi&#8217;nin \u00f6nc\u00fcl\u00fc\u011f\u00fc ve himayelerinde y\u00fcr\u00fctt\u00fc\u011f\u00fcm\u00fcz Anadoludakiler projemizle de yerel \u00fcreticimizin eme\u011fini g\u00f6r\u00fcn\u00fcr k\u0131lmak, Anadolu&#8217;nun \u00f6zg\u00fcn de\u011ferlerini markala\u015ft\u0131rmak ve kadim birikimimizi yeni nesillere bir kalk\u0131nma hikayesi olarak aktarmak \u00fczere ad\u0131m att\u0131k.&#8221;<\/p>\n\n\n\n<p class=\"wp-block-paragraph\">Projelerin, Anadolu&#8217;nun topra\u011f\u0131ndaki sakl\u0131 bereketi, \u00fcretim bilgisini ve ku\u015faktan ku\u015fa\u011fa aktar\u0131lan maharetleri g\u00f6r\u00fcn\u00fcr k\u0131lmay\u0131 ama\u00e7lad\u0131\u011f\u0131n\u0131 s\u00f6yleyen Kac\u0131r, bu kapsamda, yerel \u00fcr\u00fcnleri, geleneksel \u00fcretim y\u00f6ntemlerini, zanaatlar\u0131 ve mutfak miras\u0131n\u0131 b\u00fct\u00fcnc\u00fcl bir yakla\u015f\u0131mla ele ald\u0131klar\u0131n\u0131 ifade etti.<\/p>\n\n\n\n<p class=\"wp-block-paragraph\">Sanayi ve Teknoloji Bakan\u0131 Kac\u0131r, proje kapsam\u0131nda \u00fclke \u00e7ap\u0131nda d\u00fczenledikleri &#8220;Anadoludakiler&#8221; pazarlar\u0131 ile yerel \u00fcr\u00fcnleri, geleneksel becerileri ve mutfak miras\u0131n\u0131 daha geni\u015f kitlelere ula\u015ft\u0131r\u0131ld\u0131klar\u0131n\u0131 belirterek \u015funlar\u0131 kaydetti:<\/p>\n\n\n\n<p class=\"wp-block-paragraph\">&#8220;Birle\u015fmi\u015f Milletler 80. Genel Kurulu d\u00f6neminde New York T\u00fcrk Evi&#8217;nde ger\u00e7ekle\u015ftirdi\u011fimiz sergiyle, Anadolu&#8217;nun binlerce y\u0131ll\u0131k zanaat\u0131n\u0131, dokumas\u0131n\u0131, el eme\u011fini ve k\u00fclt\u00fcrel hazinelerini d\u00fcnya sahnesine ta\u015f\u0131d\u0131k. &#8217;81 \u0130l 81 \u00dcr\u00fcn Program\u0131&#8217;yla \u015fehirlerimizin kendine has lezzetlerini, zanaat\u0131n\u0131 ve \u00fcretim birikimini geni\u015f kitlelerle bulu\u015fturuyoruz. Haf\u0131zam\u0131za ve gelece\u011fimize de\u011ferli katk\u0131lar sunan &#8216;Anadoludakiler&#8217; belgeseliyle Anadolu&#8217;nun d\u00f6rt bir yan\u0131ndaki zanaatkarlar\u0131m\u0131z\u0131n ve \u00fcreticilerimizin kutlu eme\u011fini, al\u0131n terini ekranlara ta\u015f\u0131yoruz. &#8216;Anadoludakiler Ni\u015fan\u0131&#8217; akreditasyon program\u0131m\u0131zla y\u00f6resel \u00f6zg\u00fcnl\u00fc\u011f\u00fcn\u00fc koruyan, geleneksel \u00fcretim bilgisini ya\u015fatan, kalite, s\u00fcrd\u00fcr\u00fclebilirlik ve g\u0131da g\u00fcvenli\u011fi \u00f6l\u00e7\u00fctlerini kar\u015f\u0131layan \u00fcr\u00fcnleri pazara sunaca\u011f\u0131z.&#8221;<\/p>\n\n\n\n<p class=\"wp-block-paragraph\">&#8220;Bir Sofrada Miras&#8221; temas\u0131yla d\u00fczenlenen programa ili\u015fkin de de\u011ferlendirmelerde bulunan Kac\u0131r, etkinlik alan\u0131nda yer alan Rumeli, \u015eark, Karadeniz, Y\u00f6r\u00fck, Bereketli Hilal, S\u0131f\u0131r At\u0131k ile Karde\u015flik ve Birlik sofralar\u0131ya Anadolu&#8217;nun b\u00fcy\u00fck miras\u0131n\u0131n farkl\u0131 renklerini bir araya getirdiklerini vurgulad\u0131.<\/p>\n\n\n\n<p class=\"wp-block-paragraph\">&#8220;Her bir sofra ortak mazimizi ve ayn\u0131 sofrada bulu\u015fma k\u00fclt\u00fcr\u00fcm\u00fcz\u00fc g\u00fc\u00e7l\u00fc bi\u00e7imde yans\u0131t\u0131yor&#8221;<\/p>\n\n\n\n<p class=\"wp-block-paragraph\">Sanayi ve Teknoloji Bakan\u0131 Kac\u0131r, &#8220;Her bir sofra, Anadolu&#8217;nun farkl\u0131 co\u011frafyalar\u0131nda \u015fekillenen \u00fcretim k\u00fclt\u00fcr\u00fcn\u00fc, misafirperverlik anlay\u0131\u015f\u0131n\u0131 ve as\u0131rlard\u0131r ku\u015faktan ku\u015fa\u011fa aktar\u0131lan lezzet haf\u0131zas\u0131n\u0131 temsil ediyor. Ayn\u0131 zamanda 1000 y\u0131ll\u0131k bir arada ya\u015fama irademizi, ortak mazimizi ve ayn\u0131 sofrada bulu\u015fma k\u00fclt\u00fcr\u00fcm\u00fcz\u00fc g\u00fc\u00e7l\u00fc bi\u00e7imde yans\u0131t\u0131yor.&#8221; dedi.<\/p>\n\n\n\n<p class=\"wp-block-paragraph\">Kac\u0131r, &#8220;Anadoludakiler&#8221; projesinin, topra\u011f\u0131n bereketini \u00fcreticinin eme\u011fiyle, kadim \u00fcretim bilgisini \u00e7a\u011f\u0131n imkanlar\u0131yla ve k\u00fclt\u00fcrel miras\u0131 g\u00fc\u00e7l\u00fc bir markala\u015fma vizyonuyla bulu\u015fturan bir kalk\u0131nma yolculu\u011fu oldu\u011funu ifade ederek \u015f\u00f6yle devam etti:<\/p>\n\n\n\n<p class=\"wp-block-paragraph\">&#8220;Bu yolculu\u011fu milletimiz ile el ele y\u00fcr\u00fcyecek, topra\u011f\u0131m\u0131z\u0131n binlerce y\u0131ll\u0131k hikayesine, g\u00f6n\u00fcl co\u011frafyam\u0131z\u0131n yank\u0131lanan sesine kulak vermeye devam edece\u011fiz. Att\u0131\u011f\u0131m\u0131z her ad\u0131mda ortak haf\u0131zam\u0131z\u0131 tazeleyecek, ge\u00e7mi\u015fin izlerini bug\u00fcn\u00fcn renkleriyle bir araya getirmeyi s\u00fcrd\u00fcrece\u011fiz. K\u00fclt\u00fcrlerin i\u00e7 i\u00e7e ge\u00e7ti\u011fi, dillerin ve inan\u00e7lar\u0131n b\u00fcy\u00fck bir ahenkle bulu\u015ftu\u011fu co\u011frafyam\u0131z\u0131n sakl\u0131 hazinelerini g\u00fcn y\u00fcz\u00fcne \u00e7\u0131karmaya, korumaya ve gelecek nesillere g\u00fc\u00e7l\u00fc bir miras olarak aktarmaya devam edece\u011fiz. Anadolu&#8217;nun bereketini, eme\u011fini ve kadim \u00fcretim bilgisini \u00fcretime, istihdama ve ihracata d\u00f6n\u00fc\u015ft\u00fcrece\u011fiz. Zenginli\u011fi, \u00e7ok k\u00fclt\u00fcrl\u00fc yap\u0131s\u0131 ve as\u0131rlara dayanan birikimiyle T\u00fcrk mutfa\u011f\u0131, bu vizyonun en k\u0131ymetli unsurlar\u0131ndan biri olarak \u00fclkemizin tan\u0131t\u0131m\u0131na ve d\u00fcnyayla kurdu\u011fu ba\u011flara de\u011fer katmaya devam edecek.&#8221;<\/p>\n\n\n\n<p class=\"wp-block-paragraph\">Sanayi ve Teknoloji Bakan\u0131 Kac\u0131r, s\u00f6zlerini 5&#8217;inci T\u00fcrk Mutfa\u011f\u0131 Haftas\u0131&#8217;n\u0131n \u00fclkeye, k\u00fclt\u00fcr ve gastronomi d\u00fcnyas\u0131na, yerli ve yabanc\u0131 ziyaret\u00e7ilere hay\u0131rl\u0131 olmas\u0131n\u0131 temenni ederek tamamlad\u0131.<\/p>\n","protected":false},"excerpt":{"rendered":"<p>Sanayi ve Teknoloji Bakan\u0131 Kac\u0131r, T\u00fcrk Mutfa\u011f\u0131 Haftas\u0131&#8217;nda &#8216;Bir Sofrada Miras&#8217; program\u0131nda Anadolu mutfa\u011f\u0131n\u0131n s\u00fcrd\u00fcr\u00fclebilirlik<\/p>\n","protected":false},"author":1,"featured_media":1985,"comment_status":"open","ping_status":"open","sticky":false,"template":"","format":"standard","meta":{"_rtcl_gb_attr":"","footnotes":""},"categories":[14],"tags":[],"class_list":["post-1984","post","type-post","status-publish","format-standard","has-post-thumbnail","hentry","category-ekonomi"],"_links":{"self":[{"href":"https:\/\/turkiyemhaber.com\/index.php?rest_route=\/wp\/v2\/posts\/1984","targetHints":{"allow":["GET"]}}],"collection":[{"href":"https:\/\/turkiyemhaber.com\/index.php?rest_route=\/wp\/v2\/posts"}],"about":[{"href":"https:\/\/turkiyemhaber.com\/index.php?rest_route=\/wp\/v2\/types\/post"}],"author":[{"embeddable":true,"href":"https:\/\/turkiyemhaber.com\/index.php?rest_route=\/wp\/v2\/users\/1"}],"replies":[{"embeddable":true,"href":"https:\/\/turkiyemhaber.com\/index.php?rest_route=%2Fwp%2Fv2%2Fcomments&post=1984"}],"version-history":[{"count":1,"href":"https:\/\/turkiyemhaber.com\/index.php?rest_route=\/wp\/v2\/posts\/1984\/revisions"}],"predecessor-version":[{"id":1986,"href":"https:\/\/turkiyemhaber.com\/index.php?rest_route=\/wp\/v2\/posts\/1984\/revisions\/1986"}],"wp:featuredmedia":[{"embeddable":true,"href":"https:\/\/turkiyemhaber.com\/index.php?rest_route=\/wp\/v2\/media\/1985"}],"wp:attachment":[{"href":"https:\/\/turkiyemhaber.com\/index.php?rest_route=%2Fwp%2Fv2%2Fmedia&parent=1984"}],"wp:term":[{"taxonomy":"category","embeddable":true,"href":"https:\/\/turkiyemhaber.com\/index.php?rest_route=%2Fwp%2Fv2%2Fcategories&post=1984"},{"taxonomy":"post_tag","embeddable":true,"href":"https:\/\/turkiyemhaber.com\/index.php?rest_route=%2Fwp%2Fv2%2Ftags&post=1984"}],"curies":[{"name":"wp","href":"https:\/\/api.w.org\/{rel}","templated":true}]}}