{"id":1981,"date":"2026-05-22T08:27:19","date_gmt":"2026-05-22T08:27:19","guid":{"rendered":"https:\/\/turkiyemhaber.com\/?p=1981"},"modified":"2026-05-22T08:27:23","modified_gmt":"2026-05-22T08:27:23","slug":"arnavutlukta-otomobil-fuari-heyecani","status":"publish","type":"post","link":"https:\/\/turkiyemhaber.com\/?p=1981","title":{"rendered":"Arnavutluk&#8217;ta Otomobil Fuar\u0131 Heyecan\u0131"},"content":{"rendered":"\n<p class=\"wp-block-paragraph\">Tiran&#8217;da ba\u015flayan &#8216;Automotive Fair Albania&#8217;, otomobil tutkunlar\u0131na \u00e7e\u015fitli ara\u00e7lar sunuyor.<\/p>\n\n\n\n<p class=\"wp-block-paragraph\">Arnavutluk&#8217;un ba\u015fkenti Tiran&#8217;da &#8220;Automotive Fair Albania&#8221; adl\u0131 otomobil end\u00fcstrisi fuar\u0131 ba\u015flad\u0131.<\/p>\n\n\n\n<p class=\"wp-block-paragraph\">Arnavutluk Kara Yolu Ta\u015f\u0131mac\u0131l\u0131\u011f\u0131 Hizmetleri Genel M\u00fcd\u00fcrl\u00fc\u011f\u00fc himayesinde d\u00fczenlenen fuar\u0131n a\u00e7\u0131l\u0131\u015f t\u00f6reni, \u00e7e\u015fitli kurumlar\u0131n temsilcilerinin kat\u0131l\u0131m\u0131yla Tiran&#8217;daki Rahibe Teresa Meydan\u0131&#8217;nda ger\u00e7ekle\u015ftirildi.<\/p>\n\n\n\n<p class=\"wp-block-paragraph\">Fuarda \u00e7e\u015fitli marka ara\u00e7lar, ara\u00e7 par\u00e7alar\u0131 ve \u00e7e\u015fitli aksesuarlar otomobil sekt\u00f6r\u00fc tutkunlar\u0131n\u0131n be\u011fenisine sunulacak.<\/p>\n\n\n\n<p class=\"wp-block-paragraph\">\u00d6te yandan, &#8220;Retro&#8221; olarak bilinen klasik ara\u00e7lar da fuar kapsam\u0131nda sergilenecek.<\/p>\n\n\n\n<p class=\"wp-block-paragraph\">Fuar g\u00fcnleri boyunca \u00e7e\u015fitli etkinliklerin yan\u0131 s\u0131ra otomotiv sekt\u00f6r\u00fcndeki en son yenilikler de tan\u0131t\u0131lacak.<\/p>\n\n\n\n<p class=\"wp-block-paragraph\">Bu y\u0131l d\u00f6rd\u00fcnc\u00fcs\u00fc d\u00fczenlenen fuar 24 May\u0131s&#8217;ta sona erecek.<\/p>\n","protected":false},"excerpt":{"rendered":"<p>Tiran&#8217;da ba\u015flayan &#8216;Automotive Fair Albania&#8217;, otomobil tutkunlar\u0131na \u00e7e\u015fitli ara\u00e7lar sunuyor. Arnavutluk&#8217;un ba\u015fkenti Tiran&#8217;da &#8220;Automotive Fair<\/p>\n","protected":false},"author":1,"featured_media":1982,"comment_status":"open","ping_status":"open","sticky":false,"template":"","format":"standard","meta":{"_rtcl_gb_attr":"","footnotes":""},"categories":[1],"tags":[],"class_list":["post-1981","post","type-post","status-publish","format-standard","has-post-thumbnail","hentry","category-http-turkiyemhaber-com-wp-content-uploads-2026-03-saray-59-haber-13-mart-pdf"],"_links":{"self":[{"href":"https:\/\/turkiyemhaber.com\/index.php?rest_route=\/wp\/v2\/posts\/1981","targetHints":{"allow":["GET"]}}],"collection":[{"href":"https:\/\/turkiyemhaber.com\/index.php?rest_route=\/wp\/v2\/posts"}],"about":[{"href":"https:\/\/turkiyemhaber.com\/index.php?rest_route=\/wp\/v2\/types\/post"}],"author":[{"embeddable":true,"href":"https:\/\/turkiyemhaber.com\/index.php?rest_route=\/wp\/v2\/users\/1"}],"replies":[{"embeddable":true,"href":"https:\/\/turkiyemhaber.com\/index.php?rest_route=%2Fwp%2Fv2%2Fcomments&post=1981"}],"version-history":[{"count":1,"href":"https:\/\/turkiyemhaber.com\/index.php?rest_route=\/wp\/v2\/posts\/1981\/revisions"}],"predecessor-version":[{"id":1983,"href":"https:\/\/turkiyemhaber.com\/index.php?rest_route=\/wp\/v2\/posts\/1981\/revisions\/1983"}],"wp:featuredmedia":[{"embeddable":true,"href":"https:\/\/turkiyemhaber.com\/index.php?rest_route=\/wp\/v2\/media\/1982"}],"wp:attachment":[{"href":"https:\/\/turkiyemhaber.com\/index.php?rest_route=%2Fwp%2Fv2%2Fmedia&parent=1981"}],"wp:term":[{"taxonomy":"category","embeddable":true,"href":"https:\/\/turkiyemhaber.com\/index.php?rest_route=%2Fwp%2Fv2%2Fcategories&post=1981"},{"taxonomy":"post_tag","embeddable":true,"href":"https:\/\/turkiyemhaber.com\/index.php?rest_route=%2Fwp%2Fv2%2Ftags&post=1981"}],"curies":[{"name":"wp","href":"https:\/\/api.w.org\/{rel}","templated":true}]}}