{"id":1975,"date":"2026-05-22T08:23:40","date_gmt":"2026-05-22T08:23:40","guid":{"rendered":"https:\/\/turkiyemhaber.com\/?p=1975"},"modified":"2026-05-22T08:23:45","modified_gmt":"2026-05-22T08:23:45","slug":"hatayda-siddetli-yagis-hayvan-pazarini-vurdu","status":"publish","type":"post","link":"https:\/\/turkiyemhaber.com\/?p=1975","title":{"rendered":"Hatay&#8217;da \u015eiddetli Ya\u011f\u0131\u015f Hayvan Pazar\u0131n\u0131 Vurdu"},"content":{"rendered":"\n<h2 class=\"wp-block-heading\">D\u00f6rtyol&#8217;da ya\u011f\u0131\u015flar nedeniyle hayvan pazar\u0131 su alt\u0131nda kald\u0131, baz\u0131 hayvanlar telef oldu.<\/h2>\n\n\n\n<p class=\"wp-block-paragraph\">Play Video<\/p>\n\n\n\n<p class=\"wp-block-paragraph\">Hatay&#8217;\u0131n D\u00f6rtyol il\u00e7esinde etkili olan ya\u011f\u0131\u015fl\u0131 havayla birlikte caddeler g\u00f6le d\u00f6nerken hayvan pazar\u0131n\u0131 su bast\u0131. Hayvanlar\u0131n\u0131 can havliyle kurtaran esnaf, baz\u0131 hayvanlar\u0131n sel sular\u0131nda telef oldu\u011funu s\u00f6yledi.<\/p>\n\n\n\n<p class=\"wp-block-paragraph\">Meteorolojinin \u015fiddetli ya\u011f\u0131\u015f uyar\u0131s\u0131nda bulundu\u011fu Hatay&#8217;\u0131n k\u0131y\u0131 il\u00e7elerinde, ak\u015fam saatlerinde \u015fiddetli ya\u011f\u0131\u015f etkili oldu. D\u00f6rtyol il\u00e7esinde ya\u011f\u0131\u015fla birlikte caddeler g\u00f6le d\u00f6nd\u00fc ve Kurban Bayram\u0131 i\u00e7in kurulan hayvan pazar\u0131n\u0131 su bast\u0131. Su basan pazardaki hayvanlar, \u00fcreticiler taraf\u0131ndan kurtar\u0131ld\u0131. B\u00f6lgede ya\u011f\u0131\u015flar\u0131n y\u0131k\u0131ma ve afete yol a\u00e7t\u0131\u011f\u0131n\u0131 ifade eden Utku Kartal, kent genelinde ya\u011f\u0131\u015f\u0131n aral\u0131klarla etkili oldu\u011funu s\u00f6yledi.<\/p>\n\n\n\n<p class=\"wp-block-paragraph\">Hayvanlar\u0131n ve yemlerin telef oldu\u011funu belirten bir \u00fcretici, &#8220;Buras\u0131 D\u00f6rtyol hayvan pazar\u0131. Ya\u011f\u0131\u015fla birlikte hayvanlar\u0131m\u0131z ve yemlerimiz telef oldu. Hayvanlar\u0131m\u0131za verecek yemimiz bile kalmad\u0131 ve ma\u011fdur durumday\u0131z&#8221; dedi. Derenin ta\u015fmas\u0131yla \u00e7ad\u0131rlar\u0131n su i\u00e7inde kald\u0131\u011f\u0131n\u0131 ifade eden Mehmet Y\u0131lmaz ise &#8220;Dere ta\u015ft\u0131, \u00e7ad\u0131rlar\u0131m\u0131z su i\u00e7erisinde. Hayvanlar\u0131m\u0131z\u0131 kendi imkanlar\u0131m\u0131zla kurtard\u0131k. Zarar\u0131m\u0131z, ziyan\u0131m\u0131z sabah belli olacak&#8221; dedi. &#8211; HATAY<\/p>\n","protected":false},"excerpt":{"rendered":"<p>D\u00f6rtyol&#8217;da ya\u011f\u0131\u015flar nedeniyle hayvan pazar\u0131 su alt\u0131nda kald\u0131, baz\u0131 hayvanlar telef oldu. Play Video Hatay&#8217;\u0131n<\/p>\n","protected":false},"author":1,"featured_media":1976,"comment_status":"open","ping_status":"open","sticky":false,"template":"","format":"standard","meta":{"_rtcl_gb_attr":"","footnotes":""},"categories":[43],"tags":[],"class_list":["post-1975","post","type-post","status-publish","format-standard","has-post-thumbnail","hentry","category-son-dakika"],"_links":{"self":[{"href":"https:\/\/turkiyemhaber.com\/index.php?rest_route=\/wp\/v2\/posts\/1975","targetHints":{"allow":["GET"]}}],"collection":[{"href":"https:\/\/turkiyemhaber.com\/index.php?rest_route=\/wp\/v2\/posts"}],"about":[{"href":"https:\/\/turkiyemhaber.com\/index.php?rest_route=\/wp\/v2\/types\/post"}],"author":[{"embeddable":true,"href":"https:\/\/turkiyemhaber.com\/index.php?rest_route=\/wp\/v2\/users\/1"}],"replies":[{"embeddable":true,"href":"https:\/\/turkiyemhaber.com\/index.php?rest_route=%2Fwp%2Fv2%2Fcomments&post=1975"}],"version-history":[{"count":1,"href":"https:\/\/turkiyemhaber.com\/index.php?rest_route=\/wp\/v2\/posts\/1975\/revisions"}],"predecessor-version":[{"id":1977,"href":"https:\/\/turkiyemhaber.com\/index.php?rest_route=\/wp\/v2\/posts\/1975\/revisions\/1977"}],"wp:featuredmedia":[{"embeddable":true,"href":"https:\/\/turkiyemhaber.com\/index.php?rest_route=\/wp\/v2\/media\/1976"}],"wp:attachment":[{"href":"https:\/\/turkiyemhaber.com\/index.php?rest_route=%2Fwp%2Fv2%2Fmedia&parent=1975"}],"wp:term":[{"taxonomy":"category","embeddable":true,"href":"https:\/\/turkiyemhaber.com\/index.php?rest_route=%2Fwp%2Fv2%2Fcategories&post=1975"},{"taxonomy":"post_tag","embeddable":true,"href":"https:\/\/turkiyemhaber.com\/index.php?rest_route=%2Fwp%2Fv2%2Ftags&post=1975"}],"curies":[{"name":"wp","href":"https:\/\/api.w.org\/{rel}","templated":true}]}}