{"id":1972,"date":"2026-05-22T08:20:42","date_gmt":"2026-05-22T08:20:42","guid":{"rendered":"https:\/\/turkiyemhaber.com\/?p=1972"},"modified":"2026-05-22T08:20:47","modified_gmt":"2026-05-22T08:20:47","slug":"tercanda-alabalik-hasadi-basladi","status":"publish","type":"post","link":"https:\/\/turkiyemhaber.com\/?p=1972","title":{"rendered":"Tercan&#8217;da Alabal\u0131k Hasad\u0131 Ba\u015flad\u0131"},"content":{"rendered":"\n<p class=\"wp-block-paragraph\">Tercan&#8217;da Alabal\u0131k Yeti\u015ftiricilik Tesisi&#8217;nde 2026 \u00fcretim sezonu hasat \u00e7al\u0131\u015fmalar\u0131 ba\u015flad\u0131.<\/p>\n\n\n\n<p class=\"wp-block-paragraph\">Erzincan&#8217;\u0131n Tercan il\u00e7esinde 2026 y\u0131l\u0131 \u00fcretim sezonu kapsam\u0131nda Alabal\u0131k Yeti\u015ftiricilik Tesisinde hasat \u00e7al\u0131\u015fmalar\u0131na ba\u015flad\u0131.<\/p>\n\n\n\n<p class=\"wp-block-paragraph\">Tercan Baraj\u0131 kaynak sular\u0131n\u0131n ekonomiye kazand\u0131r\u0131lmas\u0131 amac\u0131yla kurulan tesiste bu y\u0131l\u0131n ilk hasad\u0131 ger\u00e7ekle\u015ftirildi.<\/p>\n\n\n\n<p class=\"wp-block-paragraph\">\u00dcretim faaliyetlerinin yerel kalk\u0131nmaya katk\u0131 sundu\u011fu belirtilirken, tesisin il\u00e7enin ekonomik de\u011ferine katk\u0131 sa\u011flad\u0131\u011f\u0131 ifade edildi. &#8211; ERZ\u0130NCAN<\/p>\n","protected":false},"excerpt":{"rendered":"<p>Tercan&#8217;da Alabal\u0131k Yeti\u015ftiricilik Tesisi&#8217;nde 2026 \u00fcretim sezonu hasat \u00e7al\u0131\u015fmalar\u0131 ba\u015flad\u0131. Erzincan&#8217;\u0131n Tercan il\u00e7esinde 2026 y\u0131l\u0131<\/p>\n","protected":false},"author":1,"featured_media":1973,"comment_status":"open","ping_status":"open","sticky":false,"template":"","format":"standard","meta":{"_rtcl_gb_attr":"","footnotes":""},"categories":[1],"tags":[],"class_list":["post-1972","post","type-post","status-publish","format-standard","has-post-thumbnail","hentry","category-http-turkiyemhaber-com-wp-content-uploads-2026-03-saray-59-haber-13-mart-pdf"],"_links":{"self":[{"href":"https:\/\/turkiyemhaber.com\/index.php?rest_route=\/wp\/v2\/posts\/1972","targetHints":{"allow":["GET"]}}],"collection":[{"href":"https:\/\/turkiyemhaber.com\/index.php?rest_route=\/wp\/v2\/posts"}],"about":[{"href":"https:\/\/turkiyemhaber.com\/index.php?rest_route=\/wp\/v2\/types\/post"}],"author":[{"embeddable":true,"href":"https:\/\/turkiyemhaber.com\/index.php?rest_route=\/wp\/v2\/users\/1"}],"replies":[{"embeddable":true,"href":"https:\/\/turkiyemhaber.com\/index.php?rest_route=%2Fwp%2Fv2%2Fcomments&post=1972"}],"version-history":[{"count":1,"href":"https:\/\/turkiyemhaber.com\/index.php?rest_route=\/wp\/v2\/posts\/1972\/revisions"}],"predecessor-version":[{"id":1974,"href":"https:\/\/turkiyemhaber.com\/index.php?rest_route=\/wp\/v2\/posts\/1972\/revisions\/1974"}],"wp:featuredmedia":[{"embeddable":true,"href":"https:\/\/turkiyemhaber.com\/index.php?rest_route=\/wp\/v2\/media\/1973"}],"wp:attachment":[{"href":"https:\/\/turkiyemhaber.com\/index.php?rest_route=%2Fwp%2Fv2%2Fmedia&parent=1972"}],"wp:term":[{"taxonomy":"category","embeddable":true,"href":"https:\/\/turkiyemhaber.com\/index.php?rest_route=%2Fwp%2Fv2%2Fcategories&post=1972"},{"taxonomy":"post_tag","embeddable":true,"href":"https:\/\/turkiyemhaber.com\/index.php?rest_route=%2Fwp%2Fv2%2Ftags&post=1972"}],"curies":[{"name":"wp","href":"https:\/\/api.w.org\/{rel}","templated":true}]}}