{"id":1966,"date":"2026-05-22T08:18:06","date_gmt":"2026-05-22T08:18:06","guid":{"rendered":"https:\/\/turkiyemhaber.com\/?p=1966"},"modified":"2026-05-22T08:18:11","modified_gmt":"2026-05-22T08:18:11","slug":"iki-genc-kuzen-celep-bursadaki-kurban-pazarinda-rekabeti-artirdi","status":"publish","type":"post","link":"https:\/\/turkiyemhaber.com\/?p=1966","title":{"rendered":"\u0130ki gen\u00e7 kuzen celep, Bursa&#8217;daki kurban pazar\u0131nda rekabeti art\u0131rd\u0131"},"content":{"rendered":"\n<p class=\"wp-block-paragraph\">Bursa&#8217;n\u0131n Osmangazi il\u00e7esindeki kurban pazar\u0131nda k\u00fc\u00e7\u00fckba\u015f hayvan sat\u0131\u015f\u0131 yapan iki kad\u0131n kuzen, \u00f6zellikle kad\u0131n m\u00fc\u015fterilerle yapt\u0131klar\u0131 pazarl\u0131klarla dikkat \u00e7ekiyor. Kad\u0131n celepler, m\u00fc\u015fterilerin \u015fa\u015fk\u0131nl\u0131\u011f\u0131n\u0131 gurura d\u00f6n\u00fc\u015ft\u00fcr\u00fcyor.<\/p>\n\n\n\n<p class=\"wp-block-paragraph\">Bursa&#8217;n\u0131n Osmangazi il\u00e7esinde kurulan kurban pazar\u0131nda k\u00fc\u00e7\u00fckba\u015f hayvan sat\u0131\u015f\u0131 yapan iki gen\u00e7 kad\u0131n celep, kad\u0131n m\u00fc\u015fterilerle yapt\u0131klar\u0131 pazarl\u0131klarla dikkati \u00e7ekiyor.<\/p>\n\n\n\n<p class=\"wp-block-paragraph\">Osmangazi Belediyesinin Veysel Karani Mahallesi&#8217;nde bulunan 70 bin metrekare alan \u00fczerine kurulu Modern Kurban Sat\u0131\u015f ve Kesim Tesisi, 5 bin b\u00fcy\u00fckba\u015f ve 7 bin k\u00fc\u00e7\u00fckba\u015f hayvan kapasitesiyle Kurban Bayram\u0131 \u00f6ncesi hizmet vermeyi s\u00fcrd\u00fcr\u00fcyor. Bayram yakla\u015f\u0131rken hareketlili\u011fin artt\u0131\u011f\u0131 pazarda, kurbanl\u0131k satan iki kad\u0131n kuzen ilgi oda\u011f\u0131 oldu.<\/p>\n\n\n\n<p class=\"wp-block-paragraph\">Karsl\u0131 olan ve Bursa&#8217;da ya\u015fayan 26 ya\u015f\u0131ndaki Fatma Bostanc\u0131, sat\u0131\u015f\u0131n\u0131 yapt\u0131klar\u0131 k\u00fc\u00e7\u00fckba\u015f hayvanlar\u0131n bir k\u0131sm\u0131n\u0131 Kars&#8217;tan getirdiklerini, bir k\u0131sm\u0131n\u0131n ise Bursa&#8217;da yeti\u015ftirildi\u011fini belirtti. Kuzeni \u015eenay Bak\u0131rhan&#8217;\u0131n hem \u00fcretici hem sat\u0131c\u0131 oldu\u011funu, kendisinin ise sat\u0131\u015f organizasyonunda yer ald\u0131\u011f\u0131n\u0131 anlatan Bostanc\u0131, pazarda yakla\u015f\u0131k bin 500 k\u00fc\u00e7\u00fckba\u015f hayvanla yer ald\u0131klar\u0131n\u0131 ve sat\u0131\u015flar\u0131n her ge\u00e7en g\u00fcn artt\u0131\u011f\u0131n\u0131 ifade etti.<\/p>\n\n\n\n<p class=\"wp-block-paragraph\">&#8220;Sizi m\u00fc\u015fteri sand\u0131k&#8221; diyenler oluyor<\/p>\n\n\n\n<p class=\"wp-block-paragraph\">Pazarda kad\u0131n celep g\u00f6renlerin ilk ba\u015fta \u015fa\u015fk\u0131nl\u0131k ya\u015fad\u0131\u011f\u0131n\u0131 dile getiren Bostanc\u0131, \u015funlar\u0131 kaydetti:<\/p>\n\n\n\n<p class=\"wp-block-paragraph\">&#8220;Kurbanl\u0131k almaya gelenlere &#8216;ho\u015f geldiniz&#8217; dedi\u011fimizde \u015fa\u015f\u0131r\u0131p &#8216;sizi m\u00fc\u015fteri sand\u0131k&#8217; diyorlar. Ancak bu durumdan \u00e7ok memnun kal\u0131p bizi takdir edenler \u00e7o\u011funlukta. \u00d6zellikle kad\u0131n m\u00fc\u015fterilerin \u00e7ok ho\u015funa gidiyor. Pazara e\u015fiyle gelen kad\u0131nlar bizi fark ettiklerinde al\u0131\u015fveri\u015f i\u00e7in \u00f6zellikle bizim kotralar\u0131m\u0131z\u0131 tercih ediyorlar. Burada toplam 10 kotram\u0131z var ve hepsiyle titizlikle ilgileniyoruz.&nbsp;<a href=\"https:\/\/www.sondakika.com\/kadin\/\">Kad\u0131n<\/a>&nbsp;m\u00fc\u015fterilerle birebir biz ilgileniyoruz.&#8221;<\/p>\n\n\n\n<p class=\"wp-block-paragraph\">Kad\u0131n m\u00fc\u015fterilerle el s\u0131k\u0131\u015f\u0131p pazarl\u0131k yap\u0131yorlar<\/p>\n\n\n\n<p class=\"wp-block-paragraph\">Pazarl\u0131k s\u00fcrecini de kendilerinin y\u00f6netti\u011fini aktaran Bostanc\u0131, &#8220;Erkek m\u00fc\u015fteriler fiyat konusunda son a\u015famaya geldi\u011finde e\u015fimle el s\u0131k\u0131\u015f\u0131yor, o esnada ben de s\u00f6zl\u00fc olarak pazarl\u0131\u011f\u0131 s\u00fcrd\u00fcr\u00fcyorum. Kad\u0131n m\u00fc\u015fterilerimizin bir k\u0131sm\u0131 ise bu pazarl\u0131k deneyimini bizzat ya\u015famak istiyor. Onlarla do\u011frudan kendimiz tokala\u015f\u0131yoruz ve fiyatta anla\u015f\u0131yoruz, olduk\u00e7a e\u011flenceli ge\u00e7iyor.&#8221; ifadelerini kulland\u0131.<\/p>\n\n\n\n<p class=\"wp-block-paragraph\">\u00c7ocuklu\u011fundan beri hayvanc\u0131l\u0131\u011f\u0131n i\u00e7inde b\u00fcy\u00fcd\u00fc\u011f\u00fcn\u00fc belirten \u015eenay Bak\u0131ran ise Bursa&#8217;da \u00fcretim yapt\u0131\u011f\u0131n\u0131 ve kad\u0131nlar\u0131n kendilerini bu meslekte g\u00f6rmesinden gurur duydu\u011funu vurgulad\u0131. Bak\u0131rhan, &#8220;Kad\u0131nlar bizi g\u00f6r\u00fcnce \u00e7ok mutlu oluyor. &#8216;Kad\u0131nlar\u0131 her sekt\u00f6rde g\u00f6rd\u00fc\u011f\u00fcm\u00fcz i\u00e7in sevin\u00e7liyiz&#8217; diyerek destek oluyorlar. Kad\u0131n kurban al\u0131c\u0131lar\u0131n\u0131n bizi tercih etmesi motivasyonumuzu art\u0131r\u0131yor.&#8221; dedi. &#8211; BURSA<\/p>\n","protected":false},"excerpt":{"rendered":"<p>Bursa&#8217;n\u0131n Osmangazi il\u00e7esindeki kurban pazar\u0131nda k\u00fc\u00e7\u00fckba\u015f hayvan sat\u0131\u015f\u0131 yapan iki kad\u0131n kuzen, \u00f6zellikle kad\u0131n m\u00fc\u015fterilerle<\/p>\n","protected":false},"author":1,"featured_media":1967,"comment_status":"open","ping_status":"open","sticky":false,"template":"","format":"standard","meta":{"_rtcl_gb_attr":"","footnotes":""},"categories":[14,1],"tags":[],"class_list":["post-1966","post","type-post","status-publish","format-standard","has-post-thumbnail","hentry","category-ekonomi","category-http-turkiyemhaber-com-wp-content-uploads-2026-03-saray-59-haber-13-mart-pdf"],"_links":{"self":[{"href":"https:\/\/turkiyemhaber.com\/index.php?rest_route=\/wp\/v2\/posts\/1966","targetHints":{"allow":["GET"]}}],"collection":[{"href":"https:\/\/turkiyemhaber.com\/index.php?rest_route=\/wp\/v2\/posts"}],"about":[{"href":"https:\/\/turkiyemhaber.com\/index.php?rest_route=\/wp\/v2\/types\/post"}],"author":[{"embeddable":true,"href":"https:\/\/turkiyemhaber.com\/index.php?rest_route=\/wp\/v2\/users\/1"}],"replies":[{"embeddable":true,"href":"https:\/\/turkiyemhaber.com\/index.php?rest_route=%2Fwp%2Fv2%2Fcomments&post=1966"}],"version-history":[{"count":1,"href":"https:\/\/turkiyemhaber.com\/index.php?rest_route=\/wp\/v2\/posts\/1966\/revisions"}],"predecessor-version":[{"id":1968,"href":"https:\/\/turkiyemhaber.com\/index.php?rest_route=\/wp\/v2\/posts\/1966\/revisions\/1968"}],"wp:featuredmedia":[{"embeddable":true,"href":"https:\/\/turkiyemhaber.com\/index.php?rest_route=\/wp\/v2\/media\/1967"}],"wp:attachment":[{"href":"https:\/\/turkiyemhaber.com\/index.php?rest_route=%2Fwp%2Fv2%2Fmedia&parent=1966"}],"wp:term":[{"taxonomy":"category","embeddable":true,"href":"https:\/\/turkiyemhaber.com\/index.php?rest_route=%2Fwp%2Fv2%2Fcategories&post=1966"},{"taxonomy":"post_tag","embeddable":true,"href":"https:\/\/turkiyemhaber.com\/index.php?rest_route=%2Fwp%2Fv2%2Ftags&post=1966"}],"curies":[{"name":"wp","href":"https:\/\/api.w.org\/{rel}","templated":true}]}}