{"id":1960,"date":"2026-05-22T08:14:13","date_gmt":"2026-05-22T08:14:13","guid":{"rendered":"https:\/\/turkiyemhaber.com\/?p=1960"},"modified":"2026-05-22T08:14:18","modified_gmt":"2026-05-22T08:14:18","slug":"yeni-tapu-kanunu-ile-depremzedelere-destek","status":"publish","type":"post","link":"https:\/\/turkiyemhaber.com\/?p=1960","title":{"rendered":"Yeni Tapu Kanunu ile Depremzedelere Destek"},"content":{"rendered":"\n<p class=\"wp-block-paragraph\">Depremzedelere hibe ve kredi destekleri g\u00fcvence alt\u0131na al\u0131nd\u0131; ta\u015f\u0131nmaz sat\u0131\u015f\u0131nda yeni d\u00fczenlemeler yap\u0131ld\u0131.<\/p>\n\n\n\n<p class=\"wp-block-paragraph\">TAPU Kanunu ile Baz\u0131 Kanunlarda ve 375 Say\u0131l\u0131 Kanun H\u00fckm\u00fcnde Kararnamede De\u011fi\u015fiklik Yap\u0131lmas\u0131na Dair Kanun, Resmi Gazete&#8217;de yay\u0131mlanarak yasala\u015ft\u0131.&nbsp;<a href=\"https:\/\/www.sondakika.com\/cevre\/\">\u00c7evre<\/a>, \u015eehircilik ve \u0130klim De\u011fi\u015fikli\u011fi Bakan\u0131 Murat Kurum, &#8220;Yerinde d\u00f6n\u00fc\u015f\u00fcm kapsam\u0131nda in\u015fa edilen yap\u0131larda hibe ve kredi desteklerini g\u00fcvence alt\u0131na ald\u0131k&#8221; dedi.<\/p>\n\n\n\n<p class=\"wp-block-paragraph\">Resmi Gazete&#8217;de yay\u0131mlanan kanun ile 7452 Say\u0131l\u0131 Ola\u011fan\u00fcst\u00fc Hal Kapsam\u0131nda Yerle\u015fme ve Yap\u0131la\u015fmaya \u0130li\u015fkin Cumhurba\u015fkanl\u0131\u011f\u0131 Kararnamesinin Kabul Edilmesine Dair Kanun&#8217;un Ek 1&#8217;inci Maddesi&#8217;nde de\u011fi\u015fikli\u011fe gidildi. 6, 7 ve 9&#8217;uncu f\u0131kralar\u0131nda esasl\u0131 de\u011fi\u015fiklikler yap\u0131ld\u0131 ve 10&#8217;uncu f\u0131kra eklendi. 6 \u015eubat 2023&#8217;te meydana gelen depremler sonucu ma\u011fdur olan hak sahiplerine verilen hibe ve kredilerin haczedilmemesi, ihtiyati tedbir ve ihtiyati haciz konulamamas\u0131 y\u00f6n\u00fcnde d\u00fczenlemeler yap\u0131ld\u0131. Devlet eliyle (AFAD-Bakanl\u0131k) yap\u0131lan konut ve i\u015f yerlerinin yan\u0131 s\u0131ra Yerinde D\u00f6n\u00fc\u015f\u00fcm Projesi kapsam\u0131ndaki hibe ve kredi ile yap\u0131lan konut, i\u015f yeri, samanl\u0131klar\u0131n \u00fczerinde bulundu\u011fu ta\u015f\u0131nmazlar\u0131n hak sahiplerine sat\u0131\u015f\u0131na y\u00f6nelik uygulamalar\u0131n hukuki kapsam\u0131 netle\u015ftirildi.<\/p>\n\n\n\n<p class=\"wp-block-paragraph\">Bu de\u011fi\u015fikliklerle hibe ve kredi \u00f6deneklerinin tahsis edilece\u011fi b\u00fct\u00e7e, \u00c7evre, \u015eehircilik ve \u0130klim De\u011fi\u015fikli\u011fi Bakanl\u0131\u011f\u0131&#8217;ndan Kentsel D\u00f6n\u00fc\u015f\u00fcm Ba\u015fkanl\u0131\u011f\u0131&#8217;na devredildi. Kanun kapsam\u0131nda verilen hibe ve krediler i\u00e7in haciz, temlik, takas, rehin ve ihtiyati tedbir yasa\u011f\u0131 getirildi.<\/p>\n\n\n\n<p class=\"wp-block-paragraph\">Y\u00dcZDE 10 PE\u015e\u0130NAT, 5 YIL FA\u0130ZS\u0130Z TAKS\u0130T<\/p>\n\n\n\n<p class=\"wp-block-paragraph\">\u00c7evre, \u015eehircilik ve \u0130klim De\u011fi\u015fikli\u011fi Bakanl\u0131\u011f\u0131&#8217;ndan yap\u0131lan a\u00e7\u0131klamaya g\u00f6re; hibe ve kredi destekleriyle \u00fczerinde yap\u0131la\u015fma ger\u00e7ekle\u015ftirilen Hazine ta\u015f\u0131nmazlar\u0131n\u0131n, rayi\u00e7 bedelin yar\u0131s\u0131 \u00fczerinden hak sahiplerine taksitli ve faizsiz sat\u0131\u015f\u0131na imkan tan\u0131nd\u0131. Buna g\u00f6re; hibe ve kredi destekleri ile \u00fczerinde konut, i\u015f yeri ve ah\u0131rl\u0131 konut yap\u0131lan ve y\u00fcz \u00f6l\u00e7\u00fcm\u00fc en fazla bin metrekare olan Hazine ta\u015f\u0131nmazlar\u0131, Hazine taraf\u0131ndan Kentsel D\u00f6n\u00fc\u015f\u00fcm Ba\u015fkanl\u0131\u011f\u0131&#8217;na bedelsiz devredilecek. Ba\u015fkanl\u0131k bu ta\u015f\u0131nmazlar\u0131n, rayi\u00e7 bedelin yar\u0131s\u0131 \u00fczerinden pe\u015fin ya da y\u00fczde 10&#8217;u pe\u015fin \u00f6denmek \u00fczere 5 y\u0131la kadar taksitle ve faizsiz olarak sat\u0131\u015f\u0131n\u0131 ger\u00e7ekle\u015ftirilebilecek. Tahsil edilen tutarlar D\u00f6n\u00fc\u015f\u00fcm Projeleri \u00d6zel Hesab\u0131&#8217;na gelir kaydedilecek. Bu d\u00fczenleme ile mera, Hazine ve tespit harici alanlarda kendi imkanlar\u0131yla yap\u0131 in\u015fa eden afetzedelere; \u00fczerinde in\u015faat yapt\u0131klar\u0131 ta\u015f\u0131nmaz\u0131 uygun \u015fartlarla sat\u0131n alma imkan\u0131 tan\u0131n\u0131rken, ayn\u0131 zamanda kulland\u0131r\u0131lan kredinin geri \u00f6denmesinin teminat alt\u0131na al\u0131nmas\u0131n\u0131 sa\u011fland\u0131.<\/p>\n\n\n\n<p class=\"wp-block-paragraph\">CAYMA VE \u0130ADE KABUL ED\u0130LMEYECEK<\/p>\n\n\n\n<p class=\"wp-block-paragraph\">Devlet eliyle \u00fcretilen konutlardan anahtar\u0131n\u0131 teslim alanlar\u0131n cayma ve teslim ald\u0131klar\u0131 konutlar\u0131n\u0131 iade i\u015flemlerinin \u00f6n\u00fc kapat\u0131ld\u0131. Bu sayede hak sahibinin teslim ald\u0131\u011f\u0131 ba\u011f\u0131ms\u0131z b\u00f6l\u00fcmden vazge\u00e7ip, ta\u015f\u0131nmaz\u0131 ikinci el konumunda kamu stokuna iade etmesi engellenmi\u015f olacak. Yine d\u00fczenleme ile hak sahiplerince teslim al\u0131nmayan ba\u011f\u0131ms\u0131z b\u00f6l\u00fcmlerin Hazine&#8217;den Kentsel D\u00f6n\u00fc\u015f\u00fcm Ba\u015fkanl\u0131\u011f\u0131&#8217;na bedelsiz devri ve Ba\u015fkanl\u0131k\u00e7a sat\u0131\u015f\u0131\/de\u011ferlendirilmesi imkan\u0131 tan\u0131nd\u0131. Ba\u015fkanl\u0131k, s\u00f6z konusu ba\u011f\u0131ms\u0131z b\u00f6l\u00fcmleri rayi\u00e7 bedeli \u00fczerinden ve 2886 say\u0131l\u0131 Devlet \u0130hale Kanunu h\u00fck\u00fcmlerinden istisna tutarak satabilecek. Sat\u0131\u015ftan elde edilecek gelir D\u00f6n\u00fc\u015f\u00fcm Projeleri \u00d6zel Hesab\u0131&#8217;na irat kaydedilecek. Alternatif olarak bu ba\u011f\u0131ms\u0131z b\u00f6l\u00fcmler, 6306 say\u0131l\u0131 Afet Riski Alt\u0131ndaki Alanlar\u0131n D\u00f6n\u00fc\u015ft\u00fcr\u00fclmesi Hakk\u0131nda Kanun kapsam\u0131ndaki d\u00f6n\u00fc\u015f\u00fcm uygulamalar\u0131nda de\u011ferlendirilebilecek.<\/p>\n\n\n\n<p class=\"wp-block-paragraph\">YER\u0130NDE D\u00d6N\u00dc\u015e\u00dcM\u00dcN KAPSAMI BEL\u0130RLEND\u0130<\/p>\n\n\n\n<p class=\"wp-block-paragraph\">Eklenen 10&#8217;uncu f\u0131kra Ek 1&#8217;inci madde h\u00fck\u00fcmlerinin yaln\u0131zca alt\u0131nc\u0131 f\u0131kra uyar\u0131nca hibe ve kredi deste\u011fi verilen yap\u0131lara y\u00f6nelik uygulanmas\u0131n\u0131 kapsar hale getirildi. Ayr\u0131ca, istisnai olarak, 7269 say\u0131l\u0131 Kanun kapsam\u0131nda hak sahiplerine teslim edilmek \u00fczere Bakanl\u0131k taraf\u0131ndan \u00fcretilen yap\u0131lar bak\u0131m\u0131ndan 9&#8217;uncu f\u0131kran\u0131n ilgili h\u00fck\u00fcmlerinin uygulanmas\u0131na da devam edilecek.<\/p>\n\n\n\n<p class=\"wp-block-paragraph\">BAKAN KURUM: H\u0130BE VE KRED\u0130 DESTEKLER\u0130N\u0130 G\u00dcVENCEYE ALDIK<\/p>\n\n\n\n<p class=\"wp-block-paragraph\">\u00c7evre, \u015eehircilik ve \u0130klim De\u011fi\u015fikli\u011fi Bakan\u0131 Murat Kurum, sanal medya hesab\u0131ndan yapt\u0131\u011f\u0131 payla\u015f\u0131mda &#8220;Torba kanununla hayata ge\u00e7irdi\u011fimiz d\u00fczenlemelerden biri de deprem b\u00f6lgesinde yerinde d\u00f6n\u00fc\u015f\u00fcmle in\u015fa edilen yap\u0131larla ilgili. Yerinde d\u00f6n\u00fc\u015f\u00fcm kapsam\u0131nda in\u015fa edilen yap\u0131larda hibe ve kredi desteklerini g\u00fcvence alt\u0131na ald\u0131k. Hazine ta\u015f\u0131nmazlar\u0131nda y\u00fczde 10 pe\u015fin, 5 y\u0131l faizsiz taksit imkan\u0131 getirdik. Kamu kaynaklar\u0131n\u0131 korumak amac\u0131yla da cayma ve iade uygulamalar\u0131na son verdik. Hay\u0131rl\u0131 olsun&#8221; ifadelerini kulland\u0131.<\/p>\n","protected":false},"excerpt":{"rendered":"<p>Depremzedelere hibe ve kredi destekleri g\u00fcvence alt\u0131na al\u0131nd\u0131; ta\u015f\u0131nmaz sat\u0131\u015f\u0131nda yeni d\u00fczenlemeler yap\u0131ld\u0131. TAPU Kanunu<\/p>\n","protected":false},"author":1,"featured_media":1961,"comment_status":"open","ping_status":"open","sticky":false,"template":"","format":"standard","meta":{"_rtcl_gb_attr":"","footnotes":""},"categories":[14,1],"tags":[],"class_list":["post-1960","post","type-post","status-publish","format-standard","has-post-thumbnail","hentry","category-ekonomi","category-http-turkiyemhaber-com-wp-content-uploads-2026-03-saray-59-haber-13-mart-pdf"],"_links":{"self":[{"href":"https:\/\/turkiyemhaber.com\/index.php?rest_route=\/wp\/v2\/posts\/1960","targetHints":{"allow":["GET"]}}],"collection":[{"href":"https:\/\/turkiyemhaber.com\/index.php?rest_route=\/wp\/v2\/posts"}],"about":[{"href":"https:\/\/turkiyemhaber.com\/index.php?rest_route=\/wp\/v2\/types\/post"}],"author":[{"embeddable":true,"href":"https:\/\/turkiyemhaber.com\/index.php?rest_route=\/wp\/v2\/users\/1"}],"replies":[{"embeddable":true,"href":"https:\/\/turkiyemhaber.com\/index.php?rest_route=%2Fwp%2Fv2%2Fcomments&post=1960"}],"version-history":[{"count":1,"href":"https:\/\/turkiyemhaber.com\/index.php?rest_route=\/wp\/v2\/posts\/1960\/revisions"}],"predecessor-version":[{"id":1962,"href":"https:\/\/turkiyemhaber.com\/index.php?rest_route=\/wp\/v2\/posts\/1960\/revisions\/1962"}],"wp:featuredmedia":[{"embeddable":true,"href":"https:\/\/turkiyemhaber.com\/index.php?rest_route=\/wp\/v2\/media\/1961"}],"wp:attachment":[{"href":"https:\/\/turkiyemhaber.com\/index.php?rest_route=%2Fwp%2Fv2%2Fmedia&parent=1960"}],"wp:term":[{"taxonomy":"category","embeddable":true,"href":"https:\/\/turkiyemhaber.com\/index.php?rest_route=%2Fwp%2Fv2%2Fcategories&post=1960"},{"taxonomy":"post_tag","embeddable":true,"href":"https:\/\/turkiyemhaber.com\/index.php?rest_route=%2Fwp%2Fv2%2Ftags&post=1960"}],"curies":[{"name":"wp","href":"https:\/\/api.w.org\/{rel}","templated":true}]}}