{"id":1957,"date":"2026-05-22T08:12:29","date_gmt":"2026-05-22T08:12:29","guid":{"rendered":"https:\/\/turkiyemhaber.com\/?p=1957"},"modified":"2026-05-22T08:12:33","modified_gmt":"2026-05-22T08:12:33","slug":"kurban-bayrami-oncesi-gida-denetimleri","status":"publish","type":"post","link":"https:\/\/turkiyemhaber.com\/?p=1957","title":{"rendered":"Kurban Bayram\u0131 \u00d6ncesi G\u0131da Denetimleri"},"content":{"rendered":"\n<p class=\"wp-block-paragraph\">Bakan Yumakl\u0131, Kurban Bayram\u0131 \u00f6ncesi 40 bin g\u0131da denetimi yap\u0131ld\u0131\u011f\u0131n\u0131 duyurdu, g\u00fcvenilir g\u0131da vurgusu yapt\u0131.<\/p>\n\n\n\n<p class=\"wp-block-paragraph\">TARIM ve Orman Bakan\u0131 \u0130brahim Yumakl\u0131, Kurban Bayram\u0131 \u00f6ncesinde kasapl\u0131k faaliyeti yapan i\u015fletmeler ile tatl\u0131, unlu mamuller, \u015feker ve \u015fekerli mamullerin \u00fcretim ve sat\u0131\u015f\u0131n\u0131 yapan i\u015fletmelere y\u00f6nelik 40 bine yak\u0131n denetim yapt\u0131klar\u0131n\u0131 bildirdi.<\/p>\n\n\n\n<p class=\"wp-block-paragraph\">Bakan Yumakl\u0131, yapt\u0131\u011f\u0131 a\u00e7\u0131klamada, vatanda\u015flar\u0131n sa\u011fl\u0131kl\u0131 ve g\u00fcvenilir g\u0131da t\u00fcketmeleri i\u00e7in Bakanl\u0131k olarak rutin faaliyetlerin yan\u0131 s\u0131ra, g\u0131da t\u00fcketiminin artt\u0131\u011f\u0131 d\u00f6nemlerde ayr\u0131ca sekt\u00f6rel denetimler ger\u00e7ekle\u015ftirdiklerine i\u015faret etti. Bu kapsamda Kurban Bayram\u0131 \u00f6ncesinde de yo\u011fun bir s\u00fcre\u00e7 ba\u015flatt\u0131klar\u0131n\u0131 vurgulayan Yumakl\u0131, \u015fu ifadelerini kulland\u0131:<\/p>\n\n\n\n<p class=\"wp-block-paragraph\">&#8220;Ekiplerimiz ilk olarak kasapl\u0131k faaliyeti yapan i\u015fletmelere gitti. Buralarda k\u0131yma makineleri, b\u0131\u00e7aklar ve di\u011fer ekipmanlar\u0131n temizlik ve dezenfeksiyon durumlar\u0131 ile uygun ko\u015fullarda muhafaza edilip edilmedi\u011fini inceliyorlar. Bayram sonuna kadar bu faaliyetlerine devam edecekler. Di\u011fer yandan, tatl\u0131, unlu mamuller, \u015feker ve \u015fekerli mamullerin \u00fcretim ve sat\u0131\u015f\u0131n\u0131 yapan i\u015fletmelere y\u00f6nelik kontrolleri de s\u0131kla\u015ft\u0131rd\u0131k. Bunlarda \u00fcr\u00fcnlerin son t\u00fcketim tarihleri, etiket bilgileri, katk\u0131 maddeleri, muhafaza ko\u015fullar\u0131, \u00fcretim ortam\u0131n\u0131n hijyen durumu ve \u00e7al\u0131\u015fan hijyeni gibi hususlar\u0131 ayr\u0131nt\u0131l\u0131 \u015fekilde inceliyoruz. Bu faaliyetlerimize de bayram sonuna kadar devam edece\u011fiz. Ayr\u0131ca lokanta, restoran ve benzeri toplu t\u00fcketim i\u015fletmelerindeki kontrollere de a\u011f\u0131rl\u0131k verdik. \u015eu ana kadar sadece bayrama y\u00f6nelik 40 bine yak\u0131n g\u0131da denetimi ger\u00e7ekle\u015ftirdik.&#8221;<\/p>\n\n\n\n<p class=\"wp-block-paragraph\">&#8216;G\u00dcVEN\u0130L\u0130R GIDA KIRMIZI \u00c7\u0130ZG\u0130M\u0130ZD\u0130R&#8217;<\/p>\n\n\n\n<p class=\"wp-block-paragraph\">Bakan Yumakl\u0131, b\u00fct\u00fcn bu denetimlerdeki ama\u00e7lar\u0131n\u0131n i\u015fletmelere ceza yazmak de\u011fil; onlara yol g\u00f6stermek, rehberlik etmek ve vatanda\u015flar\u0131n g\u00fcvenilir g\u0131daya eri\u015fimini birlikte sa\u011flamak oldu\u011funu vurgulad\u0131. Yumakl\u0131, &#8220;Son denetimlerimizde i\u015fletmelerimizin ve esnaf\u0131m\u0131z\u0131n kahir ekseriyetle kurallara uydu\u011funu g\u00f6rmek bizleri memnun etti. Elbette kurallara uymayanlara gerekli yapt\u0131r\u0131mlar uygulanm\u0131\u015ft\u0131r ve uygulanmaya devam edilecektir. Ancak i\u015fini hakk\u0131yla yapan esnaf\u0131m\u0131za ve i\u015fletmelerimize \u00f6zellikle te\u015fekk\u00fcr etmek istiyorum. Hep s\u00f6yledi\u011fimiz gibi, g\u00fcvenilir g\u0131da bizim k\u0131rm\u0131z\u0131 \u00e7izgimizdir. Bundan asla taviz vermeden vatanda\u015f\u0131m\u0131z\u0131n g\u00fcvenli ve sa\u011fl\u0131kl\u0131 g\u0131daya ula\u015fmas\u0131 i\u00e7in 7\/24 \u00e7al\u0131\u015faca\u011f\u0131z&#8221; dedi.<\/p>\n\n\n\n<p class=\"wp-block-paragraph\">En iyi denet\u00e7inin t\u00fcketicinin kendisi oldu\u011funu belirten Bakan Yumakl\u0131, vatanda\u015flar\u0131n g\u00f6rd\u00fckleri uygunsuzluklar\u0131 &#8216;G\u00fcvenilir G\u0131da&#8217; mobil uygulamas\u0131 \u00fczerinden iletmeleri \u00e7a\u011fr\u0131s\u0131nda bulundu.<\/p>\n","protected":false},"excerpt":{"rendered":"<p>Bakan Yumakl\u0131, Kurban Bayram\u0131 \u00f6ncesi 40 bin g\u0131da denetimi yap\u0131ld\u0131\u011f\u0131n\u0131 duyurdu, g\u00fcvenilir g\u0131da vurgusu yapt\u0131.<\/p>\n","protected":false},"author":1,"featured_media":1958,"comment_status":"open","ping_status":"open","sticky":false,"template":"","format":"standard","meta":{"_rtcl_gb_attr":"","footnotes":""},"categories":[1],"tags":[],"class_list":["post-1957","post","type-post","status-publish","format-standard","has-post-thumbnail","hentry","category-http-turkiyemhaber-com-wp-content-uploads-2026-03-saray-59-haber-13-mart-pdf"],"_links":{"self":[{"href":"https:\/\/turkiyemhaber.com\/index.php?rest_route=\/wp\/v2\/posts\/1957","targetHints":{"allow":["GET"]}}],"collection":[{"href":"https:\/\/turkiyemhaber.com\/index.php?rest_route=\/wp\/v2\/posts"}],"about":[{"href":"https:\/\/turkiyemhaber.com\/index.php?rest_route=\/wp\/v2\/types\/post"}],"author":[{"embeddable":true,"href":"https:\/\/turkiyemhaber.com\/index.php?rest_route=\/wp\/v2\/users\/1"}],"replies":[{"embeddable":true,"href":"https:\/\/turkiyemhaber.com\/index.php?rest_route=%2Fwp%2Fv2%2Fcomments&post=1957"}],"version-history":[{"count":1,"href":"https:\/\/turkiyemhaber.com\/index.php?rest_route=\/wp\/v2\/posts\/1957\/revisions"}],"predecessor-version":[{"id":1959,"href":"https:\/\/turkiyemhaber.com\/index.php?rest_route=\/wp\/v2\/posts\/1957\/revisions\/1959"}],"wp:featuredmedia":[{"embeddable":true,"href":"https:\/\/turkiyemhaber.com\/index.php?rest_route=\/wp\/v2\/media\/1958"}],"wp:attachment":[{"href":"https:\/\/turkiyemhaber.com\/index.php?rest_route=%2Fwp%2Fv2%2Fmedia&parent=1957"}],"wp:term":[{"taxonomy":"category","embeddable":true,"href":"https:\/\/turkiyemhaber.com\/index.php?rest_route=%2Fwp%2Fv2%2Fcategories&post=1957"},{"taxonomy":"post_tag","embeddable":true,"href":"https:\/\/turkiyemhaber.com\/index.php?rest_route=%2Fwp%2Fv2%2Ftags&post=1957"}],"curies":[{"name":"wp","href":"https:\/\/api.w.org\/{rel}","templated":true}]}}