{"id":1954,"date":"2026-05-22T08:10:53","date_gmt":"2026-05-22T08:10:53","guid":{"rendered":"https:\/\/turkiyemhaber.com\/?p=1954"},"modified":"2026-05-22T08:10:57","modified_gmt":"2026-05-22T08:10:57","slug":"siirtin-marka-degeri-zivzik-nari-tescillendi","status":"publish","type":"post","link":"https:\/\/turkiyemhaber.com\/?p=1954","title":{"rendered":"Siirt&#8217;in marka de\u011feri &#8220;Zivzik nar\u0131&#8221; tescillendi"},"content":{"rendered":"\n<p class=\"wp-block-paragraph\">Siirt&#8217;in \u00f6nemli tar\u0131msal de\u011ferlerinden Zivzik nar\u0131, T\u00fcrk Patent ve Marka Kurumu taraf\u0131ndan co\u011frafi i\u015faret tescili alarak kentin 14&#8217;\u00fcnc\u00fc tescilli \u00fcr\u00fcn\u00fc oldu. Vali Kemal K\u0131z\u0131lkaya, \u00fcr\u00fcn\u00fcn marka de\u011ferine vurgu yapt\u0131.<\/p>\n\n\n\n<p class=\"wp-block-paragraph\">Siirt&#8217;in \u00f6nemli tar\u0131msal de\u011ferlerinden biri olan Zivzik nar\u0131, T\u00fcrk Patent ve Marka Kurumu taraf\u0131ndan co\u011frafi i\u015faret tescili alarak kentin 14&#8217;\u00fcnc\u00fc tescilli \u00fcr\u00fcn\u00fc oldu.<\/p>\n\n\n\n<p class=\"wp-block-paragraph\">Siirt Valisi ve Belediye Ba\u015fkan Vekili Kemal K\u0131z\u0131lkaya, yapt\u0131\u011f\u0131 a\u00e7\u0131klamada Siirt&#8217;in kadim de\u011ferlerinin korunarak gelece\u011fe ta\u015f\u0131nd\u0131\u011f\u0131n\u0131 belirtti. Vali K\u0131z\u0131lkaya, uzun s\u00fcre tazeli\u011fini korumas\u0131yla bilinen ve \u015fifa kayna\u011f\u0131 olarak g\u00f6r\u00fclen Zivzik nar\u0131n\u0131n, kentin \u00f6nemli marka de\u011ferlerinden biri oldu\u011funu ifade etti. Co\u011frafi i\u015faret tescil belgesi, &#8220;T\u00fcrk Mutfa\u011f\u0131 Haftas\u0131&#8221; etkinlikleri kapsam\u0131nda Tar\u0131m ve Orman \u0130l M\u00fcd\u00fcr\u00fc Mustafa \u015eanverdi taraf\u0131ndan Vali K\u0131z\u0131lkaya&#8217;ya takdim edildi. Etkinlikte, Siirt&#8217;e \u00f6zg\u00fc yerel \u00fcr\u00fcnlerin korunmas\u0131, markala\u015ft\u0131r\u0131lmas\u0131 ve gastronomi turizmine kazand\u0131r\u0131lmas\u0131na y\u00f6nelik \u00e7al\u0131\u015fmalar\u0131n \u00f6nemine vurgu yap\u0131ld\u0131. &#8211; S\u0130\u0130RT<\/p>\n","protected":false},"excerpt":{"rendered":"<p>Siirt&#8217;in \u00f6nemli tar\u0131msal de\u011ferlerinden Zivzik nar\u0131, T\u00fcrk Patent ve Marka Kurumu taraf\u0131ndan co\u011frafi i\u015faret tescili<\/p>\n","protected":false},"author":1,"featured_media":1955,"comment_status":"open","ping_status":"open","sticky":false,"template":"","format":"standard","meta":{"_rtcl_gb_attr":"","footnotes":""},"categories":[1],"tags":[],"class_list":["post-1954","post","type-post","status-publish","format-standard","has-post-thumbnail","hentry","category-http-turkiyemhaber-com-wp-content-uploads-2026-03-saray-59-haber-13-mart-pdf"],"_links":{"self":[{"href":"https:\/\/turkiyemhaber.com\/index.php?rest_route=\/wp\/v2\/posts\/1954","targetHints":{"allow":["GET"]}}],"collection":[{"href":"https:\/\/turkiyemhaber.com\/index.php?rest_route=\/wp\/v2\/posts"}],"about":[{"href":"https:\/\/turkiyemhaber.com\/index.php?rest_route=\/wp\/v2\/types\/post"}],"author":[{"embeddable":true,"href":"https:\/\/turkiyemhaber.com\/index.php?rest_route=\/wp\/v2\/users\/1"}],"replies":[{"embeddable":true,"href":"https:\/\/turkiyemhaber.com\/index.php?rest_route=%2Fwp%2Fv2%2Fcomments&post=1954"}],"version-history":[{"count":1,"href":"https:\/\/turkiyemhaber.com\/index.php?rest_route=\/wp\/v2\/posts\/1954\/revisions"}],"predecessor-version":[{"id":1956,"href":"https:\/\/turkiyemhaber.com\/index.php?rest_route=\/wp\/v2\/posts\/1954\/revisions\/1956"}],"wp:featuredmedia":[{"embeddable":true,"href":"https:\/\/turkiyemhaber.com\/index.php?rest_route=\/wp\/v2\/media\/1955"}],"wp:attachment":[{"href":"https:\/\/turkiyemhaber.com\/index.php?rest_route=%2Fwp%2Fv2%2Fmedia&parent=1954"}],"wp:term":[{"taxonomy":"category","embeddable":true,"href":"https:\/\/turkiyemhaber.com\/index.php?rest_route=%2Fwp%2Fv2%2Fcategories&post=1954"},{"taxonomy":"post_tag","embeddable":true,"href":"https:\/\/turkiyemhaber.com\/index.php?rest_route=%2Fwp%2Fv2%2Ftags&post=1954"}],"curies":[{"name":"wp","href":"https:\/\/api.w.org\/{rel}","templated":true}]}}