{"id":1948,"date":"2026-05-22T08:08:13","date_gmt":"2026-05-22T08:08:13","guid":{"rendered":"https:\/\/turkiyemhaber.com\/?p=1948"},"modified":"2026-05-22T08:08:17","modified_gmt":"2026-05-22T08:08:17","slug":"malatyada-meyve-uretiminde-olumlu-beklenti","status":"publish","type":"post","link":"https:\/\/turkiyemhaber.com\/?p=1948","title":{"rendered":"Malatya&#8217;da Meyve \u00dcretiminde Olumlu Beklenti"},"content":{"rendered":"\n<p class=\"wp-block-paragraph\">Yunus K\u0131l\u0131n\u00e7, Malatya&#8217;da bu y\u0131l meyve \u00fcr\u00fcnlerinde olumlu bir sezon beklediklerini a\u00e7\u0131klad\u0131.<\/p>\n\n\n\n<p class=\"wp-block-paragraph\">T\u00fcrkiye Ziraat Odalar\u0131 Birli\u011fi (TZOB) Y\u00f6netim Kurulu \u00dcyesi ve Yaz\u0131han Ziraat Odas\u0131 Ba\u015fkan\u0131 Yunus K\u0131l\u0131n\u00e7, Malatya&#8217;da dalbast\u0131 kiraz\u0131 ba\u015fta olmak \u00fczere elma, ceviz ve \u00fcz\u00fcm gibi meyve t\u00fcrlerinde bu y\u0131l i\u00e7in olumlu bir sezon beklendi\u011fini s\u00f6yledi.<\/p>\n\n\n\n<p class=\"wp-block-paragraph\">T\u00fcrkiye Ziraat Odalar\u0131 Birli\u011fi Y\u00f6netim Kurulu \u00dcyesi ve Yaz\u0131han Ziraat Odas\u0131 Ba\u015fkan\u0131 Yunus K\u0131l\u0131n\u00e7, 2025 y\u0131l\u0131nda ya\u015fanan zirai don nedeniyle kay\u0131s\u0131n\u0131n yan\u0131 s\u0131ra kentte dalbast\u0131 kiraz\u0131 ve di\u011fer meyve a\u011fa\u00e7lar\u0131n\u0131n da zarar g\u00f6rd\u00fc\u011f\u00fcn\u00fc ve o y\u0131l \u00fcr\u00fcn al\u0131namad\u0131\u011f\u0131n\u0131 hat\u0131rlatt\u0131. Yunus K\u0131l\u0131n\u00e7, bu y\u0131l ise a\u011fa\u00e7lar\u0131n kendini toparlad\u0131\u011f\u0131n\u0131 belirtip \u00fcretim potansiyelinin yeniden y\u00fckseldi\u011fini ve bah\u00e7elerde toparlanma s\u00fcrecinin belirgin \u015fekilde devam etti\u011fini ifade etti.<\/p>\n\n\n\n<p class=\"wp-block-paragraph\">Ba\u015fkan K\u0131l\u0131n\u00e7, kay\u0131s\u0131n\u0131n \u00e7i\u00e7eklenme ve yapraklanma s\u00fcrecinin di\u011fer meyvelerden farkl\u0131 ilerledi\u011fini belirtti. K\u0131l\u0131n\u00e7, kay\u0131s\u0131n\u0131n \u00f6nce \u00e7i\u00e7ek a\u00e7\u0131p ard\u0131ndan yaprakland\u0131\u011f\u0131n\u0131, di\u011fer meyve t\u00fcrlerinde ise bu s\u00fcrecin genellikle \u00f6nce yaprak sonra \u00e7i\u00e7ek \u015feklinde ger\u00e7ekle\u015fti\u011fini ifade etti. Dalbast\u0131 kiraz\u0131nda bu y\u0131l \u00e7i\u00e7eklenme d\u00f6neminin iyi ge\u00e7ti\u011fini ifade eden K\u0131l\u0131n\u00e7, y\u00fcksek verim beklentisi bulundu\u011funu s\u00f6yledi.<\/p>\n\n\n\n<p class=\"wp-block-paragraph\">Elma ve di\u011fer meyve t\u00fcrlerinde de genel durumun olumlu oldu\u011funu kaydeden K\u0131l\u0131n\u00e7, &#8220;\u015eu anda elmada, dalbast\u0131 kiraz\u0131nda a\u011fa\u00e7lar \u00e7i\u00e7ek durumunda. G\u00fczel bir meyve olaca\u011f\u0131n\u0131 bekliyoruz. \u0130n\u015fallah bundan sonra herhangi bir afet ya\u015famazsak di\u011fer meyve t\u00fcrlerinde s\u0131k\u0131nt\u0131 olmayacakt\u0131r&#8221; dedi.<\/p>\n\n\n\n<p class=\"wp-block-paragraph\">Malatya&#8217;n\u0131n bir\u00e7ok il\u00e7esinde yeti\u015fen \u00fcr\u00fcnlerin kendine \u00f6zg\u00fc lezzet ta\u015f\u0131d\u0131\u011f\u0131n\u0131 ifade eden K\u0131l\u0131n\u00e7, &#8220;Ak\u00e7ada\u011f armudu, Ye\u015filyurt kiraz\u0131, Hekimhan cevizi, Arapgir \u00fcz\u00fcm\u00fc ve Do\u011fan\u015fehir elmas\u0131 ayr\u0131 bir de\u011ferdir. Malatya bir lezzetler \u015fehridir&#8221; diye konu\u015ftu. &#8211; MALATYA<\/p>\n","protected":false},"excerpt":{"rendered":"<p>Yunus K\u0131l\u0131n\u00e7, Malatya&#8217;da bu y\u0131l meyve \u00fcr\u00fcnlerinde olumlu bir sezon beklediklerini a\u00e7\u0131klad\u0131. T\u00fcrkiye Ziraat Odalar\u0131<\/p>\n","protected":false},"author":1,"featured_media":1949,"comment_status":"open","ping_status":"open","sticky":false,"template":"","format":"standard","meta":{"_rtcl_gb_attr":"","footnotes":""},"categories":[14],"tags":[],"class_list":["post-1948","post","type-post","status-publish","format-standard","has-post-thumbnail","hentry","category-ekonomi"],"_links":{"self":[{"href":"https:\/\/turkiyemhaber.com\/index.php?rest_route=\/wp\/v2\/posts\/1948","targetHints":{"allow":["GET"]}}],"collection":[{"href":"https:\/\/turkiyemhaber.com\/index.php?rest_route=\/wp\/v2\/posts"}],"about":[{"href":"https:\/\/turkiyemhaber.com\/index.php?rest_route=\/wp\/v2\/types\/post"}],"author":[{"embeddable":true,"href":"https:\/\/turkiyemhaber.com\/index.php?rest_route=\/wp\/v2\/users\/1"}],"replies":[{"embeddable":true,"href":"https:\/\/turkiyemhaber.com\/index.php?rest_route=%2Fwp%2Fv2%2Fcomments&post=1948"}],"version-history":[{"count":1,"href":"https:\/\/turkiyemhaber.com\/index.php?rest_route=\/wp\/v2\/posts\/1948\/revisions"}],"predecessor-version":[{"id":1950,"href":"https:\/\/turkiyemhaber.com\/index.php?rest_route=\/wp\/v2\/posts\/1948\/revisions\/1950"}],"wp:featuredmedia":[{"embeddable":true,"href":"https:\/\/turkiyemhaber.com\/index.php?rest_route=\/wp\/v2\/media\/1949"}],"wp:attachment":[{"href":"https:\/\/turkiyemhaber.com\/index.php?rest_route=%2Fwp%2Fv2%2Fmedia&parent=1948"}],"wp:term":[{"taxonomy":"category","embeddable":true,"href":"https:\/\/turkiyemhaber.com\/index.php?rest_route=%2Fwp%2Fv2%2Fcategories&post=1948"},{"taxonomy":"post_tag","embeddable":true,"href":"https:\/\/turkiyemhaber.com\/index.php?rest_route=%2Fwp%2Fv2%2Ftags&post=1948"}],"curies":[{"name":"wp","href":"https:\/\/api.w.org\/{rel}","templated":true}]}}