{"id":1945,"date":"2026-05-22T08:04:03","date_gmt":"2026-05-22T08:04:03","guid":{"rendered":"https:\/\/turkiyemhaber.com\/?p=1945"},"modified":"2026-05-22T08:04:08","modified_gmt":"2026-05-22T08:04:08","slug":"kutsoda-yogun-ziyaret-trafigi","status":"publish","type":"post","link":"https:\/\/turkiyemhaber.com\/?p=1945","title":{"rendered":"KUTSO&#8217;da yo\u011fun ziyaret trafi\u011fi"},"content":{"rendered":"\n<p class=\"wp-block-paragraph\">K\u00fctahya Ticaret ve Sanayi Odas\u0131 (KUTSO) Y\u00f6netim Kurulu Ba\u015fkan\u0131 Esin G\u00fcral Argat ve y\u00f6netim kurulu \u00fcyeleri, kentteki kurum, kurulu\u015f ve temsilcilerle bir araya gelerek \u015fehir planlamas\u0131, k\u00fclt\u00fcrel de\u011ferler, turizm potansiyeli, kad\u0131n giri\u015fimcili\u011fi ve ticari i\u015f birli\u011fi konular\u0131n\u0131 ele ald\u0131.<\/p>\n\n\n\n<p class=\"wp-block-paragraph\">K\u00fctahya Ticaret ve Sanayi Odas\u0131 Y\u00f6netim Kurulu Ba\u015fkan\u0131 Esin G\u00fcral Argat ve y\u00f6netim kurulu \u00fcyeleri, kentte faaliyet g\u00f6steren kurum, kurulu\u015f ve temsilcilerle bir araya gelmeye devam ediyor.<\/p>\n\n\n\n<p class=\"wp-block-paragraph\">KUTSO heyeti ilk olarak K\u00fctahya Mimarlar Odas\u0131 Y\u00f6netim Kurulu Ba\u015fkan\u0131 Yasin Karakuzu ve y\u00f6netim kurulu \u00fcyelerini ziyaret etti. G\u00f6r\u00fc\u015fmede \u015fehir planlamas\u0131, mimarl\u0131k alan\u0131nda y\u00fcr\u00fct\u00fclen \u00e7al\u0131\u015fmalar ve K\u00fctahya&#8217;n\u0131n geli\u015fimine katk\u0131 sa\u011flayabilecek proje \u00f6nerileri de\u011ferlendirildi. Kentsel geli\u015fim s\u00fcre\u00e7leri, estetik \u015fehirle\u015fme anlay\u0131\u015f\u0131 ve kurumlar aras\u0131 i\u015f birli\u011fi imkanlar\u0131 \u00fczerine fikir al\u0131\u015fveri\u015finde bulunulan ziyaret, iyi niyet temennileriyle sona erdi.<\/p>\n\n\n\n<p class=\"wp-block-paragraph\">KUTSO Ba\u015fkan\u0131 Esin G\u00fcral Argat ile Y\u00f6netim Kurulu Ba\u015fkan Vekili Emin Y\u00fcce, Y\u00f6netim Kurulu Sayman \u00dcyesi Tolga Eskio\u011flu ve y\u00f6netim kurulu \u00fcyeleri Fatih Alk\u0131\u015f ile Selman Hatipo\u011flu, \u00dclkemiz De\u011ferlerini Tan\u0131tma K\u00fclt\u00fcr ve Sanat\u0131m\u0131z\u0131 Geli\u015ftirme Derne\u011fi Y\u00f6netim Kurulu Ba\u015fkan\u0131 Abdurrahman Y\u0131ld\u0131z ve y\u00f6netimini de ziyaret etti. G\u00f6r\u00fc\u015fmede ortak \u00e7al\u0131\u015fmalar, i\u015f birli\u011fi imkanlar\u0131 ve k\u00fclt\u00fcrel de\u011ferlerin korunarak gelecek nesillere aktar\u0131lmas\u0131na y\u00f6nelik projeler ele al\u0131nd\u0131.<\/p>\n\n\n\n<p class=\"wp-block-paragraph\">\u00d6te yandan \u00c7avdarhisar Kaymakam\u0131 Murat Ak ile Belediye Ba\u015fkan\u0131 Halil \u0130brahim Topba\u015f da KUTSO&#8217;ya ziyarette bulundu. KUTSO hizmet binas\u0131nda ger\u00e7ekle\u015ftirilen g\u00f6r\u00fc\u015fmede \u00c7avdarhisar&#8217;\u0131n ekonomik, sosyal, k\u00fclt\u00fcrel ve turizm potansiyeli de\u011ferlendirildi. B\u00f6lgenin geli\u015fimine katk\u0131 sa\u011flayabilecek projeler ile tarihi ve k\u00fclt\u00fcrel de\u011ferlerin tan\u0131t\u0131m\u0131na y\u00f6nelik \u00e7al\u0131\u015fmalar masaya yat\u0131r\u0131ld\u0131.<\/p>\n\n\n\n<p class=\"wp-block-paragraph\">Avukat Ahmed Fuad Durmaz ile Murat Demir&#8217;in ger\u00e7ekle\u015ftirdi\u011fi nezaket ziyaretinde ise K\u00fctahya i\u015f d\u00fcnyas\u0131na ili\u015fkin g\u00fcncel ekonomik geli\u015fmeler, kurumlar aras\u0131 ileti\u015fim ve i\u015f birli\u011fi alanlar\u0131 \u00fczerine g\u00f6r\u00fc\u015f al\u0131\u015fveri\u015finde bulunuldu.<\/p>\n\n\n\n<p class=\"wp-block-paragraph\">KUTSO&#8217;da ger\u00e7ekle\u015fen bir di\u011fer ziyarette ise i\u015f insanlar\u0131 Ayten G\u00fcrensoy, Aynur Karaarslan ile Sema \u00d6ztu\u011fcu, KUTSO Ba\u015fkan\u0131 Esin G\u00fcral Argat ve Y\u00f6netim Kurulu \u00dcyesi Ahmet Saner G\u00f6n\u00fcl ile bir araya geldi. G\u00f6r\u00fc\u015fmede kad\u0131n giri\u015fimcili\u011finin desteklenmesi, yerel \u00fcretimin g\u00fc\u00e7lendirilmesi ve s\u00fcrd\u00fcr\u00fclebilir i\u015f birlikleri \u00fczerine de\u011ferlendirmeler yap\u0131ld\u0131.<\/p>\n\n\n\n<p class=\"wp-block-paragraph\">Ayr\u0131ca SERA AVM Operasyon M\u00fcd\u00fcr\u00fc Fehmi Bilgin, Muhasebe Sorumlusu Mustafa Taha Karako\u00e7 ile Halkla \u0130li\u015fkiler ve Pazarlama Sorumlusu Sanem Demir de KUTSO y\u00f6netimini ziyaret etti. G\u00f6r\u00fc\u015fmede K\u00fctahya&#8217;daki ticari faaliyetler, al\u0131\u015fveri\u015f merkezlerinin b\u00f6lge ekonomisine katk\u0131s\u0131 ve kurumlar aras\u0131 i\u015f birli\u011fi imkanlar\u0131 ele al\u0131nd\u0131. &#8211; K\u00dcTAHYA<\/p>\n","protected":false},"excerpt":{"rendered":"<p>K\u00fctahya Ticaret ve Sanayi Odas\u0131 (KUTSO) Y\u00f6netim Kurulu Ba\u015fkan\u0131 Esin G\u00fcral Argat ve y\u00f6netim kurulu<\/p>\n","protected":false},"author":1,"featured_media":1946,"comment_status":"open","ping_status":"open","sticky":false,"template":"","format":"standard","meta":{"_rtcl_gb_attr":"","footnotes":""},"categories":[14],"tags":[],"class_list":["post-1945","post","type-post","status-publish","format-standard","has-post-thumbnail","hentry","category-ekonomi"],"_links":{"self":[{"href":"https:\/\/turkiyemhaber.com\/index.php?rest_route=\/wp\/v2\/posts\/1945","targetHints":{"allow":["GET"]}}],"collection":[{"href":"https:\/\/turkiyemhaber.com\/index.php?rest_route=\/wp\/v2\/posts"}],"about":[{"href":"https:\/\/turkiyemhaber.com\/index.php?rest_route=\/wp\/v2\/types\/post"}],"author":[{"embeddable":true,"href":"https:\/\/turkiyemhaber.com\/index.php?rest_route=\/wp\/v2\/users\/1"}],"replies":[{"embeddable":true,"href":"https:\/\/turkiyemhaber.com\/index.php?rest_route=%2Fwp%2Fv2%2Fcomments&post=1945"}],"version-history":[{"count":1,"href":"https:\/\/turkiyemhaber.com\/index.php?rest_route=\/wp\/v2\/posts\/1945\/revisions"}],"predecessor-version":[{"id":1947,"href":"https:\/\/turkiyemhaber.com\/index.php?rest_route=\/wp\/v2\/posts\/1945\/revisions\/1947"}],"wp:featuredmedia":[{"embeddable":true,"href":"https:\/\/turkiyemhaber.com\/index.php?rest_route=\/wp\/v2\/media\/1946"}],"wp:attachment":[{"href":"https:\/\/turkiyemhaber.com\/index.php?rest_route=%2Fwp%2Fv2%2Fmedia&parent=1945"}],"wp:term":[{"taxonomy":"category","embeddable":true,"href":"https:\/\/turkiyemhaber.com\/index.php?rest_route=%2Fwp%2Fv2%2Fcategories&post=1945"},{"taxonomy":"post_tag","embeddable":true,"href":"https:\/\/turkiyemhaber.com\/index.php?rest_route=%2Fwp%2Fv2%2Ftags&post=1945"}],"curies":[{"name":"wp","href":"https:\/\/api.w.org\/{rel}","templated":true}]}}