{"id":1942,"date":"2026-05-22T08:02:37","date_gmt":"2026-05-22T08:02:37","guid":{"rendered":"https:\/\/turkiyemhaber.com\/?p=1942"},"modified":"2026-05-22T08:02:43","modified_gmt":"2026-05-22T08:02:43","slug":"kurbanlik-saticilarinin-cadir-cilesi","status":"publish","type":"post","link":"https:\/\/turkiyemhaber.com\/?p=1942","title":{"rendered":"Kurbanl\u0131k sat\u0131c\u0131lar\u0131n\u0131n \u00e7ad\u0131r \u00e7ilesi"},"content":{"rendered":"\n<p class=\"wp-block-paragraph\">Eski\u015fehir&#8217;de kurban bayram\u0131 \u00f6ncesi hayvan pazar\u0131na gelen besiciler, fiziki \u015fartlar\u0131n yetersizli\u011fi ve bak\u0131ms\u0131zl\u0131k nedeniyle ma\u011fdur olduklar\u0131n\u0131 belirterek yetkililere tepki g\u00f6sterdi.<\/p>\n\n\n\n<p class=\"wp-block-paragraph\">Eski\u015fehir&#8217;de kurban bayram\u0131 \u00f6ncesi hayvan pazar\u0131na gelen besiciler, alandaki fiziki \u015fartlar\u0131n yetersizli\u011finden ve pazar yerinin bak\u0131ms\u0131zl\u0131\u011f\u0131ndan dert yand\u0131. Yer \u00fccreti \u00f6demelerine ra\u011fmen \u00e7ad\u0131r ve oluk gibi temel ihtiya\u00e7lar\u0131n kar\u015f\u0131lanmad\u0131\u011f\u0131n\u0131 belirten sat\u0131c\u0131 Celal, &#8220;Hayvanlarla birlikte yat\u0131p kalk\u0131yoruz, so\u011fuktan hem biz hem de kurbanl\u0131klar\u0131m\u0131z hasta oluyor&#8221; diyerek yetkililere tepki g\u00f6sterdi.<\/p>\n\n\n\n<p class=\"wp-block-paragraph\">Yakla\u015fan Kurban Bayram\u0131 \u00f6ncesinde T\u00fcrkiye&#8217;nin d\u00f6rt bir yan\u0131ndan Eski\u015fehir&#8217;deki kurban pazar\u0131na gelen besiciler, ya\u015fad\u0131klar\u0131 ma\u011fduriyetleri dile getirdi. Aslen A\u011fr\u0131l\u0131 olan ve hayvanlar\u0131n\u0131 satmak i\u00e7in Eski\u015fehir&#8217;deki pazara getiren kurbanl\u0131k sat\u0131c\u0131s\u0131 Celal, kendilerine s\u00f6z verilen imkanlar\u0131n sa\u011flanmad\u0131\u011f\u0131n\u0131 iddia etti. Pazar alan\u0131nda g\u00fcbre d\u00f6kecek yer bulamad\u0131klar\u0131n\u0131, a\u00e7\u0131k alanlar sebebiyle s\u00fcrekli r\u00fczgar ve ya\u011fmura maruz kald\u0131klar\u0131n\u0131 belirten yeti\u015ftiriciler, y\u00fcksek yer \u00fccretlerine ra\u011fmen \u00e7ad\u0131r ve oluk gibi en temel kurulumlar\u0131 bile kendi imkanlar\u0131yla yapmak zorunda kald\u0131klar\u0131ndan yak\u0131nd\u0131.<\/p>\n\n\n\n<p class=\"wp-block-paragraph\">&#8220;7 tane hayvanl\u0131k yere 27 bin lira para \u00f6demi\u015fim&#8221;<\/p>\n\n\n\n<p class=\"wp-block-paragraph\">Pazar alan\u0131ndaki duruma isyan eden ve yetkililerden \u00e7\u00f6z\u00fcm bekleyen kurbanl\u0131k sat\u0131c\u0131s\u0131 Celal, &#8220;A\u011fr\u0131l\u0131y\u0131m aslen, Eski\u015fehir&#8217;de oturuyorum. Buraya pazara hayvanlar\u0131m\u0131z\u0131 \u00e7ekip satmak i\u00e7in geldik. Yatt\u0131\u011f\u0131m\u0131z yer tam bir rezalet. Burada g\u00fcbrenin at\u0131laca\u011f\u0131 bir yer yok. \u00dcstelik \u00e7ok cereyan yap\u0131yor, kenarlar a\u00e7\u0131k. Ya\u011fmur vuruyor, i\u00e7eri su al\u0131yor, so\u011fuktan \u00fc\u015f\u00fcyoruz. Banyo yapacak, kalacak yerimiz yok. Affedersiniz, hayvanlarla birlikte yat\u0131p kalk\u0131yoruz. Yetkililere s\u00f6yledik, &#8216;Tamam, halledece\u011fiz&#8217; diyorlar ama kalan yapan bir \u015fey yok. Ak\u015famlar\u0131 burada so\u011fukta kal\u0131yoruz, ma\u011fduruz&#8221; dedi.<\/p>\n\n\n\n<p class=\"wp-block-paragraph\">&#8220;Cereyan yap\u0131yor, hayvanlar\u0131m\u0131z da biz de hasta oluyoruz&#8221;<\/p>\n\n\n\n<p class=\"wp-block-paragraph\">Taleplerinin \u00f6nemsenmedi\u011fini ve y\u00fcksek mebla\u011flar \u00f6demelerine ra\u011fmen hizmet alamad\u0131klar\u0131n\u0131 aktaran yeti\u015ftirici Celal, &#8220;Belediyenin bu alan\u0131na hayvanlar\u0131m\u0131z\u0131 \u00e7ekerken &#8216;B\u00fct\u00fcn ihtiya\u00e7lar\u0131n\u0131z giderilecek&#8217; dendi. Paras\u0131n\u0131 da pe\u015fin \u00f6dedik. 7 tane hayvan alan bir patok yer i\u00e7in tam 27 bin lira para \u00f6demi\u015fim. Buna ra\u011fmen ne \u00e7ad\u0131r\u0131 var ne olu\u011fu; hepsini kendi imkanlar\u0131m\u0131zla yap\u0131yoruz. \u00dcstelik i\u00e7erisi \u00e7ok esiyor, hayvanlar\u0131m\u0131z hasta oluyor. Kendimiz de bizzat so\u011fuktan hasta oluyoruz zaten&#8221; \u015feklinde konu\u015farak sitemini dile getirdi. &#8211; ESK\u0130\u015eEH\u0130R<\/p>\n","protected":false},"excerpt":{"rendered":"<p>Eski\u015fehir&#8217;de kurban bayram\u0131 \u00f6ncesi hayvan pazar\u0131na gelen besiciler, fiziki \u015fartlar\u0131n yetersizli\u011fi ve bak\u0131ms\u0131zl\u0131k nedeniyle ma\u011fdur<\/p>\n","protected":false},"author":1,"featured_media":1943,"comment_status":"open","ping_status":"open","sticky":false,"template":"","format":"standard","meta":{"_rtcl_gb_attr":"","footnotes":""},"categories":[1],"tags":[],"class_list":["post-1942","post","type-post","status-publish","format-standard","has-post-thumbnail","hentry","category-http-turkiyemhaber-com-wp-content-uploads-2026-03-saray-59-haber-13-mart-pdf"],"_links":{"self":[{"href":"https:\/\/turkiyemhaber.com\/index.php?rest_route=\/wp\/v2\/posts\/1942","targetHints":{"allow":["GET"]}}],"collection":[{"href":"https:\/\/turkiyemhaber.com\/index.php?rest_route=\/wp\/v2\/posts"}],"about":[{"href":"https:\/\/turkiyemhaber.com\/index.php?rest_route=\/wp\/v2\/types\/post"}],"author":[{"embeddable":true,"href":"https:\/\/turkiyemhaber.com\/index.php?rest_route=\/wp\/v2\/users\/1"}],"replies":[{"embeddable":true,"href":"https:\/\/turkiyemhaber.com\/index.php?rest_route=%2Fwp%2Fv2%2Fcomments&post=1942"}],"version-history":[{"count":1,"href":"https:\/\/turkiyemhaber.com\/index.php?rest_route=\/wp\/v2\/posts\/1942\/revisions"}],"predecessor-version":[{"id":1944,"href":"https:\/\/turkiyemhaber.com\/index.php?rest_route=\/wp\/v2\/posts\/1942\/revisions\/1944"}],"wp:featuredmedia":[{"embeddable":true,"href":"https:\/\/turkiyemhaber.com\/index.php?rest_route=\/wp\/v2\/media\/1943"}],"wp:attachment":[{"href":"https:\/\/turkiyemhaber.com\/index.php?rest_route=%2Fwp%2Fv2%2Fmedia&parent=1942"}],"wp:term":[{"taxonomy":"category","embeddable":true,"href":"https:\/\/turkiyemhaber.com\/index.php?rest_route=%2Fwp%2Fv2%2Fcategories&post=1942"},{"taxonomy":"post_tag","embeddable":true,"href":"https:\/\/turkiyemhaber.com\/index.php?rest_route=%2Fwp%2Fv2%2Ftags&post=1942"}],"curies":[{"name":"wp","href":"https:\/\/api.w.org\/{rel}","templated":true}]}}