{"id":1939,"date":"2026-05-22T08:01:04","date_gmt":"2026-05-22T08:01:04","guid":{"rendered":"https:\/\/turkiyemhaber.com\/?p=1939"},"modified":"2026-05-22T08:01:09","modified_gmt":"2026-05-22T08:01:09","slug":"gediz-osbde-baskanlik-gorevi-dr-yunus-altingemiye-gecti","status":"publish","type":"post","link":"https:\/\/turkiyemhaber.com\/?p=1939","title":{"rendered":"Gediz OSB&#8217;de ba\u015fkanl\u0131k g\u00f6revi Dr. Yunus Alt\u0131ngemi&#8217;ye ge\u00e7ti"},"content":{"rendered":"\n<p class=\"wp-block-paragraph\">K\u00fctahya Gediz Organize Sanayi B\u00f6lgesi&#8217;nin 7. Ola\u011fan Genel Kurul Toplant\u0131s\u0131&#8217;nda e\u015fit oy sonras\u0131 kura \u00e7ekimiyle Dr. Yunus Alt\u0131ngemi y\u00f6netim kurulu ba\u015fkan\u0131 se\u00e7ildi. OSB&#8217;de 38 firma faaliyet g\u00f6steriyor, 2 bin 500 ki\u015fi istihdam ediliyor.<\/p>\n\n\n\n<p class=\"wp-block-paragraph\">K\u00fctahya&#8217;n\u0131n Gediz il\u00e7esinde faaliyet g\u00f6steren Gediz Organize Sanayi B\u00f6lgesi&#8217;nin 7. Ola\u011fan Genel Kurul Toplant\u0131s\u0131, OSB toplant\u0131 salonunda ger\u00e7ekle\u015ftirildi.<\/p>\n\n\n\n<p class=\"wp-block-paragraph\">Divan Ba\u015fkanl\u0131\u011f\u0131na Yusuf Kaptan&#8217;\u0131n se\u00e7ildi\u011fi kongre, sayg\u0131 duru\u015fu ve \u0130stiklal Mar\u015f\u0131&#8217;n\u0131n okunmas\u0131yla ba\u015flad\u0131. Gediz Organize Sanayi B\u00f6lgesi M\u00fcd\u00fcr\u00fc G\u00f6khan De\u011firmenci taraf\u0131ndan okunan faaliyet raporu oy birli\u011fiyle ibra edildi. Genel kurulda, Gediz OSB&#8217;de 38 firman\u0131n faaliyet g\u00f6sterdi\u011fi ve yakla\u015f\u0131k 2 bin 500 ki\u015fiye istihdam sa\u011fland\u0131\u011f\u0131 bilgisi payla\u015f\u0131ld\u0131.<\/p>\n\n\n\n<p class=\"wp-block-paragraph\">Toplant\u0131da konu\u015fan Gediz Kaymakam\u0131 Emrah Uzun ile Gediz Belediye Ba\u015fkan\u0131 Necdet Akel, organize sanayi b\u00f6lgesinin il\u00e7enin ekonomik geli\u015fimi a\u00e7\u0131s\u0131ndan b\u00fcy\u00fck \u00f6nem ta\u015f\u0131d\u0131\u011f\u0131n\u0131 vurgulad\u0131. Ba\u015fkan adaylar\u0131 Yusuf Naci Cebecio\u011flu ile Dr. Yunus Alt\u0131ngemi de yapt\u0131klar\u0131 konu\u015fmalarda, g\u00f6reve se\u00e7ilmeleri halinde hayata ge\u00e7irmeyi planlad\u0131klar\u0131 projeleri anlatt\u0131. Konu\u015fmalar\u0131n ard\u0131ndan ger\u00e7ekle\u015ftirilen se\u00e7imde 36 \u00fcye oy kulland\u0131. Yap\u0131lan oylamada iki aday e\u015fit oy al\u0131nca, Divan Ba\u015fkanl\u0131\u011f\u0131 taraf\u0131ndan kura \u00e7ekimine gidildi. \u00c7ekilen kura sonucunda Dr. Yunus Alt\u0131ngemi, Gediz Organize Sanayi B\u00f6lgesi&#8217;nin yeni Y\u00f6netim Kurulu Ba\u015fkan\u0131 oldu.<\/p>\n\n\n\n<p class=\"wp-block-paragraph\">Se\u00e7im sonras\u0131 te\u015fekk\u00fcr konu\u015fmas\u0131 yapan Alt\u0131ngemi, birlik ve beraberlik mesaj\u0131 vererek \u015funlar\u0131 s\u00f6yledi:<\/p>\n\n\n\n<p class=\"wp-block-paragraph\">&#8220;\u0130n\u015fallah birlik beraberlik i\u00e7inde organize sanayi b\u00f6lgemizi en g\u00fczel yerlere ta\u015f\u0131yaca\u011f\u0131z. Y\u00f6netim kurulu \u00fcyelerimizle birlikte hi\u00e7bir sanayicimizi ayr\u0131\u015ft\u0131rmadan, ticaretimizi art\u0131rmak ve ihtiya\u00e7 duyan sanayicilerimizin yan\u0131nda olmak i\u00e7in \u00e7al\u0131\u015faca\u011f\u0131z. OSB&#8217;mizi \u00e7ok daha g\u00fczel noktalara ta\u015f\u0131yaca\u011f\u0131m\u0131za inan\u0131yorum.&#8221;<\/p>\n\n\n\n<p class=\"wp-block-paragraph\">Dr. Yunus Alt\u0131ngemi ba\u015fkanl\u0131\u011f\u0131ndaki yeni y\u00f6netim kurulunda Tolgahan T\u00fcrk, Beyhan Koyuncu, S\u00fcleyman Serol Alpar, Onur G\u00fcng\u00f6r, Soykan Bayrak, Cengiz \u00d6n\u00fcnd\u00fcr, S\u00fcleyman Akg\u00fcn ve Recep Bilir yer ald\u0131. &#8211; K\u00dcTAHYA<\/p>\n","protected":false},"excerpt":{"rendered":"<p>K\u00fctahya Gediz Organize Sanayi B\u00f6lgesi&#8217;nin 7. Ola\u011fan Genel Kurul Toplant\u0131s\u0131&#8217;nda e\u015fit oy sonras\u0131 kura \u00e7ekimiyle<\/p>\n","protected":false},"author":1,"featured_media":1940,"comment_status":"open","ping_status":"open","sticky":false,"template":"","format":"standard","meta":{"_rtcl_gb_attr":"","footnotes":""},"categories":[14],"tags":[],"class_list":["post-1939","post","type-post","status-publish","format-standard","has-post-thumbnail","hentry","category-ekonomi"],"_links":{"self":[{"href":"https:\/\/turkiyemhaber.com\/index.php?rest_route=\/wp\/v2\/posts\/1939","targetHints":{"allow":["GET"]}}],"collection":[{"href":"https:\/\/turkiyemhaber.com\/index.php?rest_route=\/wp\/v2\/posts"}],"about":[{"href":"https:\/\/turkiyemhaber.com\/index.php?rest_route=\/wp\/v2\/types\/post"}],"author":[{"embeddable":true,"href":"https:\/\/turkiyemhaber.com\/index.php?rest_route=\/wp\/v2\/users\/1"}],"replies":[{"embeddable":true,"href":"https:\/\/turkiyemhaber.com\/index.php?rest_route=%2Fwp%2Fv2%2Fcomments&post=1939"}],"version-history":[{"count":1,"href":"https:\/\/turkiyemhaber.com\/index.php?rest_route=\/wp\/v2\/posts\/1939\/revisions"}],"predecessor-version":[{"id":1941,"href":"https:\/\/turkiyemhaber.com\/index.php?rest_route=\/wp\/v2\/posts\/1939\/revisions\/1941"}],"wp:featuredmedia":[{"embeddable":true,"href":"https:\/\/turkiyemhaber.com\/index.php?rest_route=\/wp\/v2\/media\/1940"}],"wp:attachment":[{"href":"https:\/\/turkiyemhaber.com\/index.php?rest_route=%2Fwp%2Fv2%2Fmedia&parent=1939"}],"wp:term":[{"taxonomy":"category","embeddable":true,"href":"https:\/\/turkiyemhaber.com\/index.php?rest_route=%2Fwp%2Fv2%2Fcategories&post=1939"},{"taxonomy":"post_tag","embeddable":true,"href":"https:\/\/turkiyemhaber.com\/index.php?rest_route=%2Fwp%2Fv2%2Ftags&post=1939"}],"curies":[{"name":"wp","href":"https:\/\/api.w.org\/{rel}","templated":true}]}}