{"id":1937,"date":"2026-05-22T07:59:33","date_gmt":"2026-05-22T07:59:33","guid":{"rendered":"https:\/\/turkiyemhaber.com\/?p=1937"},"modified":"2026-05-22T07:59:37","modified_gmt":"2026-05-22T07:59:37","slug":"finansal-istikrar-komitesi-turkiye-ekonomisi-soklara-karsi-dayanikli","status":"publish","type":"post","link":"https:\/\/turkiyemhaber.com\/?p=1937","title":{"rendered":"Finansal \u0130stikrar Komitesi: T\u00fcrkiye ekonomisi \u015foklara kar\u015f\u0131 dayan\u0131kl\u0131"},"content":{"rendered":"\n<p class=\"wp-block-paragraph\">CHP kurultay\u0131na ili\u015fkin verilen \u201cmutlak butlan\u201d karar\u0131n\u0131n ard\u0131ndan piyasalarda sert sat\u0131\u015f dalgas\u0131 ya\u015fand\u0131. Borsa \u0130stanbul\u2019da d\u00fc\u015f\u00fc\u015f y\u00fczde 6\u2019y\u0131 a\u015farken devre kesici sistemi devreye girdi. Geli\u015fmeler sonras\u0131 Hazine ve Maliye Bakan\u0131 Mehmet \u015eim\u015fek ba\u015fkanl\u0131\u011f\u0131nda Finansal \u0130stikrar Komitesi ola\u011fan\u00fcst\u00fc topland\u0131. Toplant\u0131 sonras\u0131 yay\u0131mlanan raporda &#8220;T\u00fcrkiye ekonomisinin \u015foklara kar\u015f\u0131 \u00f6nemli \u00f6l\u00e7\u00fcde diren\u00e7li oldu\u011fu de\u011ferlendirildi&#8221; ifadeleri yer ald\u0131.<\/p>\n\n\n\n<p class=\"wp-block-paragraph\">CHP kurultay\u0131na ili\u015fkin verilen \u201cmutlak butlan\u201d karar\u0131n\u0131n ard\u0131ndan piyasalarda ya\u015fanan sert dalgalanma&nbsp;<a href=\"https:\/\/www.sondakika.com\/ekonomi\/\">ekonomi<\/a>&nbsp;y\u00f6netimini alarma ge\u00e7irdi. Hazine ve Maliye Bakan\u0131&nbsp;<a href=\"https:\/\/www.sondakika.com\/mehmet-simsek-2\/\">Mehmet \u015eim\u015fek<\/a>&nbsp;ba\u015fkanl\u0131\u011f\u0131nda Finansal \u0130stikrar Komitesi ola\u011fan\u00fcst\u00fc topland\u0131.<\/p>\n\n\n\n<p class=\"wp-block-paragraph\">Toplant\u0131da, finansal piyasalarda ya\u015fanan son geli\u015fmelerin ekonomi \u00fczerindeki etkileri ve piyasalardaki oynakl\u0131\u011f\u0131n azalt\u0131lmas\u0131 i\u00e7in at\u0131labilecek ad\u0131mlar ele al\u0131nd\u0131.&nbsp;<\/p>\n\n\n\n<h3 class=\"wp-block-heading\">OLA\u011eAN\u00dcST\u00dc TOPLANTI SONRASI RAPOR A\u00c7IKLANDI<\/h3>\n\n\n\n<p class=\"wp-block-paragraph\">Zirve sonras\u0131 yay\u0131mlanan raporda ise \u015fu ifadeler yer ald\u0131; &#8220;Finansal \u0130stikrar Komitesi Hazine ve Maliye Bakan\u0131m\u0131z Sn.&nbsp;<a href=\"https:\/\/www.sondakika.com\/mehmet-simsek\/\">Mehmet \u015eim\u015fek<\/a>&nbsp;ba\u015fkanl\u0131\u011f\u0131nda 22 May\u0131s 2026 tarihinde toplanm\u0131\u015ft\u0131r. Toplant\u0131da, yurti\u00e7i ve yurtd\u0131\u015f\u0131 geli\u015fmelerin finansal piyasalara muhtemel etkileri ve al\u0131nabilecek tedbirler kapsaml\u0131 bir \u015fekilde ele al\u0131nm\u0131\u015ft\u0131r.<\/p>\n\n\n\n<h3 class=\"wp-block-heading\">&#8220;GEREKL\u0130 T\u00dcM ADIMLAR E\u015eG\u00dcD\u00dcM \u0130\u00c7\u0130NDE ATILACAK&#8221;<\/h3>\n\n\n\n<p class=\"wp-block-paragraph\">Komite, T\u00fcrkiye ekonomisinin sa\u011fl\u0131kl\u0131 politika \u00e7er\u00e7evesi ve g\u00fc\u00e7l\u00fc sermaye tamponlar\u0131 sayesinde \u015foklara kar\u015f\u0131 \u00f6nemli \u00f6l\u00e7\u00fcde diren\u00e7li oldu\u011funu de\u011ferlendirmi\u015ftir.<\/p>\n\n\n\n<p class=\"wp-block-paragraph\">Makrofinansal istikrar\u0131n korunmas\u0131, dezenflasyon s\u00fcrecinin kesintisiz devam\u0131 ve finansal sistemin sa\u011fl\u0131kl\u0131 i\u015fleyi\u015fi i\u00e7in gerekli t\u00fcm ad\u0131mlar\u0131n tam bir e\u015fg\u00fcd\u00fcm i\u00e7inde at\u0131lmas\u0131n\u0131 kararla\u015ft\u0131rm\u0131\u015ft\u0131r.&nbsp;Komite, t\u00fcm geli\u015fmeleri anl\u0131k ve yak\u0131ndan izlemeye devam edecektir.&#8221;<\/p>\n\n\n\n<figure class=\"wp-block-image\"><img decoding=\"async\" src=\"https:\/\/foto.sondakika.com\/haber\/2026\/05\/22\/finansal-istikrar-komitesi-top-19870440-6537_1_m.jpg\" alt=\"Finansal \u0130stikrar Komitesi: T\u00fcrkiye ekonomisi \u015foklara kar\u015f\u0131 dayan\u0131kl\u0131\"\/><\/figure>\n\n\n\n<h3 class=\"wp-block-heading\">BORSA \u0130STANBUL\u2019DA DEVRE KES\u0130C\u0130 \u00c7ALI\u015eTI<\/h3>\n\n\n\n<p class=\"wp-block-paragraph\">&#8220;Mutlak butlan&#8221; karar\u0131n\u0131n ard\u0131ndan Borsa \u0130stanbul\u2019da sert sat\u0131\u015f bask\u0131s\u0131 olu\u015ftu. BIST 100 endeksi g\u00fcn\u00fc y\u00fczde 6\u2019n\u0131n \u00fczerinde kay\u0131pla tamamlarken, d\u00fc\u015f\u00fc\u015f nedeniyle devre kesici sistemi devreye girdi. G\u00fcnl\u00fck i\u015flem hacmi 163,2 milyar liraya ula\u015f\u0131rken en b\u00fcy\u00fck kay\u0131p bankac\u0131l\u0131k hisselerinde ya\u015fand\u0131.&nbsp;Bankac\u0131l\u0131k endeksi y\u00fczde 8,63 gerilerken, holding endeksi y\u00fczde 6,07 de\u011fer kaybetti. T\u00fcm sekt\u00f6r endeksleri g\u00fcn\u00fc ekside kapatt\u0131.<\/p>\n\n\n\n<h3 class=\"wp-block-heading\">BLOOMBERG: 6 M\u0130LYAR DOLARLIK M\u00dcDAHALE<\/h3>\n\n\n\n<p class=\"wp-block-paragraph\">Bloomberg\u2019in piyasa kaynaklar\u0131na dayand\u0131rd\u0131\u011f\u0131 haberde ise kamu bankalar\u0131n\u0131n yakla\u015f\u0131k 6 milyar dolarl\u0131k d\u00f6viz sat\u0131\u015f\u0131 yapt\u0131\u011f\u0131 \u00f6ne s\u00fcr\u00fcld\u00fc. M\u00fcdahalenin b\u00fcy\u00fck b\u00f6l\u00fcm\u00fcn\u00fcn karar\u0131n a\u00e7\u0131klanmas\u0131n\u0131n hemen ard\u0131ndan ger\u00e7ekle\u015fti\u011fi belirtildi.&nbsp;ABD\u2019de i\u015flem g\u00f6ren ve T\u00fcrkiye piyasalar\u0131na yat\u0131r\u0131m imkan\u0131 sunan iShares MSCI Turkey ETF\u2019nin de yakla\u015f\u0131k y\u00fczde 10 de\u011fer kaybetti\u011fi aktar\u0131ld\u0131.<\/p>\n\n\n\n<h3 class=\"wp-block-heading\">MAHKEME KARARI P\u0130YASALARI SARSTI<\/h3>\n\n\n\n<p class=\"wp-block-paragraph\">Ankara B\u00f6lge Adliye Mahkemesi 36. Hukuk Dairesi, CHP\u2019nin 38. Ola\u011fan Kurultay\u0131 ile \u0130stanbul \u0130l Kongresi\u2019ni \u201cmutlak butlan\u201d gerek\u00e7esiyle iptal etmi\u015fti. Mahkeme, mevcut Genel Ba\u015fkan \u00d6zg\u00fcr \u00d6zel ve parti y\u00f6netiminin tedbiren g\u00f6revden uzakla\u015ft\u0131r\u0131lmas\u0131na h\u00fckmederken, Kemal K\u0131l\u0131\u00e7daro\u011flu ve \u00f6nceki parti y\u00f6netiminin g\u00f6revlerine devam etmesine karar vermi\u015fti. Karar\u0131n ard\u0131ndan siyasette oldu\u011fu kadar piyasalarda da sert yank\u0131lar olu\u015ftu.<\/p>\n","protected":false},"excerpt":{"rendered":"<p>CHP kurultay\u0131na ili\u015fkin verilen \u201cmutlak butlan\u201d karar\u0131n\u0131n ard\u0131ndan piyasalarda sert sat\u0131\u015f dalgas\u0131 ya\u015fand\u0131. Borsa \u0130stanbul\u2019da<\/p>\n","protected":false},"author":1,"featured_media":1923,"comment_status":"open","ping_status":"open","sticky":false,"template":"","format":"standard","meta":{"_rtcl_gb_attr":"","footnotes":""},"categories":[14],"tags":[],"class_list":["post-1937","post","type-post","status-publish","format-standard","has-post-thumbnail","hentry","category-ekonomi"],"_links":{"self":[{"href":"https:\/\/turkiyemhaber.com\/index.php?rest_route=\/wp\/v2\/posts\/1937","targetHints":{"allow":["GET"]}}],"collection":[{"href":"https:\/\/turkiyemhaber.com\/index.php?rest_route=\/wp\/v2\/posts"}],"about":[{"href":"https:\/\/turkiyemhaber.com\/index.php?rest_route=\/wp\/v2\/types\/post"}],"author":[{"embeddable":true,"href":"https:\/\/turkiyemhaber.com\/index.php?rest_route=\/wp\/v2\/users\/1"}],"replies":[{"embeddable":true,"href":"https:\/\/turkiyemhaber.com\/index.php?rest_route=%2Fwp%2Fv2%2Fcomments&post=1937"}],"version-history":[{"count":1,"href":"https:\/\/turkiyemhaber.com\/index.php?rest_route=\/wp\/v2\/posts\/1937\/revisions"}],"predecessor-version":[{"id":1938,"href":"https:\/\/turkiyemhaber.com\/index.php?rest_route=\/wp\/v2\/posts\/1937\/revisions\/1938"}],"wp:featuredmedia":[{"embeddable":true,"href":"https:\/\/turkiyemhaber.com\/index.php?rest_route=\/wp\/v2\/media\/1923"}],"wp:attachment":[{"href":"https:\/\/turkiyemhaber.com\/index.php?rest_route=%2Fwp%2Fv2%2Fmedia&parent=1937"}],"wp:term":[{"taxonomy":"category","embeddable":true,"href":"https:\/\/turkiyemhaber.com\/index.php?rest_route=%2Fwp%2Fv2%2Fcategories&post=1937"},{"taxonomy":"post_tag","embeddable":true,"href":"https:\/\/turkiyemhaber.com\/index.php?rest_route=%2Fwp%2Fv2%2Ftags&post=1937"}],"curies":[{"name":"wp","href":"https:\/\/api.w.org\/{rel}","templated":true}]}}