{"id":1934,"date":"2026-05-22T07:58:06","date_gmt":"2026-05-22T07:58:06","guid":{"rendered":"https:\/\/turkiyemhaber.com\/?p=1934"},"modified":"2026-05-22T07:58:10","modified_gmt":"2026-05-22T07:58:10","slug":"bayburtta-kurbanlik-satislari-bugun-basladi","status":"publish","type":"post","link":"https:\/\/turkiyemhaber.com\/?p=1934","title":{"rendered":"Bayburt&#8217;ta kurbanl\u0131k sat\u0131\u015flar\u0131 bug\u00fcn ba\u015flad\u0131"},"content":{"rendered":"\n<p class=\"wp-block-paragraph\">Bayburt&#8217;ta kurbanl\u0131k hayvan sat\u0131\u015flar\u0131 canl\u0131 hayvan pazar\u0131nda ba\u015flad\u0131. Belediye sa\u011fl\u0131k, g\u00fcvenlik ve temizlik \u00f6nlemleri al\u0131rken, kesim alanlar\u0131 da belirlendi.<\/p>\n\n\n\n<p class=\"wp-block-paragraph\">Bayburt&#8217;ta kurbanl\u0131k hayvan sat\u0131\u015flar\u0131, canl\u0131 hayvan pazar\u0131nda ba\u015flad\u0131. Kentteki tek kurbanl\u0131k sat\u0131\u015f noktas\u0131 olan pazar, bayram\u0131n \u00fc\u00e7\u00fcnc\u00fc g\u00fcn\u00fcne kadar a\u00e7\u0131k kalacak.<\/p>\n\n\n\n<p class=\"wp-block-paragraph\">Bayburt Belediyesi, vatanda\u015flar\u0131n kurbanl\u0131k al\u0131\u015fveri\u015fini g\u00fcvenli ve sa\u011fl\u0131kl\u0131 \u015fekilde yapabilmesi i\u00e7in hayvan pazar\u0131nda bir dizi \u00f6nlem ald\u0131. Pazarda kurbanl\u0131k hayvanlar\u0131n sa\u011fl\u0131k kontrolleri d\u00fczenli olarak yap\u0131lacak, \u00f6zellikle di\u015fi hayvanlara y\u00f6nelik gebelik muayeneleri veteriner hekimler taraf\u0131ndan ger\u00e7ekle\u015ftirilecek.<\/p>\n\n\n\n<p class=\"wp-block-paragraph\">Al\u0131\u015fveri\u015f s\u0131ras\u0131nda sahte para kullan\u0131m\u0131n\u0131n ve ya\u015fanabilecek tart\u0131\u015fmalar\u0131n \u00f6n\u00fcne ge\u00e7ilmesi i\u00e7in emniyet ve zab\u0131ta ekipleri de alanda koordineli \u015fekilde g\u00f6rev alacak. Vatanda\u015flara kantar hizmeti verilecek pazarda, mobil bankac\u0131l\u0131k i\u015flemlerinin kolay yap\u0131labilmesi i\u00e7in \u00fccretsiz Wi-Fi hizmeti de sunulacak.<\/p>\n\n\n\n<p class=\"wp-block-paragraph\">Veteriner \u0130\u015fleri M\u00fcd\u00fcrl\u00fc\u011f\u00fc, bayram s\u00fcresince ka\u00e7an kurbanl\u0131k hayvanlara m\u00fcdahale etmek i\u00e7in \u00f6zel ekip olu\u015fturdu. Sakinle\u015ftirici i\u011fne kullanabilecek donan\u0131ma sahip ekipler, gelen ihbarlara k\u0131sa s\u00fcrede m\u00fcdahale edecek.<\/p>\n\n\n\n<p class=\"wp-block-paragraph\">Kurban Komisyonu taraf\u0131ndan kent genelindeki resmi kesim alanlar\u0131 da a\u00e7\u0131kland\u0131. Buna g\u00f6re kurban kesimleri; Bayburt Belediyesi Mezbahas\u0131, \u015eingah Mahallesi Do\u011fan Sokak&#8217;taki bo\u015f arazi, K\u00f6ro\u011flu \u00c7iftli\u011fi, Murat \u00d6nal&#8217;a ait kesim alan\u0131, Salih Altun&#8217;a ait mand\u0131ra, Bayburt Belediyesi Tar\u0131m Yerle\u015fkesi Hayvan Pazar\u0131, Hakan Kesen&#8217;e ait hayvan \u00e7iftli\u011fi, Ya\u015far K\u00fc\u00e7\u00fck&#8217;e ait mand\u0131ra, Muradiye Yurdu, Can Bayrak \u00c7iftli\u011fi ile Hanefi Sansu&#8217;ya ait mand\u0131rada yap\u0131labilecek.<\/p>\n\n\n\n<p class=\"wp-block-paragraph\">Komisyon, belirlenen alanlar d\u0131\u015f\u0131nda kurban kesimine izin verilmeyece\u011fini bildirdi.<\/p>\n\n\n\n<p class=\"wp-block-paragraph\">Temizlik \u0130\u015fleri M\u00fcd\u00fcrl\u00fc\u011f\u00fc ekipleri de kesim alanlar\u0131nda g\u00f6rev yapacak. Ekipler, alanlarda temizlik ve sterilizasyon \u00e7al\u0131\u015fmas\u0131 yaparak, kesim sonras\u0131 olu\u015fan at\u0131klar\u0131 d\u00fczenli \u015fekilde bertaraf edecek. &#8211; BAYBURT<\/p>\n","protected":false},"excerpt":{"rendered":"<p>Bayburt&#8217;ta kurbanl\u0131k hayvan sat\u0131\u015flar\u0131 canl\u0131 hayvan pazar\u0131nda ba\u015flad\u0131. Belediye sa\u011fl\u0131k, g\u00fcvenlik ve temizlik \u00f6nlemleri al\u0131rken,<\/p>\n","protected":false},"author":1,"featured_media":1935,"comment_status":"open","ping_status":"open","sticky":false,"template":"","format":"standard","meta":{"_rtcl_gb_attr":"","footnotes":""},"categories":[1],"tags":[],"class_list":["post-1934","post","type-post","status-publish","format-standard","has-post-thumbnail","hentry","category-http-turkiyemhaber-com-wp-content-uploads-2026-03-saray-59-haber-13-mart-pdf"],"_links":{"self":[{"href":"https:\/\/turkiyemhaber.com\/index.php?rest_route=\/wp\/v2\/posts\/1934","targetHints":{"allow":["GET"]}}],"collection":[{"href":"https:\/\/turkiyemhaber.com\/index.php?rest_route=\/wp\/v2\/posts"}],"about":[{"href":"https:\/\/turkiyemhaber.com\/index.php?rest_route=\/wp\/v2\/types\/post"}],"author":[{"embeddable":true,"href":"https:\/\/turkiyemhaber.com\/index.php?rest_route=\/wp\/v2\/users\/1"}],"replies":[{"embeddable":true,"href":"https:\/\/turkiyemhaber.com\/index.php?rest_route=%2Fwp%2Fv2%2Fcomments&post=1934"}],"version-history":[{"count":1,"href":"https:\/\/turkiyemhaber.com\/index.php?rest_route=\/wp\/v2\/posts\/1934\/revisions"}],"predecessor-version":[{"id":1936,"href":"https:\/\/turkiyemhaber.com\/index.php?rest_route=\/wp\/v2\/posts\/1934\/revisions\/1936"}],"wp:featuredmedia":[{"embeddable":true,"href":"https:\/\/turkiyemhaber.com\/index.php?rest_route=\/wp\/v2\/media\/1935"}],"wp:attachment":[{"href":"https:\/\/turkiyemhaber.com\/index.php?rest_route=%2Fwp%2Fv2%2Fmedia&parent=1934"}],"wp:term":[{"taxonomy":"category","embeddable":true,"href":"https:\/\/turkiyemhaber.com\/index.php?rest_route=%2Fwp%2Fv2%2Fcategories&post=1934"},{"taxonomy":"post_tag","embeddable":true,"href":"https:\/\/turkiyemhaber.com\/index.php?rest_route=%2Fwp%2Fv2%2Ftags&post=1934"}],"curies":[{"name":"wp","href":"https:\/\/api.w.org\/{rel}","templated":true}]}}